{"id":93989,"date":"2026-01-04T08:10:08","date_gmt":"2026-01-04T08:10:08","guid":{"rendered":"https:\/\/www.europesays.com\/lv\/93989\/"},"modified":"2026-01-04T08:10:08","modified_gmt":"2026-01-04T08:10:08","slug":"no-tiem-visiem-sucas-dusmas-un-skaudiba-zurnalists-atklaj-asv-iebrukuma-venecuela-ietekmi-uz-krieviju","status":"publish","type":"post","link":"https:\/\/www.europesays.com\/lv\/93989\/","title":{"rendered":"\u201cNo tiem visiem s\u016bcas dusmas un skaud\u012bba,\u201d \u017eurn\u0101lists atkl\u0101j ASV iebrukuma Venecu\u0113l\u0101 ietekmi uz Krieviju"},"content":{"rendered":"<p>    <img decoding=\"async\" src=\"https:\/\/www.europesays.com\/lv\/wp-content\/uploads\/2025\/09\/12317240-1024x654.jpg\" alt=\"&#10;\"\/><\/p>\n<p>Foto. Scanpix\/LETA\/EPA\/YURI KOCHETKOV\n<\/p>\n<p>ASV \u0101tri un bez zaud\u0113jumiem \u012bstenot\u0101 oper\u0101cija Venecu\u0113l\u0101 izgaismoja Krievijas probl\u0113mas kar\u0101 Ukrain\u0101 un k\u013cuva par \u201cp\u013cauku\u201d Vladimiram Putinam, uzskata politikas koment\u0113t\u0101js Ivans Jakovina. S\u012bk\u0101k par to raksta \u201cDialog.ua\u201d.<\/p>\n<p>        Las\u012bt\u0101kie<br \/>\n        <a data-imagesrc=\"{&quot;300&quot;:&quot;https:\\\/\\\/lastatic.ams3.cdn.digitaloceanspaces.com\\\/2019\\\/09\\\/AFP_1KO30T-1-300x200.jpg&quot;,&quot;768&quot;:&quot;https:\\\/\\\/lastatic.ams3.cdn.digitaloceanspaces.com\\\/2019\\\/09\\\/AFP_1KO30T-1-768x511.jpg&quot;,&quot;200&quot;:&quot;https:\\\/\\\/lastatic.ams3.cdn.digitaloceanspaces.com\\\/2019\\\/09\\\/AFP_1KO30T-1-200x133.jpg&quot;,&quot;400&quot;:&quot;https:\\\/\\\/lastatic.ams3.cdn.digitaloceanspaces.com\\\/2019\\\/09\\\/AFP_1KO30T-1-400x266.jpg&quot;,&quot;500&quot;:&quot;https:\\\/\\\/lastatic.ams3.cdn.digitaloceanspaces.com\\\/2019\\\/09\\\/AFP_1KO30T-1-500x333.jpg&quot;,&quot;800&quot;:&quot;https:\\\/\\\/lastatic.ams3.cdn.digitaloceanspaces.com\\\/2019\\\/09\\\/AFP_1KO30T-1-800x532.jpg&quot;,&quot;1000&quot;:&quot;https:\\\/\\\/lastatic.ams3.cdn.digitaloceanspaces.com\\\/2019\\\/09\\\/AFP_1KO30T-1.jpg&quot;}\" data-focuspoint=\"&quot;&quot;\" data-p=\"2487920\" href=\"https:\/\/www.la.lv\/putinam-pietuvinatais-miljardieris-deripaska-atklaj-ka-krievijai-bus-sapigas-sekas-ja-asv-paplasinas-ietekmi-venecuela\" class=\"content-item lazy-load\" wp_automatic_readability=\"27.5\" rel=\"nofollow noopener\" target=\"_blank\"><\/p>\n<p>                                <img decoding=\"async\" src=\"\" alt=\"\" style=\"\" data-imageid=\"\"\/><\/p>\n<p>\n                                                Putinam pietuvin\u0101tais miljardieris Deripaska atkl\u0101j, ka Krievijai b\u016bs s\u0101p\u012bgas sekas, ja ASV papla\u0161in\u0101s ietekmi Venecu\u0113l\u0101\n                            <\/p>\n<p><\/a><a data-imagesrc=\"{&quot;300&quot;:&quot;https:\\\/\\\/lastatic.ams3.cdn.digitaloceanspaces.com\\\/2015\\\/01\\\/VWPassatB6_11-300x200.jpg&quot;,&quot;80&quot;:&quot;https:\\\/\\\/lastatic.ams3.cdn.digitaloceanspaces.com\\\/2015\\\/01\\\/VWPassatB6_11-80x48.jpg&quot;,&quot;112&quot;:&quot;https:\\\/\\\/lastatic.ams3.cdn.digitaloceanspaces.com\\\/2015\\\/01\\\/VWPassatB6_11-112x64.jpg&quot;,&quot;664&quot;:&quot;https:\\\/\\\/lastatic.ams3.cdn.digitaloceanspaces.com\\\/2015\\\/01\\\/VWPassatB6_11-664x443.jpg&quot;,&quot;239&quot;:&quot;https:\\\/\\\/lastatic.ams3.cdn.digitaloceanspaces.com\\\/2015\\\/01\\\/VWPassatB6_11-239x160.jpg&quot;,&quot;263&quot;:&quot;https:\\\/\\\/lastatic.ams3.cdn.digitaloceanspaces.com\\\/2015\\\/01\\\/VWPassatB6_11-263x175.jpg&quot;,&quot;506&quot;:&quot;https:\\\/\\\/lastatic.ams3.cdn.digitaloceanspaces.com\\\/2015\\\/01\\\/VWPassatB6_11-506x338.jpg&quot;,&quot;118&quot;:&quot;https:\\\/\\\/lastatic.ams3.cdn.digitaloceanspaces.com\\\/2015\\\/01\\\/VWPassatB6_11-118x70.jpg&quot;,&quot;348&quot;:&quot;https:\\\/\\\/lastatic.ams3.cdn.digitaloceanspaces.com\\\/2015\\\/01\\\/VWPassatB6_11-348x225.jpg&quot;,&quot;640&quot;:&quot;https:\\\/\\\/lastatic.ams3.cdn.digitaloceanspaces.com\\\/2015\\\/01\\\/VWPassatB6_11-640x534.jpg&quot;,&quot;90&quot;:&quot;https:\\\/\\\/lastatic.ams3.cdn.digitaloceanspaces.com\\\/2015\\\/01\\\/VWPassatB6_11-90x58.jpg&quot;,&quot;800&quot;:&quot;https:\\\/\\\/lastatic.ams3.cdn.digitaloceanspaces.com\\\/2015\\\/01\\\/VWPassatB6_11.jpg&quot;}\" data-focuspoint=\"&quot;&quot;\" data-p=\"2485867\" href=\"https:\/\/www.la.lv\/ja-tev-pieder-kada-no-sim-7-automasinam-iespejams-ir-istais-bridis-sakt-domat-par-pardosanu\" class=\"content-item lazy-load\" wp_automatic_readability=\"27.5\" rel=\"nofollow noopener\" target=\"_blank\"><\/p>\n<p>                                <img decoding=\"async\" src=\"\" alt=\"\" style=\"\" data-imageid=\"\"\/><\/p>\n<p>\n                                                Ja tev pieder k\u0101da no \u0161\u012bm 7 automa\u0161\u012bn\u0101m, iesp\u0113jams, ir \u012bstais br\u012bdis s\u0101kt dom\u0101t par p\u0101rdo\u0161anu\n                            <\/p>\n<p><\/a><a data-imagesrc=\"{&quot;300&quot;:&quot;https:\\\/\\\/lastatic.ams3.cdn.digitaloceanspaces.com\\\/2025\\\/06\\\/tests-8-300x188.png&quot;,&quot;1024&quot;:&quot;https:\\\/\\\/lastatic.ams3.cdn.digitaloceanspaces.com\\\/2025\\\/06\\\/tests-8-1024x640.png&quot;,&quot;768&quot;:&quot;https:\\\/\\\/lastatic.ams3.cdn.digitaloceanspaces.com\\\/2025\\\/06\\\/tests-8-768x480.png&quot;,&quot;1536&quot;:&quot;https:\\\/\\\/lastatic.ams3.cdn.digitaloceanspaces.com\\\/2025\\\/06\\\/tests-8-1536x960.png&quot;,&quot;200&quot;:&quot;https:\\\/\\\/lastatic.ams3.cdn.digitaloceanspaces.com\\\/2025\\\/06\\\/tests-8-200x125.png&quot;,&quot;400&quot;:&quot;https:\\\/\\\/lastatic.ams3.cdn.digitaloceanspaces.com\\\/2025\\\/06\\\/tests-8-400x250.png&quot;,&quot;500&quot;:&quot;https:\\\/\\\/lastatic.ams3.cdn.digitaloceanspaces.com\\\/2025\\\/06\\\/tests-8-500x313.png&quot;,&quot;800&quot;:&quot;https:\\\/\\\/lastatic.ams3.cdn.digitaloceanspaces.com\\\/2025\\\/06\\\/tests-8-800x500.png&quot;,&quot;1000&quot;:&quot;https:\\\/\\\/lastatic.ams3.cdn.digitaloceanspaces.com\\\/2025\\\/06\\\/tests-8-1000x625.png&quot;,&quot;1600&quot;:&quot;https:\\\/\\\/lastatic.ams3.cdn.digitaloceanspaces.com\\\/2025\\\/06\\\/tests-8.png&quot;}\" data-focuspoint=\"&quot;&quot;\" data-p=\"2487942\" href=\"https:\/\/www.la.lv\/dazi-tas-uzskata-par-divainibam-septinas-uzvedibas-pazimes-kas-liecina-ka-esat-genijs\" class=\"content-item lazy-load\" wp_automatic_readability=\"27.5\" rel=\"nofollow noopener\" target=\"_blank\"><\/p>\n<p>                                <img decoding=\"async\" src=\"\" alt=\"\" style=\"\" data-imageid=\"\"\/><\/p>\n<p>\n                                                Da\u017ei t\u0101s uzskata par d\u012bvain\u012bb\u0101m \u2013 septi\u0146as uzved\u012bbas paz\u012bmes, kas liecina, ka esat \u0123\u0113nijs\n                            <\/p>\n<p><\/a><br \/>\n        <a class=\"read-more\" href=\"https:\/\/www.la.lv\/top\" rel=\"nofollow noopener\" target=\"_blank\">Las\u012bt citas zi\u0146as<\/a><\/p>\n<p>Krievija jau ceturto gadu karo Ukrain\u0101 un nesp\u0113j sasniegt re\u0101lus rezult\u0101tus, savuk\u0101rt Amerikas Savienot\u0101s Valstis \u0101tri un bez dz\u012bv\u0101 sp\u0113ka zaud\u0113jumiem veica oper\u0101ciju Venecu\u0113las prezidenta sag\u016bst\u012b\u0161anai, un tas aizsk\u0101ra Putina lepnumu, skaidroja Ivans Jakovina. Politikas koment\u0113t\u0101js savu viedokli pauda \u201cYouTube\u201d kan\u0101l\u0101.<\/p>\n<p>\u017durn\u0101lists atbild\u0113ja uz jaut\u0101jumu, cik s\u0101p\u012bgi Putinam bija uzzin\u0101t par Maduro sag\u016bst\u012b\u0161anu: \u201cEmocion\u0101l\u0101 zi\u0146\u0101, manupr\u0101t, tas ir \u013coti s\u0101p\u012bgi. \u201cSVO\u201d ir tas, ar ko vi\u0146\u0161 dz\u012bvo, burtiski elpo jau \u010detrus gadus, bet Tramps par\u0101d\u012bja, k\u0101 tas ir j\u0101dara, k\u0101 visp\u0101r tas ir j\u0101dara. Tagad esmu las\u012bjis vis\u0101dus Z-kan\u0101lus. No tiem visiem piln\u012bgi s\u016bcas dusmas un skaud\u012bba: vi\u0146i \u013coti skaud\u012bgi raug\u0101s uz amerik\u0101\u0146iem, ka tie sp\u0113ja \u0161o oper\u0101ciju veikt tie\u0161i t\u0101, bez neviena cilv\u0113ka zaud\u0113juma, kam\u0113r Krievijas armija jau vienk\u0101r\u0161i asi\u0146o un ir uz p\u0113d\u0113j\u0101 izelpas.\u201d<\/p>\n<p>    CITI \u0160OBR\u012aD LASA<\/p>\n<p>\u201c\u0160\u012b oper\u0101cija ir spilgts pier\u0101d\u012bjums tam, ka Putins ir absol\u016bti stulbs milit\u0101rais vad\u012bt\u0101js, nekompetents, netalant\u012bgs, nesp\u0113j\u012bgs veikt jebk\u0101das oper\u0101cijas un t\u0101s pl\u0101not, proti, Putins vienk\u0101r\u0161i nav sav\u0101 viet\u0101. Vi\u0146\u0161 ir slikts karavadonis, vi\u0146\u0161 ir slikts prezidents. Pat ja ne\u0146emam v\u0113r\u0101 mor\u0101lo pusi, iebr\u016bkot cit\u0101 valst\u012b, vi\u0146\u0161 vienk\u0101r\u0161i nem\u0101k to izdar\u012bt. Apsargs \u201cPjatero\u010dk\u0101\u201d, kur\u0161, k\u0101 saka, izskat\u0101s p\u0113c vi\u0146a, kad uzvelk milit\u0101ro formu, ac\u012bmredzot ir vi\u0146a kompetences robe\u017ea. Ar to vi\u0146\u0161 v\u0113l var\u0113tu tikt gal\u0101, bet nek\u0101das oper\u0101cijas veikt \u2014 tas nav vi\u0146am,\u201d Jakovina atkl\u0101ja notieko\u0161\u0101 b\u016bt\u012bbu.<\/p>\n<p>T\u0113mas<\/p>\n<p>    SAIST\u012aTIE RAKSTI<\/p>\n","protected":false},"excerpt":{"rendered":"Foto. Scanpix\/LETA\/EPA\/YURI KOCHETKOV ASV \u0101tri un bez zaud\u0113jumiem \u012bstenot\u0101 oper\u0101cija Venecu\u0113l\u0101 izgaismoja Krievijas probl\u0113mas kar\u0101 Ukrain\u0101 un k\u013cuva&hellip;\n","protected":false},"author":2,"featured_media":6472,"comment_status":"","ping_status":"","sticky":false,"template":"","format":"standard","meta":{"footnotes":""},"categories":[5],"tags":[23,28,29,32,33,22,30,31,35,39,38,36,37,34,40,20,26,27,24,25,21],"class_list":{"0":"post-93989","1":"post","2":"type-post","3":"status-publish","4":"format-standard","5":"has-post-thumbnail","7":"category-aktualitates","8":"tag-aktualitates","9":"tag-breaking-news","10":"tag-breakingnews","11":"tag-featured-news","12":"tag-featurednews","13":"tag-headlines","14":"tag-latest-news","15":"tag-latestnews","16":"tag-latvia","17":"tag-latvian","18":"tag-latviesu","19":"tag-latviesu-valoda","20":"tag-latviesuvaloda","21":"tag-latvija","22":"tag-lv","23":"tag-news","24":"tag-popularakas-zinas","25":"tag-popularakaszinas","26":"tag-top-stories","27":"tag-topstories","28":"tag-zinas"},"share_on_mastodon":{"url":"https:\/\/pubeurope.com\/@lv\/115835818684919488","error":""},"_links":{"self":[{"href":"https:\/\/www.europesays.com\/lv\/wp-json\/wp\/v2\/posts\/93989","targetHints":{"allow":["GET"]}}],"collection":[{"href":"https:\/\/www.europesays.com\/lv\/wp-json\/wp\/v2\/posts"}],"about":[{"href":"https:\/\/www.europesays.com\/lv\/wp-json\/wp\/v2\/types\/post"}],"author":[{"embeddable":true,"href":"https:\/\/www.europesays.com\/lv\/wp-json\/wp\/v2\/users\/2"}],"replies":[{"embeddable":true,"href":"https:\/\/www.europesays.com\/lv\/wp-json\/wp\/v2\/comments?post=93989"}],"version-history":[{"count":0,"href":"https:\/\/www.europesays.com\/lv\/wp-json\/wp\/v2\/posts\/93989\/revisions"}],"wp:featuredmedia":[{"embeddable":true,"href":"https:\/\/www.europesays.com\/lv\/wp-json\/wp\/v2\/media\/6472"}],"wp:attachment":[{"href":"https:\/\/www.europesays.com\/lv\/wp-json\/wp\/v2\/media?parent=93989"}],"wp:term":[{"taxonomy":"category","embeddable":true,"href":"https:\/\/www.europesays.com\/lv\/wp-json\/wp\/v2\/categories?post=93989"},{"taxonomy":"post_tag","embeddable":true,"href":"https:\/\/www.europesays.com\/lv\/wp-json\/wp\/v2\/tags?post=93989"}],"curies":[{"name":"wp","href":"https:\/\/api.w.org\/{rel}","templated":true}]}}