{"id":93994,"date":"2026-01-04T08:18:07","date_gmt":"2026-01-04T08:18:07","guid":{"rendered":"https:\/\/www.europesays.com\/lv\/93994\/"},"modified":"2026-01-04T08:18:07","modified_gmt":"2026-01-04T08:18:07","slug":"eiduka-ceturto-reizi-tour-de-ski-loti-grutaja-pedeja-posma-pret-kalnu-ziemas-sports-sportacentrs-com","status":"publish","type":"post","link":"https:\/\/www.europesays.com\/lv\/93994\/","title":{"rendered":"Eiduka ceturto reizi \u201cTour de ski\u201d \u013coti gr\u016btaj\u0101 p\u0113d\u0113j\u0101 posm\u0101 pret kalnu \u2013 Ziemas sports \u2013 Sportacentrs.com"},"content":{"rendered":"<p>Eiduka \u201cTour de ski\u201d piedal\u0101s astoto reizi, bet \u0161\u012b b\u016bs ceturt\u0101 reize, kad pasaules U23 vice\u010dempione no Latvijas m\u0113\u0123in\u0101s pabeigt t\u016bri un start\u0113s \u012bpa\u0161aj\u0101 un tai pat laik\u0101 \u013coti gr\u016btaj\u0101 p\u0113d\u0113j\u0101 posm\u0101, kur nosl\u0113dzo\u0161ie nedaudz vair\u0101k nek\u0101 tr\u012bs kilometri ved aug\u0161up pa kalnu sl\u0113po\u0161anas trasi.<\/p>\n<p>Ar \u0161o p\u0101rbaud\u012bjumu s\u012bkst\u0101 sl\u0113pot\u0101ja no Vecbebriem l\u012bdz  \u0161im ir tikusi gal\u0101 lieliski. Pirmaj\u0101 reiz\u0113 2021.gada janv\u0101r\u012b vi\u0146a sasniedza desmito rezult\u0101tu, kas tobr\u012bd bija otr\u0101 reize PK posmos desmitniek\u0101. No uzvar\u0113t\u0101jas Ebas Andersones Patr\u012bcija atpalika pusotru min\u016bti. Divus gadus v\u0113l\u0101k Eiduka fini\u0161\u0113ja 13. viet\u0101, tikai se\u0161\u0101m sekund\u0113m pietr\u016bkstot l\u012bdz desmitniekam, bet uzvar\u0113t\u0101jai Delf\u012bnei Klod\u0113 piek\u0101pjoties jau maz\u0101k nek\u0101 pusotru min\u016bti \u2013 1:21.<\/p>\n<p>2024.gada janv\u0101r\u012b tre\u0161\u0101 reize san\u0101ca varena. P\u0113d\u0113j\u0101 kilometr\u0101 olimpisko sp\u0113\u013cu 23. vietas ieguv\u0113ja no Latvijas k\u0101pin\u0101ja tempu un bija \u201crokas stiepiena\u201d att\u0101lum\u0101 no pjedest\u0101la. Eiduka ar atk\u0101rtotu PK lab\u0101ko rezult\u0101tu fini\u0161\u0113ja piekt\u0101, tikai tr\u012bs sekundes piek\u0101pjoties trijnieku nosl\u0113gu\u0161ajai Klod\u0113, bet uzvar\u0113t\u0101jai Sofijai Laukli zaud\u0113jot 41 sekundi.<\/p>\n<p>\u0160aj\u0101 t\u016br\u0113 Eiduka atrodas 28. viet\u0101, kas ir t\u0101l\u0101k nek\u0101 citas reizes, ta\u010du ceturto reizi var\u0113s iek\u013c\u016bt lab\u0101ko tr\u012bsdesmitniek\u0101 kopv\u0113rt\u0113jum\u0101. Divdesmitnieks ir min\u016btes att\u0101lum\u0101.<\/p>\n<p>Sievie\u0161u starts paredz\u0113ts plskt.16.30 p\u0113c Latvijas laika.<\/p>\n<p>&#8220;Tour de Ski&#8221; kopv\u0113rt\u0113jums p\u0113c piekt\u0101 posma sieviet\u0113m (Valdifjemma, It\u0101lija)<\/p>\n<tr>VSl\u0113pot\u0101ja (Valsts)Laiks<\/tr>\n<tr class=\"even\">\n<td>1.<\/td>\n<td>D\u017ees\u012b Diginsa (ASV)<\/td>\n<td class=\"ralign\">1:34:12<\/td>\n<\/tr>\n<tr class=\"odd\">\n<td>2.<\/td>\n<td>Jasmi Joens\u016b (Somija)<\/td>\n<td class=\"ralign\">+1:19<\/td>\n<\/tr>\n<tr class=\"even\">\n<td>3.<\/td>\n<td>Mo\u0101 Il\u0101ra (Zviedrija)<\/td>\n<td class=\"ralign\">+1:38<\/td>\n<\/tr>\n<tr class=\"odd\">\n<td>4.<\/td>\n<td>Johanna Matintalo (Somija)<\/td>\n<td class=\"ralign\">+1:39<\/td>\n<\/tr>\n<tr class=\"even\">\n<td>5.<\/td>\n<td>Ter\u0113za \u0160tadlobere (Austrija)<\/td>\n<td class=\"ralign\">+2:09<\/td>\n<\/tr>\n<tr class=\"odd\">\n<td>6.<\/td>\n<td>J\u016blija Bjerviga Drivenesa (Norv\u0113\u0123ija)<\/td>\n<td class=\"ralign\">+2:10<\/td>\n<\/tr>\n<tr class=\"even\">\n<td\/>\n<td\/>\n<td class=\"ralign\"\/><\/tr>\n<tr class=\"odd\">\n<td\/>\n<td\/>\n<td class=\"ralign\"\/><\/tr>\n<tr class=\"even\">\n<td>28.<\/td>\n<td>Patr\u012bcija Eiduka (Latvija)<\/td>\n<td class=\"ralign\">+5:17<\/td>\n<\/tr>\n","protected":false},"excerpt":{"rendered":"Eiduka \u201cTour de ski\u201d piedal\u0101s astoto reizi, bet \u0161\u012b b\u016bs ceturt\u0101 reize, kad pasaules U23 vice\u010dempione no Latvijas&hellip;\n","protected":false},"author":2,"featured_media":91581,"comment_status":"","ping_status":"","sticky":false,"template":"","format":"standard","meta":{"footnotes":""},"categories":[17],"tags":[35,39,38,36,37,34,40,67,620],"class_list":{"0":"post-93994","1":"post","2":"type-post","3":"status-publish","4":"format-standard","5":"has-post-thumbnail","7":"category-sports","8":"tag-latvia","9":"tag-latvian","10":"tag-latviesu","11":"tag-latviesu-valoda","12":"tag-latviesuvaloda","13":"tag-latvija","14":"tag-lv","15":"tag-sports","16":"tag-ziemas-sports"},"share_on_mastodon":{"url":"https:\/\/pubeurope.com\/@lv\/115835850119693528","error":""},"_links":{"self":[{"href":"https:\/\/www.europesays.com\/lv\/wp-json\/wp\/v2\/posts\/93994","targetHints":{"allow":["GET"]}}],"collection":[{"href":"https:\/\/www.europesays.com\/lv\/wp-json\/wp\/v2\/posts"}],"about":[{"href":"https:\/\/www.europesays.com\/lv\/wp-json\/wp\/v2\/types\/post"}],"author":[{"embeddable":true,"href":"https:\/\/www.europesays.com\/lv\/wp-json\/wp\/v2\/users\/2"}],"replies":[{"embeddable":true,"href":"https:\/\/www.europesays.com\/lv\/wp-json\/wp\/v2\/comments?post=93994"}],"version-history":[{"count":0,"href":"https:\/\/www.europesays.com\/lv\/wp-json\/wp\/v2\/posts\/93994\/revisions"}],"wp:featuredmedia":[{"embeddable":true,"href":"https:\/\/www.europesays.com\/lv\/wp-json\/wp\/v2\/media\/91581"}],"wp:attachment":[{"href":"https:\/\/www.europesays.com\/lv\/wp-json\/wp\/v2\/media?parent=93994"}],"wp:term":[{"taxonomy":"category","embeddable":true,"href":"https:\/\/www.europesays.com\/lv\/wp-json\/wp\/v2\/categories?post=93994"},{"taxonomy":"post_tag","embeddable":true,"href":"https:\/\/www.europesays.com\/lv\/wp-json\/wp\/v2\/tags?post=93994"}],"curies":[{"name":"wp","href":"https:\/\/api.w.org\/{rel}","templated":true}]}}