{"id":93999,"date":"2026-01-04T08:24:08","date_gmt":"2026-01-04T08:24:08","guid":{"rendered":"https:\/\/www.europesays.com\/lv\/93999\/"},"modified":"2026-01-04T08:24:08","modified_gmt":"2026-01-04T08:24:08","slug":"hawks-bez-porzinga-piedzivo-zaudejumu-tvnet-sports","status":"publish","type":"post","link":"https:\/\/www.europesays.com\/lv\/93999\/","title":{"rendered":"&quot;Hawks&quot; bez Porzi\u0146\u0123a piedz\u012bvo zaud\u0113jumu &#8211; TVNET Sports"},"content":{"rendered":"<ol>\n<li><a href=\"https:\/\/news.google.com\/rss\/articles\/CBMieEFVX3lxTE9OTDVoa0VFOE94dmRkMmtEOU5WVV9vdGZ0cjE1QXBESjdvZG5JOUk3X1ViR2U1MEV1OUdYSEFVUTFwZFNoWHBkVkd0TFdzRDZWZ2h0STRvUXVQSlE5RGxCcnNqNWNqdVN2cjRaM2cyZUJWUVBCUVdMZw?oc=5\" target=\"_blank\" rel=\"nofollow noopener\">&#8220;Hawks&#8221; bez Porzi\u0146\u0123a piedz\u012bvo zaud\u0113jumu<\/a>&nbsp;&nbsp;TVNET Sports<\/li>\n<li><a href=\"https:\/\/news.google.com\/rss\/articles\/CBMimwFBVV95cUxNZVI3a09GN1pMdk9lSzVoVEFLaG9DZUdEdmlUTXE3SmRfamNqcWsyZUtnZFdSX01sV0lJUVZiM2J3RkF2TEsxTGVBQlBRYzNGTzVWSXpzS3JxUnRYV0tCVzZhRkMxUlNjTXhITXQ5ajhGZS12MXFrN3JoU3BzV3lERXYtV25ZbkhCY3B2T1NvMkFVc2lsVS1KUWcyaw?oc=5\" target=\"_blank\" rel=\"nofollow noopener\">&#8220;Hawks&#8221; bez Porzi\u0146\u0123a piedz\u012bvo neveiksmi<\/a>&nbsp;&nbsp;Delfi<\/li>\n<li><a href=\"https:\/\/news.google.com\/rss\/articles\/CBMilAFBVV95cUxOZDZfWmVIYVJ3VmhNSld3Mi1PS1pOVURGc0kzSHFJazQxdTFpQlRmTDg2LUpJajBIWHBoZklqaHFrUzE4MmdEcTB6ZjMzV0ZpQlpXTUE1TFNwdEJXMU90SnNwZWN5bW41RFlDTWZEdkZ2blg1aWZZSmw2N2gtdkNVMGg3dmc3TXRSUjNIX292b3o2TTRQ?oc=5\" target=\"_blank\" rel=\"nofollow noopener\">Porzi\u0146\u0123is \u0145ujork\u0101 aizvada karjeras 516. sp\u0113li un pan\u0101k Biedri\u0146u \u2013 Basketbols<\/a>&nbsp;&nbsp;Sportacentrs.com<\/li>\n<li><a href=\"https:\/\/news.google.com\/rss\/articles\/CBMivwFBVV95cUxPWFY5ckVWTkFZblVpLU5RUVhIRjhQelphLTZzTVhNdktEMk5Ydlg1VDZaRGs4UGxCRGZxcE9UaDBHVHlPbU5vXzhudnQtczVvVWIzMWU3V0xfVTVVekdOTmpJSGhId21vaTY2Mzl1VTZoWDBqT2ZGLXBWNXpTLUF6d0F3VVFXQzQxaG95Uk9RbGNLeElMcFk4cGJ0RzZCbDIxaDdOR256ZU9aRFlQYlVyZTNjcEVKOThWSG1aSUthUQ?oc=5\" target=\"_blank\" rel=\"nofollow noopener\">Porzi\u0146\u0123im zema metienu precizit\u0101te, \u00abHawks\u00bb uzvar ar\u012b \u0145ujork\u0101 \/ Raksts<\/a>&nbsp;&nbsp;LSM<\/li>\n<li><a href=\"https:\/\/news.google.com\/rss\/articles\/CBMisAFBVV95cUxOb1A3U2RRcFhWdnNjRDl3d1ZraTdxWUtnLWJsUjdJRFBMTFFNQlM5bmJ3bWJSVmNHLUVCaFozWWo3SnZWMDRscWQ2Ump0WHc2ZzVGOU9rVkFob3pxX3ZhMzQxZjRnckNCUUJyQkVEcTZiOWlOSkVuVkVseXlLSWk1UGlyN196czZwU0dNeWhZQU5ySmstTDRzNUx1TnQ3UFd1OUh2bmU1azdDZ3E2QnRzTw?oc=5\" target=\"_blank\" rel=\"nofollow noopener\">VIDEO: Porzi\u0146\u0123a &#8220;Hawks&#8221; r\u0101da klasi aizsardz\u012bb\u0101 un izbraukum\u0101 uzvar \u0145ujorkas &#8220;Knicks&#8221;<\/a>&nbsp;&nbsp;tv3.lv<\/li>\n<\/ol>\n","protected":false},"excerpt":{"rendered":"&#8220;Hawks&#8221; bez Porzi\u0146\u0123a piedz\u012bvo zaud\u0113jumu&nbsp;&nbsp;TVNET Sports &#8220;Hawks&#8221; bez Porzi\u0146\u0123a piedz\u012bvo neveiksmi&nbsp;&nbsp;Delfi Porzi\u0146\u0123is \u0145ujork\u0101 aizvada karjeras 516. sp\u0113li un&hellip;\n","protected":false},"author":2,"featured_media":94000,"comment_status":"","ping_status":"","sticky":false,"template":"","format":"standard","meta":{"footnotes":""},"categories":[17],"tags":[23505,1260,35,39,38,36,37,34,40,67],"class_list":{"0":"post-93999","1":"post","2":"type-post","3":"status-publish","4":"format-standard","5":"has-post-thumbnail","7":"category-sports","8":"tag-hawks","9":"tag-kristaps-porzingis","10":"tag-latvia","11":"tag-latvian","12":"tag-latviesu","13":"tag-latviesu-valoda","14":"tag-latviesuvaloda","15":"tag-latvija","16":"tag-lv","17":"tag-sports"},"share_on_mastodon":{"url":"https:\/\/pubeurope.com\/@lv\/115835873702071520","error":""},"_links":{"self":[{"href":"https:\/\/www.europesays.com\/lv\/wp-json\/wp\/v2\/posts\/93999","targetHints":{"allow":["GET"]}}],"collection":[{"href":"https:\/\/www.europesays.com\/lv\/wp-json\/wp\/v2\/posts"}],"about":[{"href":"https:\/\/www.europesays.com\/lv\/wp-json\/wp\/v2\/types\/post"}],"author":[{"embeddable":true,"href":"https:\/\/www.europesays.com\/lv\/wp-json\/wp\/v2\/users\/2"}],"replies":[{"embeddable":true,"href":"https:\/\/www.europesays.com\/lv\/wp-json\/wp\/v2\/comments?post=93999"}],"version-history":[{"count":0,"href":"https:\/\/www.europesays.com\/lv\/wp-json\/wp\/v2\/posts\/93999\/revisions"}],"wp:featuredmedia":[{"embeddable":true,"href":"https:\/\/www.europesays.com\/lv\/wp-json\/wp\/v2\/media\/94000"}],"wp:attachment":[{"href":"https:\/\/www.europesays.com\/lv\/wp-json\/wp\/v2\/media?parent=93999"}],"wp:term":[{"taxonomy":"category","embeddable":true,"href":"https:\/\/www.europesays.com\/lv\/wp-json\/wp\/v2\/categories?post=93999"},{"taxonomy":"post_tag","embeddable":true,"href":"https:\/\/www.europesays.com\/lv\/wp-json\/wp\/v2\/tags?post=93999"}],"curies":[{"name":"wp","href":"https:\/\/api.w.org\/{rel}","templated":true}]}}