{"id":94011,"date":"2026-01-04T08:40:09","date_gmt":"2026-01-04T08:40:09","guid":{"rendered":"https:\/\/www.europesays.com\/lv\/94011\/"},"modified":"2026-01-04T08:40:09","modified_gmt":"2026-01-04T08:40:09","slug":"kriminallikuma-grozijumi-nav-piemerotakais-risinajums-dzimuma-mainas-jautajumos-norada-palkova","status":"publish","type":"post","link":"https:\/\/www.europesays.com\/lv\/94011\/","title":{"rendered":"Krimin\u0101llikuma groz\u012bjumi nav piem\u0113rot\u0101kais risin\u0101jums dzimuma mai\u0146as jaut\u0101jumos, nor\u0101da Palkova"},"content":{"rendered":"<p>Vi\u0146aspr\u0101t, \u0161\u0101das \u0101rst\u0113\u0161anas metodes ir uzskat\u0101mas par eksperiment\u0101l\u0101m un var rad\u012bt neatgriezenisku kait\u0113jumu vesel\u012bbai, tom\u0113r Krimin\u0101llikuma papla\u0161in\u0101\u0161ana \u0161aj\u0101 jom\u0101 var\u0113tu rad\u012bt riskus individu\u0101lu kl\u012bnisku gad\u012bjumu \u0101rst\u0113\u0161an\u0101, piem\u0113ram, interseksu\u0101liem b\u0113rniem.<\/p>\n<p>Ties\u012bbsardze nor\u0101da, ka jau past\u0101v visp\u0101r\u012bgi krimin\u0101lties\u012bbu panti par neat\u013cautu \u0101rstniec\u012bbu un nolaid\u012bbu, t\u0101d\u0113\u013c specifisku aizliegumu noteik\u0161ana b\u016btu risin\u0101ma citos ties\u012bbu aktos, piem\u0113ram, Seksu\u0101l\u0101s un reprodukt\u012bv\u0101s vesel\u012bbas likum\u0101.<\/p>\n<p>Vi\u0146a aicina izstr\u0101d\u0101t uz pier\u0101d\u012bjumiem balst\u012btas vadl\u012bnijas sadarb\u012bb\u0101 ar kompetent\u0101m medic\u012bnas instit\u016bcij\u0101m, lai nodro\u0161in\u0101tu b\u0113rnu ties\u012bbas uz kvalitat\u012bvu un dro\u0161u \u0101rst\u0113\u0161anu, nevis ieviest regul\u0113jumu Krimin\u0101llikum\u0101.<\/p>\n<p>K\u0101 v\u0113st\u012bts, parlament\u0101rie\u0161i septembra vid\u016b nodeva v\u0113rt\u0113\u0161anai Juridiskaj\u0101 komisij\u0101 opoz\u012bcijas partijas &#8220;Latvija pirmaj\u0101 viet\u0101&#8221; (LPV) izstr\u0101d\u0101tos groz\u012bjumus Krimin\u0101llikum\u0101, ar kuriem rosin\u0101ts noteikt sodus saist\u012bb\u0101 ar nepilngad\u012bgo dzimuma mai\u0146u.<\/p>\n<p>LPV rosin\u0101tais likumprojekts ce\u013cu parlament\u0101 s\u0101ka, kop\u0101 ar opoz\u012bciju balsojot valdo\u0161\u0101s koal\u012bcijas dal\u012bbniecei &#8211; Za\u013co un zemnieku savien\u012bbai. Koal\u012bcijas deput\u0101ti no &#8220;Jaun\u0101s vienot\u012bbas&#8221; un &#8220;Progres\u012bvajiem&#8221; balsoja pret likumprojektu.<\/p>\n","protected":false},"excerpt":{"rendered":"Vi\u0146aspr\u0101t, \u0161\u0101das \u0101rst\u0113\u0161anas metodes ir uzskat\u0101mas par eksperiment\u0101l\u0101m un var rad\u012bt neatgriezenisku kait\u0113jumu vesel\u012bbai, tom\u0113r Krimin\u0101llikuma papla\u0161in\u0101\u0161ana \u0161aj\u0101&hellip;\n","protected":false},"author":2,"featured_media":94012,"comment_status":"","ping_status":"","sticky":false,"template":"","format":"standard","meta":{"footnotes":""},"categories":[5],"tags":[23,28,29,32,33,22,534,30,31,35,39,38,36,37,34,40,20,26,27,139,24,25,21],"class_list":{"0":"post-94011","1":"post","2":"type-post","3":"status-publish","4":"format-standard","5":"has-post-thumbnail","7":"category-aktualitates","8":"tag-aktualitates","9":"tag-breaking-news","10":"tag-breakingnews","11":"tag-featured-news","12":"tag-featurednews","13":"tag-headlines","14":"tag-karina-palkova","15":"tag-latest-news","16":"tag-latestnews","17":"tag-latvia","18":"tag-latvian","19":"tag-latviesu","20":"tag-latviesu-valoda","21":"tag-latviesuvaloda","22":"tag-latvija","23":"tag-lv","24":"tag-news","25":"tag-popularakas-zinas","26":"tag-popularakaszinas","27":"tag-tiesibsargs","28":"tag-top-stories","29":"tag-topstories","30":"tag-zinas"},"share_on_mastodon":{"url":"https:\/\/pubeurope.com\/@lv\/115835936873074710","error":""},"_links":{"self":[{"href":"https:\/\/www.europesays.com\/lv\/wp-json\/wp\/v2\/posts\/94011","targetHints":{"allow":["GET"]}}],"collection":[{"href":"https:\/\/www.europesays.com\/lv\/wp-json\/wp\/v2\/posts"}],"about":[{"href":"https:\/\/www.europesays.com\/lv\/wp-json\/wp\/v2\/types\/post"}],"author":[{"embeddable":true,"href":"https:\/\/www.europesays.com\/lv\/wp-json\/wp\/v2\/users\/2"}],"replies":[{"embeddable":true,"href":"https:\/\/www.europesays.com\/lv\/wp-json\/wp\/v2\/comments?post=94011"}],"version-history":[{"count":0,"href":"https:\/\/www.europesays.com\/lv\/wp-json\/wp\/v2\/posts\/94011\/revisions"}],"wp:featuredmedia":[{"embeddable":true,"href":"https:\/\/www.europesays.com\/lv\/wp-json\/wp\/v2\/media\/94012"}],"wp:attachment":[{"href":"https:\/\/www.europesays.com\/lv\/wp-json\/wp\/v2\/media?parent=94011"}],"wp:term":[{"taxonomy":"category","embeddable":true,"href":"https:\/\/www.europesays.com\/lv\/wp-json\/wp\/v2\/categories?post=94011"},{"taxonomy":"post_tag","embeddable":true,"href":"https:\/\/www.europesays.com\/lv\/wp-json\/wp\/v2\/tags?post=94011"}],"curies":[{"name":"wp","href":"https:\/\/api.w.org\/{rel}","templated":true}]}}