{"id":94031,"date":"2026-01-04T08:56:07","date_gmt":"2026-01-04T08:56:07","guid":{"rendered":"https:\/\/www.europesays.com\/lv\/94031\/"},"modified":"2026-01-04T08:56:07","modified_gmt":"2026-01-04T08:56:07","slug":"rietumvacija-ir-aplaupitas-jau-tris-bankas","status":"publish","type":"post","link":"https:\/\/www.europesays.com\/lv\/94031\/","title":{"rendered":"Rietumv\u0101cij\u0101 ir aplaup\u012btas jau tr\u012bs bankas"},"content":{"rendered":"<p class=\"descr\">Zaud\u0113jumi var\u0113tu p\u0101rsniegt 100 miljonus eiro. &#8220;Gadsimta laup\u012b\u0161ana&#8221; notika &#8220;Sparkasse&#8221; bankas fili\u0101l\u0113 Gelzenkirhen\u0113 Vecgada vakar\u0101, raksta DW.<\/p>\n<p>Prec\u012bza nozagt\u0101 summa nav zin\u0101ma, jo uzlauzto seifu saturs bie\u017ei vien tika tur\u0113ts nosl\u0113pum\u0101. S\u0101kotn\u0113j\u0101s apl\u0113ses s\u0101k\u0101s ar 10 miljoniem eiro. Jau toreiz to sauca par vienu no liel\u0101kaj\u0101m banku laup\u012b\u0161an\u0101m V\u0101cijas v\u0113stur\u0113. Tagad, saska\u0146\u0101 ar tablo\u012bda &#8220;Bild&#8221; zi\u0146\u0101m, summa var\u0113tu p\u0101rsniegt 100 miljonus eiro.<\/p>\n<p>V\u0113l\u0101k atkl\u0101j\u0101s, ka Vecgada vakar\u0101 <a href=\"https:\/\/nra.lv\/pasaule\/510336-vacija-aplaupita-banka.htm\" data-item-link=\"true\" data-item-id=\"510336\" rel=\"nofollow noopener\" target=\"_blank\">&#8220;Sparkasse&#8221; bankas<\/a> tika aplaup\u012btas v\u0113l div\u0101s pils\u0113t\u0101s. Visas atrodas vien\u0101 un taj\u0101 pa\u0161\u0101 Zieme\u013creinas-Vestf\u0101lenes feder\u0101laj\u0101 zem\u0113 V\u0101cijas rietumos. Halles pils\u0113t\u0101 net\u0101lu no B\u012blefeldes tika uzlauzti \u010detri seifi. Savuk\u0101rt Bonnas centr\u0101 no bankas fili\u0101les tika nozagti 20 kg zelta 2,2 miljonu eiro v\u0113rt\u012bb\u0101. Tom\u0113r \u0161aj\u0101 gad\u012bjum\u0101 aizdom\u0101s non\u0101ca 22 gadus vecs biju\u0161ais fili\u0101les darbinieks; vi\u0146a m\u0101j\u0101s tika veikta p\u0101rmekl\u0113\u0161ana, un policija konfisc\u0113ja pier\u0101d\u012bjumus. Koment\u0113jot noziegumu Gelzenkirhen\u0113, policija uzslav\u0113ja zag\u013cu &#8220;augsto profesionalit\u0101tes l\u012bmeni&#8221; un nor\u0101d\u012bja, ka izmekl\u0113\u0161anai pagaid\u0101m nav nopietnu pavedienu.<\/p>\n<p>\t\t\t\t\t\tinfo<\/p>\n<p>Uzzini pirmais<br \/>kas interesants noticis Latvij\u0101 un pasaul\u0113,<br \/>pievienojoties mums <a href=\"https:\/\/t.me\/neatkariga\" rel=\"nofollow\">Telegram<\/a> vai <a href=\"https:\/\/whatsapp.com\/channel\/0029VaMLFUH5K3zLU5s4wm3y\" rel=\"nofollow noopener\" target=\"_blank\">Whatsapp<\/a> kan\u0101l\u0101<\/p>\n","protected":false},"excerpt":{"rendered":"Zaud\u0113jumi var\u0113tu p\u0101rsniegt 100 miljonus eiro. &#8220;Gadsimta laup\u012b\u0161ana&#8221; notika &#8220;Sparkasse&#8221; bankas fili\u0101l\u0113 Gelzenkirhen\u0113 Vecgada vakar\u0101, raksta DW. Prec\u012bza&hellip;\n","protected":false},"author":2,"featured_media":94032,"comment_status":"","ping_status":"","sticky":false,"template":"","format":"standard","meta":{"footnotes":""},"categories":[14],"tags":[23,57,28,29,32,33,22,30,31,35,39,38,36,37,34,40,20,26,27,24,25,54,55,56,21,58],"class_list":{"0":"post-94031","1":"post","2":"type-post","3":"status-publish","4":"format-standard","5":"has-post-thumbnail","7":"category-zinas-no-arvalstim","8":"tag-aktualitates","9":"tag-arvalstim","10":"tag-breaking-news","11":"tag-breakingnews","12":"tag-featured-news","13":"tag-featurednews","14":"tag-headlines","15":"tag-latest-news","16":"tag-latestnews","17":"tag-latvia","18":"tag-latvian","19":"tag-latviesu","20":"tag-latviesu-valoda","21":"tag-latviesuvaloda","22":"tag-latvija","23":"tag-lv","24":"tag-news","25":"tag-popularakas-zinas","26":"tag-popularakaszinas","27":"tag-top-stories","28":"tag-topstories","29":"tag-world","30":"tag-world-news","31":"tag-worldnews","32":"tag-zinas","33":"tag-zinas-no-arvalstim"},"share_on_mastodon":{"url":"https:\/\/pubeurope.com\/@lv\/115835999583668993","error":""},"_links":{"self":[{"href":"https:\/\/www.europesays.com\/lv\/wp-json\/wp\/v2\/posts\/94031","targetHints":{"allow":["GET"]}}],"collection":[{"href":"https:\/\/www.europesays.com\/lv\/wp-json\/wp\/v2\/posts"}],"about":[{"href":"https:\/\/www.europesays.com\/lv\/wp-json\/wp\/v2\/types\/post"}],"author":[{"embeddable":true,"href":"https:\/\/www.europesays.com\/lv\/wp-json\/wp\/v2\/users\/2"}],"replies":[{"embeddable":true,"href":"https:\/\/www.europesays.com\/lv\/wp-json\/wp\/v2\/comments?post=94031"}],"version-history":[{"count":0,"href":"https:\/\/www.europesays.com\/lv\/wp-json\/wp\/v2\/posts\/94031\/revisions"}],"wp:featuredmedia":[{"embeddable":true,"href":"https:\/\/www.europesays.com\/lv\/wp-json\/wp\/v2\/media\/94032"}],"wp:attachment":[{"href":"https:\/\/www.europesays.com\/lv\/wp-json\/wp\/v2\/media?parent=94031"}],"wp:term":[{"taxonomy":"category","embeddable":true,"href":"https:\/\/www.europesays.com\/lv\/wp-json\/wp\/v2\/categories?post=94031"},{"taxonomy":"post_tag","embeddable":true,"href":"https:\/\/www.europesays.com\/lv\/wp-json\/wp\/v2\/tags?post=94031"}],"curies":[{"name":"wp","href":"https:\/\/api.w.org\/{rel}","templated":true}]}}