{"id":9405,"date":"2025-10-01T06:23:08","date_gmt":"2025-10-01T06:23:08","guid":{"rendered":"https:\/\/www.europesays.com\/lv\/9405\/"},"modified":"2025-10-01T06:23:08","modified_gmt":"2025-10-01T06:23:08","slug":"hegsets-izklasta-savu-nakotnes-viziju-par-asv-armijas-attistibu-un-kritize-resnos-karavirus","status":"publish","type":"post","link":"https:\/\/www.europesays.com\/lv\/9405\/","title":{"rendered":"Hegsets izkl\u0101sta savu n\u0101kotnes v\u012bziju par ASV armijas att\u012bst\u012bbu un kritiz\u0113 &#8220;resnos karav\u012brus&#8221;"},"content":{"rendered":"<p>Ministrs ar\u012b pazi\u0146oja, ka atcels politiku, kas spiedusi karav\u012briem b\u016bt p\u0101r\u0101k piesardz\u012bgiem. &#8220;Vairs nek\u0101du nenopietnu s\u016bdz\u012bbu, nek\u0101du anon\u012bmu s\u016bdz\u012bbu, nek\u0101du atk\u0101rtotu s\u016bdz\u012bbu iesniedz\u0113ju, nek\u0101du reput\u0101cijas grau\u0161anas gad\u012bjumu,&#8221; pazi\u0146oja Hegsets.<\/p>\n<p>Vi\u0146\u0161 ar\u012b kritiz\u0113ja Pentagona \u0123ener\u0101linspektoru, kas izmekl\u0113 vi\u0146a darb\u012bbu, sakot, ka \u0161is birojs k\u013cuvis par ieroci, ko vada s\u016bdz\u012bbu iesniedz\u0113ji, ideologi un slikti darbinieki. Ministrs pazi\u0146oja, ka birojs tiks reform\u0113ts.<\/p>\n<p>Hegsets ar\u012b pav\u0113st\u012bja, ka stingrie noteikumi par sp\u0113ka izmanto\u0161anu, kuru m\u0113r\u0137is ir nov\u0113rst civiliedz\u012bvot\u0101ju nogalin\u0101\u0161anu, paliks pag\u0101tn\u0113. &#8220;M\u0113s atrais\u0101m rokas saviem karot\u0101jiem, lai iebied\u0113tu, demoraliz\u0113tu, med\u012btu un nogalin\u0101tu m\u016bsu valsts ienaidniekus. Nek\u0101du politkorektu un p\u0101rsp\u012bl\u0113tu kaujas noteikumu, tikai veselais sapr\u0101ts, maksim\u0101ls let\u0101ls sp\u0113ks un autorit\u0101te,&#8221; vi\u0146\u0161 piebilda.<\/p>\n<p>\u0160\u0101da pieeja nesen tika demonstr\u0113ta Kar\u012bbu j\u016bras re\u0123ion\u0101, kur ASV milit\u0101rie sp\u0113ki nogalin\u0101ju\u0161i vair\u0101k nek\u0101 desmit cilv\u0113ku, izn\u012bcinot narkotiku kontrabandistu \u0101trlaivas.<\/p>\n<blockquote class=\"quote ck-widget\" contenteditable=\"false\">\n<p>Hegsets sav\u0101 run\u0101 uzsv\u0113ra, ka visiem, kas nepiekr\u012bt jaunajam bru\u0146o sp\u0113ku kursam, vajadz\u0113tu atva\u013cin\u0101ties.<\/p>\n<\/blockquote>\n<p>P\u0113c ASV prezidenta Donalda Trampa atgrie\u0161an\u0101s Baltaj\u0101 nam\u0101 janv\u0101r\u012b atlaista virkne augsta ranga milit\u0101rpersonu. Aizst\u0101vot atlai\u0161anas, Hegsets sav\u0101 run\u0101 apgalvoja, ka &#8220;ir gandr\u012bz neiesp\u0113jami main\u012bt kult\u016bru ar tiem pa\u0161iem cilv\u0113kiem, kuri pal\u012bdz\u0113ja rad\u012bt \u0161o kult\u016bru vai pat guva labumu no t\u0101s.&#8221;<\/p>\n","protected":false},"excerpt":{"rendered":"Ministrs ar\u012b pazi\u0146oja, ka atcels politiku, kas spiedusi karav\u012briem b\u016bt p\u0101r\u0101k piesardz\u012bgiem. &#8220;Vairs nek\u0101du nenopietnu s\u016bdz\u012bbu, nek\u0101du anon\u012bmu&hellip;\n","protected":false},"author":2,"featured_media":9406,"comment_status":"","ping_status":"","sticky":false,"template":"","format":"standard","meta":{"footnotes":""},"categories":[14],"tags":[23,463,57,292,28,29,32,33,22,30,31,35,39,38,36,37,34,40,20,3602,26,27,24,25,54,55,56,21,58],"class_list":{"0":"post-9405","1":"post","2":"type-post","3":"status-publish","4":"format-standard","5":"has-post-thumbnail","7":"category-zinas-no-arvalstim","8":"tag-aktualitates","9":"tag-armija","10":"tag-arvalstim","11":"tag-asv","12":"tag-breaking-news","13":"tag-breakingnews","14":"tag-featured-news","15":"tag-featurednews","16":"tag-headlines","17":"tag-latest-news","18":"tag-latestnews","19":"tag-latvia","20":"tag-latvian","21":"tag-latviesu","22":"tag-latviesu-valoda","23":"tag-latviesuvaloda","24":"tag-latvija","25":"tag-lv","26":"tag-news","27":"tag-pits-hegsets","28":"tag-popularakas-zinas","29":"tag-popularakaszinas","30":"tag-top-stories","31":"tag-topstories","32":"tag-world","33":"tag-world-news","34":"tag-worldnews","35":"tag-zinas","36":"tag-zinas-no-arvalstim"},"share_on_mastodon":{"url":"","error":""},"_links":{"self":[{"href":"https:\/\/www.europesays.com\/lv\/wp-json\/wp\/v2\/posts\/9405","targetHints":{"allow":["GET"]}}],"collection":[{"href":"https:\/\/www.europesays.com\/lv\/wp-json\/wp\/v2\/posts"}],"about":[{"href":"https:\/\/www.europesays.com\/lv\/wp-json\/wp\/v2\/types\/post"}],"author":[{"embeddable":true,"href":"https:\/\/www.europesays.com\/lv\/wp-json\/wp\/v2\/users\/2"}],"replies":[{"embeddable":true,"href":"https:\/\/www.europesays.com\/lv\/wp-json\/wp\/v2\/comments?post=9405"}],"version-history":[{"count":0,"href":"https:\/\/www.europesays.com\/lv\/wp-json\/wp\/v2\/posts\/9405\/revisions"}],"wp:featuredmedia":[{"embeddable":true,"href":"https:\/\/www.europesays.com\/lv\/wp-json\/wp\/v2\/media\/9406"}],"wp:attachment":[{"href":"https:\/\/www.europesays.com\/lv\/wp-json\/wp\/v2\/media?parent=9405"}],"wp:term":[{"taxonomy":"category","embeddable":true,"href":"https:\/\/www.europesays.com\/lv\/wp-json\/wp\/v2\/categories?post=9405"},{"taxonomy":"post_tag","embeddable":true,"href":"https:\/\/www.europesays.com\/lv\/wp-json\/wp\/v2\/tags?post=9405"}],"curies":[{"name":"wp","href":"https:\/\/api.w.org\/{rel}","templated":true}]}}