{"id":94054,"date":"2026-01-04T09:28:15","date_gmt":"2026-01-04T09:28:15","guid":{"rendered":"https:\/\/www.europesays.com\/lv\/94054\/"},"modified":"2026-01-04T09:28:15","modified_gmt":"2026-01-04T09:28:15","slug":"8-dzerajsoferi-5-negadijumos-cietusie-degosa-automasina","status":"publish","type":"post","link":"https:\/\/www.europesays.com\/lv\/94054\/","title":{"rendered":"8 dz\u0113r\u0101j\u0161oferi, 5 negad\u012bjumos cietu\u0161ie, dego\u0161a automa\u0161\u012bna"},"content":{"rendered":"<p>Sestdien satiksmes negad\u012bjumos Latvij\u0101 cietu\u0161i pieci cilv\u0113ki un uz ce\u013ciem pie\u0137erti asto\u0146i dz\u0113r\u0101j\u0161oferi, inform\u0113ja Valsts policij\u0101.<\/p>\n<p>Pag\u0101ju\u0161aj\u0101 diennakt\u012b gl\u0101b\u0113ji sa\u0146\u0113ma ar\u012b izsaukumus uz ugunsgr\u0113kiem, kuros dega sadz\u012bves mantas 0,4 kvadr\u0101tmetru plat\u012bb\u0101, sadz\u012bves mantas un elektriskais sild\u012bt\u0101js viena kvadr\u0101tmetra plat\u012bb\u0101, pl\u012bts virsma, viegl\u0101 automa\u0161\u012bna, d\u016bmvad\u0101 sodr\u0113ji \u010detru kvadr\u0101tmetru plat\u012bb\u0101, pie kr\u0101sns starpst\u0101vu p\u0101rsegums kvadr\u0101tmetra plat\u012bb\u0101, k\u0101 ar\u012b divi atkritumu konteineri.<\/p>\n<p class=\"m-0\">Seko &#8220;Delfi&#8221; ar\u012b  <a target=\"_blank\" href=\"https:\/\/www.instagram.com\/delfi.lv\/\" rel=\"nofollow noopener\">Instagram<\/a>  un <a target=\"_blank\" href=\"https:\/\/www.youtube.com\/channel\/UCw5foWtcJvAbUm64rv7jwUQ\" rel=\"nofollow noopener\">YouTube<\/a>  profil\u0101 \u2013 pievienojies, lai uzzin\u0101tu svar\u012bg\u0101ko un interesant\u0101ko pirmais!<\/p>\n<p>Publik\u0101cijas saturs vai t\u0101s jebk\u0101da apjoma da\u013ca ir aizsarg\u0101ts autorties\u012bbu objekts Autorties\u012bbu likuma izpratn\u0113, un t\u0101 izmanto\u0161ana bez izdev\u0113ja at\u013caujas ir aizliegta. Vair\u0101k lasi  <a target=\"_blank\" href=\"https:\/\/www.delfi.lv\/noteikumi#autortiesibas\" rel=\"nofollow noopener\">\u0161eit<\/a><script async src=\"\/\/www.instagram.com\/embed.js\"><\/script><\/p>\n","protected":false},"excerpt":{"rendered":"Sestdien satiksmes negad\u012bjumos Latvij\u0101 cietu\u0161i pieci cilv\u0113ki un uz ce\u013ciem pie\u0137erti asto\u0146i dz\u0113r\u0101j\u0161oferi, inform\u0113ja Valsts policij\u0101. Pag\u0101ju\u0161aj\u0101 diennakt\u012b&hellip;\n","protected":false},"author":2,"featured_media":94055,"comment_status":"","ping_status":"","sticky":false,"template":"","format":"standard","meta":{"footnotes":""},"categories":[5],"tags":[23,28,29,120,32,33,22,30,31,35,39,38,36,37,34,40,20,26,27,24,25,4908,21],"class_list":{"0":"post-94054","1":"post","2":"type-post","3":"status-publish","4":"format-standard","5":"has-post-thumbnail","7":"category-aktualitates","8":"tag-aktualitates","9":"tag-breaking-news","10":"tag-breakingnews","11":"tag-celu-satiksme","12":"tag-featured-news","13":"tag-featurednews","14":"tag-headlines","15":"tag-latest-news","16":"tag-latestnews","17":"tag-latvia","18":"tag-latvian","19":"tag-latviesu","20":"tag-latviesu-valoda","21":"tag-latviesuvaloda","22":"tag-latvija","23":"tag-lv","24":"tag-news","25":"tag-popularakas-zinas","26":"tag-popularakaszinas","27":"tag-top-stories","28":"tag-topstories","29":"tag-vugd","30":"tag-zinas"},"share_on_mastodon":{"url":"https:\/\/pubeurope.com\/@lv\/115836125442966019","error":""},"_links":{"self":[{"href":"https:\/\/www.europesays.com\/lv\/wp-json\/wp\/v2\/posts\/94054","targetHints":{"allow":["GET"]}}],"collection":[{"href":"https:\/\/www.europesays.com\/lv\/wp-json\/wp\/v2\/posts"}],"about":[{"href":"https:\/\/www.europesays.com\/lv\/wp-json\/wp\/v2\/types\/post"}],"author":[{"embeddable":true,"href":"https:\/\/www.europesays.com\/lv\/wp-json\/wp\/v2\/users\/2"}],"replies":[{"embeddable":true,"href":"https:\/\/www.europesays.com\/lv\/wp-json\/wp\/v2\/comments?post=94054"}],"version-history":[{"count":0,"href":"https:\/\/www.europesays.com\/lv\/wp-json\/wp\/v2\/posts\/94054\/revisions"}],"wp:featuredmedia":[{"embeddable":true,"href":"https:\/\/www.europesays.com\/lv\/wp-json\/wp\/v2\/media\/94055"}],"wp:attachment":[{"href":"https:\/\/www.europesays.com\/lv\/wp-json\/wp\/v2\/media?parent=94054"}],"wp:term":[{"taxonomy":"category","embeddable":true,"href":"https:\/\/www.europesays.com\/lv\/wp-json\/wp\/v2\/categories?post=94054"},{"taxonomy":"post_tag","embeddable":true,"href":"https:\/\/www.europesays.com\/lv\/wp-json\/wp\/v2\/tags?post=94054"}],"curies":[{"name":"wp","href":"https:\/\/api.w.org\/{rel}","templated":true}]}}