{"id":94064,"date":"2026-01-04T09:34:08","date_gmt":"2026-01-04T09:34:08","guid":{"rendered":"https:\/\/www.europesays.com\/lv\/94064\/"},"modified":"2026-01-04T09:34:08","modified_gmt":"2026-01-04T09:34:08","slug":"augstaka-tiesa-vertes-kriminallietu-pret-bijusajam-rigas-centraltirgus-amatpersonam","status":"publish","type":"post","link":"https:\/\/www.europesays.com\/lv\/94064\/","title":{"rendered":"Augst\u0101k\u0101 tiesa v\u0113rt\u0113s krimin\u0101llietu pret biju\u0161aj\u0101m &#8220;R\u012bgas centr\u0101ltirgus&#8221; amatperson\u0101m"},"content":{"rendered":"<p>Biju\u0161ais &#8220;R\u012bgas centr\u0101ltirgus&#8221; valdes priek\u0161s\u0113d\u0113t\u0101js un iepirkumu komisijas vad\u012bt\u0101js saukti pie krimin\u0101latbild\u012bbas par dienesta st\u0101vok\u013ca \u013caunpr\u0101t\u012bgu izmanto\u0161anu. Aps\u016bdz\u0113tajiem inkrimin\u0113tie noziegumi veikti no 2014. gada apr\u012b\u013ca l\u012bdz 2015. gada j\u016blijam.<\/p>\n<p>Lietu pirms nodo\u0161anas prokurat\u016br\u0101 krimin\u0101lvaj\u0101\u0161anai izmekl\u0113ja Korupcijas nov\u0113r\u0161anas un apkaro\u0161anas birojs (KNAB), kas iepriek\u0161 pazi\u0146ojum\u0101 presei rakst\u012bja, ka tr\u012bs tirgus darbinieki piesavin\u0101j\u0101s kapit\u0101lsabiedr\u012bbas naudas l\u012bdzek\u013cus lielos apm\u0113ros, kas vi\u0146u r\u012bc\u012bb\u0101 non\u0101ca, veicot savus darba pien\u0101kumus.<\/p>\n<p>Latvijas Telev\u012bzija iepriek\u0161 zi\u0146oja, ka nelikum\u012bg\u0101s darb\u012bbas notiku\u0161as &#8220;R\u012bgas centr\u0101ltirgus&#8221; t\u0101 sauktaj\u0101 nakts tirg\u016b. Tas bija saist\u012bts ar maksu par tirdzniec\u012bbas viet\u0101m.<\/p>\n<p>No aps\u016bdz\u0113to telefonsarun\u0101m, ko ierakst\u012bju\u0161i izmekl\u0113t\u0101ji, var\u0113ja saprast, ka vi\u0146i atskait\u0101s par neliel\u0101m naudas summ\u0101m, kas attiec\u012bgaj\u0101 dien\u0101 &#8220;iekas\u0113tas&#8221; no da\u017e\u0101diem tirgot\u0101jiem, k\u0101 ar\u012b par tirdzniec\u012bbas vietu dal\u012b\u0161anu.<\/p>\n<p>R\u012bgas pils\u0113tas <a href=\"https:\/\/www.tvnet.lv\/term\/565583\/tiesa\" class=\"topicLink\" target=\"_blank\" rel=\"nofollow noopener\">tiesa<\/a> Abramovam piesprieda cietumsodu uz tr\u012bs gadiem un se\u0161iem m\u0113ne\u0161iem, at\u0146emot ties\u012bbas ie\u0146emt amatus valsts un pa\u0161vald\u012bbu iest\u0101d\u0113s uz tr\u012bs gadiem.<\/p>\n","protected":false},"excerpt":{"rendered":"Biju\u0161ais &#8220;R\u012bgas centr\u0101ltirgus&#8221; valdes priek\u0161s\u0113d\u0113t\u0101js un iepirkumu komisijas vad\u012bt\u0101js saukti pie krimin\u0101latbild\u012bbas par dienesta st\u0101vok\u013ca \u013caunpr\u0101t\u012bgu izmanto\u0161anu. Aps\u016bdz\u0113tajiem&hellip;\n","protected":false},"author":2,"featured_media":13245,"comment_status":"","ping_status":"","sticky":false,"template":"","format":"standard","meta":{"footnotes":""},"categories":[5],"tags":[23,28,29,32,33,22,30,31,35,39,38,36,37,34,40,20,26,27,3541,375,24,25,21],"class_list":{"0":"post-94064","1":"post","2":"type-post","3":"status-publish","4":"format-standard","5":"has-post-thumbnail","7":"category-aktualitates","8":"tag-aktualitates","9":"tag-breaking-news","10":"tag-breakingnews","11":"tag-featured-news","12":"tag-featurednews","13":"tag-headlines","14":"tag-latest-news","15":"tag-latestnews","16":"tag-latvia","17":"tag-latvian","18":"tag-latviesu","19":"tag-latviesu-valoda","20":"tag-latviesuvaloda","21":"tag-latvija","22":"tag-lv","23":"tag-news","24":"tag-popularakas-zinas","25":"tag-popularakaszinas","26":"tag-rigas-centraltirgus","27":"tag-tiesa","28":"tag-top-stories","29":"tag-topstories","30":"tag-zinas"},"share_on_mastodon":{"url":"https:\/\/pubeurope.com\/@lv\/115836149003308974","error":""},"_links":{"self":[{"href":"https:\/\/www.europesays.com\/lv\/wp-json\/wp\/v2\/posts\/94064","targetHints":{"allow":["GET"]}}],"collection":[{"href":"https:\/\/www.europesays.com\/lv\/wp-json\/wp\/v2\/posts"}],"about":[{"href":"https:\/\/www.europesays.com\/lv\/wp-json\/wp\/v2\/types\/post"}],"author":[{"embeddable":true,"href":"https:\/\/www.europesays.com\/lv\/wp-json\/wp\/v2\/users\/2"}],"replies":[{"embeddable":true,"href":"https:\/\/www.europesays.com\/lv\/wp-json\/wp\/v2\/comments?post=94064"}],"version-history":[{"count":0,"href":"https:\/\/www.europesays.com\/lv\/wp-json\/wp\/v2\/posts\/94064\/revisions"}],"wp:featuredmedia":[{"embeddable":true,"href":"https:\/\/www.europesays.com\/lv\/wp-json\/wp\/v2\/media\/13245"}],"wp:attachment":[{"href":"https:\/\/www.europesays.com\/lv\/wp-json\/wp\/v2\/media?parent=94064"}],"wp:term":[{"taxonomy":"category","embeddable":true,"href":"https:\/\/www.europesays.com\/lv\/wp-json\/wp\/v2\/categories?post=94064"},{"taxonomy":"post_tag","embeddable":true,"href":"https:\/\/www.europesays.com\/lv\/wp-json\/wp\/v2\/tags?post=94064"}],"curies":[{"name":"wp","href":"https:\/\/api.w.org\/{rel}","templated":true}]}}