{"id":94074,"date":"2026-01-04T09:50:07","date_gmt":"2026-01-04T09:50:07","guid":{"rendered":"https:\/\/www.europesays.com\/lv\/94074\/"},"modified":"2026-01-04T09:50:07","modified_gmt":"2026-01-04T09:50:07","slug":"ziemelkoreja-izsauj-vairakas-ballistiskas-raketes","status":"publish","type":"post","link":"https:\/\/www.europesays.com\/lv\/94074\/","title":{"rendered":"Zieme\u013ckoreja iz\u0161auj vair\u0101kas ballistisk\u0101s ra\u0137etes"},"content":{"rendered":"<p>Seula pazi\u0146oja, ka \u0161or\u012bt re\u0123istr\u0113jusi vair\u0101ku ballistisko ra\u0137e\u0161u palai\u0161anu no Zieme\u013ckorejas galvaspils\u0113tas re\u0123iona Jap\u0101\u0146u j\u016br\u0101. Ra\u0137etes nolidoju\u0161as aptuveni 900 kilometrus.<\/p>\n<p>Jap\u0101na apstiprin\u0101ja, ka <a href=\"https:\/\/www.tvnet.lv\/term\/555914\/ziemelkoreja\" class=\"topicLink\" target=\"_blank\" rel=\"nofollow noopener\">Zieme\u013ckoreja<\/a> iz\u0161\u0101vusi vismaz divas ballistisk\u0101s ra\u0137etes, un uzsv\u0113ra, ka t\u0101 ir nopietna probl\u0113ma, kas apdraud mieru un dro\u0161\u012bbu re\u0123ion\u0101 un vis\u0101 pasaul\u0113.<\/p>\n<p>Dienvidkorejas Apvienot\u0101 \u0161t\u0101bu priek\u0161nieku komiteja pazi\u0146oja, ka Dienvidkoreja saglab\u0101 gatav\u012bbu atvair\u012bt jebk\u0101das Zieme\u013ckorejas provok\u0101cijas un apmain\u0101s ar inform\u0101ciju ar ASV un Jap\u0101nu par Zieme\u013ckorejas ra\u0137e\u0161u palai\u0161anu.<\/p>\n<p>Ra\u0137etes palaistas dien\u0101, kad Dienvidkorejas prezidents Li D\u017eemjuns devies \u010detru dienu viz\u012bt\u0113 uz \u0136\u012bnu. \u0160\u012b ir pirm\u0101 Dienvidkorejas prezidenta viz\u012bte \u0136\u012bn\u0101 kop\u0161 2019. gada. Sagaid\u0101ms, ka viz\u012btes laik\u0101 tiks apspriesta ar\u012b Zieme\u013ckorejas kodolprogramma.<\/p>\n","protected":false},"excerpt":{"rendered":"Seula pazi\u0146oja, ka \u0161or\u012bt re\u0123istr\u0113jusi vair\u0101ku ballistisko ra\u0137e\u0161u palai\u0161anu no Zieme\u013ckorejas galvaspils\u0113tas re\u0123iona Jap\u0101\u0146u j\u016br\u0101. Ra\u0137etes nolidoju\u0161as aptuveni&hellip;\n","protected":false},"author":2,"featured_media":94075,"comment_status":"","ping_status":"","sticky":false,"template":"","format":"standard","meta":{"footnotes":""},"categories":[14],"tags":[23,57,28,29,32,33,22,30,31,35,39,38,36,37,34,40,20,26,27,24,25,54,55,56,4214,21,58],"class_list":{"0":"post-94074","1":"post","2":"type-post","3":"status-publish","4":"format-standard","5":"has-post-thumbnail","7":"category-zinas-no-arvalstim","8":"tag-aktualitates","9":"tag-arvalstim","10":"tag-breaking-news","11":"tag-breakingnews","12":"tag-featured-news","13":"tag-featurednews","14":"tag-headlines","15":"tag-latest-news","16":"tag-latestnews","17":"tag-latvia","18":"tag-latvian","19":"tag-latviesu","20":"tag-latviesu-valoda","21":"tag-latviesuvaloda","22":"tag-latvija","23":"tag-lv","24":"tag-news","25":"tag-popularakas-zinas","26":"tag-popularakaszinas","27":"tag-top-stories","28":"tag-topstories","29":"tag-world","30":"tag-world-news","31":"tag-worldnews","32":"tag-ziemelkoreja","33":"tag-zinas","34":"tag-zinas-no-arvalstim"},"share_on_mastodon":{"url":"https:\/\/pubeurope.com\/@lv\/115836211832669496","error":""},"_links":{"self":[{"href":"https:\/\/www.europesays.com\/lv\/wp-json\/wp\/v2\/posts\/94074","targetHints":{"allow":["GET"]}}],"collection":[{"href":"https:\/\/www.europesays.com\/lv\/wp-json\/wp\/v2\/posts"}],"about":[{"href":"https:\/\/www.europesays.com\/lv\/wp-json\/wp\/v2\/types\/post"}],"author":[{"embeddable":true,"href":"https:\/\/www.europesays.com\/lv\/wp-json\/wp\/v2\/users\/2"}],"replies":[{"embeddable":true,"href":"https:\/\/www.europesays.com\/lv\/wp-json\/wp\/v2\/comments?post=94074"}],"version-history":[{"count":0,"href":"https:\/\/www.europesays.com\/lv\/wp-json\/wp\/v2\/posts\/94074\/revisions"}],"wp:featuredmedia":[{"embeddable":true,"href":"https:\/\/www.europesays.com\/lv\/wp-json\/wp\/v2\/media\/94075"}],"wp:attachment":[{"href":"https:\/\/www.europesays.com\/lv\/wp-json\/wp\/v2\/media?parent=94074"}],"wp:term":[{"taxonomy":"category","embeddable":true,"href":"https:\/\/www.europesays.com\/lv\/wp-json\/wp\/v2\/categories?post=94074"},{"taxonomy":"post_tag","embeddable":true,"href":"https:\/\/www.europesays.com\/lv\/wp-json\/wp\/v2\/tags?post=94074"}],"curies":[{"name":"wp","href":"https:\/\/api.w.org\/{rel}","templated":true}]}}