{"id":94078,"date":"2026-01-04T09:55:07","date_gmt":"2026-01-04T09:55:07","guid":{"rendered":"https:\/\/www.europesays.com\/lv\/94078\/"},"modified":"2026-01-04T09:55:07","modified_gmt":"2026-01-04T09:55:07","slug":"apf-holdings-maina-nosaukumu-uz-agrova-baltics","status":"publish","type":"post","link":"https:\/\/www.europesays.com\/lv\/94078\/","title":{"rendered":"APF Holdings&#8221; maina nosaukumu uz &#8220;Agrova Baltics"},"content":{"rendered":"<p>Vienlaikus komp\u0101nijas padom\u0113 darbu s\u0101cis Dmitro Kiste\u010dko.<\/p>\n<p>Izmai\u0146as komp\u0101nijas nosaukum\u0101 un padomes sast\u0101v\u0101 Uz\u0146\u0113mumu re\u0123istr\u0101 iegr\u0101matotas pirmdien, 29. decembr\u012b.<\/p>\n<p>LETA jau v\u0113st\u012bja, ka komp\u0101nijas akcion\u0101ri \u0101rk\u0101rtas sapulc\u0113 2025. gada 10. decembr\u012b nol\u0113ma main\u012bt nosaukumu, k\u0101 ar\u012b papla\u0161in\u0101t padomes sast\u0101vu, nosakot, ka turpm\u0101k padom\u0113 b\u016bs pieci padomes locek\u013ci l\u012bdz\u0161in\u0113jo \u010detru viet\u0101.<\/p>\n<p>&#8220;Agrova Baltics&#8221; publiskot\u0101 inform\u0101cija liecina, ka t\u0101s kapit\u0101l\u0101 Jurijam Adamovi\u010dam piedero\u0161ajai SIA &#8220;J.A. Investment Holdings&#8221; pieder vair\u0101k nek\u0101 80,5%. Ta\u010du novembra s\u0101kum\u0101 uz\u0146\u0113mums zi\u0146oja, ka SIA &#8220;Agrova International&#8221; p\u0101r\u0146\u0113musi Adamovi\u010dam piedero\u0161\u0101s &#8220;Agrova Baltics&#8221; akcijas.<\/p>\n<p>P\u0113c &#8220;Firmas.lv&#8221; datiem, &#8220;Agrova International&#8221; kapit\u0101l\u0101 kop\u0161 2025. gada novembra vidus 77% pieder SIA &#8220;Agrova Holdings&#8221;, kura savuk\u0101rt pieder &#8220;J.A. Investment Holdings&#8221;, bet 23% pieder Luksemburgas &#8220;AMC V Layer SARL&#8221;. Pirms tam &#8220;Agrova International&#8221; vien\u012bg\u0101 \u012bpa\u0161niece bija &#8220;Agrova Holdings&#8221;.<\/p>\n<p>Uz\u0146\u0113mums &#8220;Agrova International&#8221; re\u0123istr\u0113ts 2025. gada 30. septembr\u012b, un t\u0101 pamatkapit\u0101ls ir 334 783 eiro. Savuk\u0101rt &#8220;Agrova Holdings&#8221; re\u0123istr\u0113ta 2025. gada 26. septembr\u012b, un t\u0101s pamatkapit\u0101ls ir 2800 eiro.<\/p>\n","protected":false},"excerpt":{"rendered":"Vienlaikus komp\u0101nijas padom\u0113 darbu s\u0101cis Dmitro Kiste\u010dko. Izmai\u0146as komp\u0101nijas nosaukum\u0101 un padomes sast\u0101v\u0101 Uz\u0146\u0113mumu re\u0123istr\u0101 iegr\u0101matotas pirmdien, 29.&hellip;\n","protected":false},"author":2,"featured_media":94079,"comment_status":"","ping_status":"","sticky":false,"template":"","format":"standard","meta":{"footnotes":""},"categories":[16],"tags":[14933,77,76,35,39,38,36,37,34,40],"class_list":{"0":"post-94078","1":"post","2":"type-post","3":"status-publish","4":"format-standard","5":"has-post-thumbnail","7":"category-bizness","8":"tag-apf-holdings","9":"tag-bizness","10":"tag-business","11":"tag-latvia","12":"tag-latvian","13":"tag-latviesu","14":"tag-latviesu-valoda","15":"tag-latviesuvaloda","16":"tag-latvija","17":"tag-lv"},"share_on_mastodon":{"url":"https:\/\/pubeurope.com\/@lv\/115836231570466540","error":""},"_links":{"self":[{"href":"https:\/\/www.europesays.com\/lv\/wp-json\/wp\/v2\/posts\/94078","targetHints":{"allow":["GET"]}}],"collection":[{"href":"https:\/\/www.europesays.com\/lv\/wp-json\/wp\/v2\/posts"}],"about":[{"href":"https:\/\/www.europesays.com\/lv\/wp-json\/wp\/v2\/types\/post"}],"author":[{"embeddable":true,"href":"https:\/\/www.europesays.com\/lv\/wp-json\/wp\/v2\/users\/2"}],"replies":[{"embeddable":true,"href":"https:\/\/www.europesays.com\/lv\/wp-json\/wp\/v2\/comments?post=94078"}],"version-history":[{"count":0,"href":"https:\/\/www.europesays.com\/lv\/wp-json\/wp\/v2\/posts\/94078\/revisions"}],"wp:featuredmedia":[{"embeddable":true,"href":"https:\/\/www.europesays.com\/lv\/wp-json\/wp\/v2\/media\/94079"}],"wp:attachment":[{"href":"https:\/\/www.europesays.com\/lv\/wp-json\/wp\/v2\/media?parent=94078"}],"wp:term":[{"taxonomy":"category","embeddable":true,"href":"https:\/\/www.europesays.com\/lv\/wp-json\/wp\/v2\/categories?post=94078"},{"taxonomy":"post_tag","embeddable":true,"href":"https:\/\/www.europesays.com\/lv\/wp-json\/wp\/v2\/tags?post=94078"}],"curies":[{"name":"wp","href":"https:\/\/api.w.org\/{rel}","templated":true}]}}