{"id":94080,"date":"2026-01-04T09:56:07","date_gmt":"2026-01-04T09:56:07","guid":{"rendered":"https:\/\/www.europesays.com\/lv\/94080\/"},"modified":"2026-01-04T09:56:07","modified_gmt":"2026-01-04T09:56:07","slug":"ukraina-velas-mieru-bet-ne-par-katru-cenu-jauno-gadu-sagaida-krievijas-dronu-triecieni-lente-lv","status":"publish","type":"post","link":"https:\/\/www.europesays.com\/lv\/94080\/","title":{"rendered":"Ukraina v\u0113las mieru, bet ne par katru cenu; Jauno gadu sagaida Krievijas dronu triecieni\u00a0\u2014\u00a0Lente.lv"},"content":{"rendered":"<p>Ukrainas prezidents uzsver v\u0113lmi p\u0113c miera, bet nekompromisu<\/p>\n<p>Ukrainas prezidents Volodimirs Zelenskis sav\u0101 Jaungada uzrun\u0101 tautai uzsv\u0113ra, ka Ukraina tiecas uz mieru, ta\u010du ne par jebkuru cenu. \u0160\u012b nost\u0101ja tiek pausta laik\u0101, kad daudzviet Ukrain\u0101 Jauno gadu sagaid\u012bju\u0161i, atskanot Krievijas dronu spr\u0101dzieniem. K\u0101 inform\u0113 Latvijas Sabiedriskie Mediji, prezidents Zelenskis ir paudis, ka Ukraina ir gatava dar\u012bt visu iesp\u0113jamo miera nodro\u0161in\u0101\u0161anai, ta\u010du nav gatava piek\u0101pties fundament\u0101los jaut\u0101jumos. Vi\u0146\u0161 ar\u012b nor\u0101d\u012bjis, ka Krievija pati neizbeidz savus karus un ka nepiecie\u0161ams starptautisk\u0101s sabiedr\u012bbas spiediens, lai pan\u0101ktu taisn\u012bgu risin\u0101jumu. Zelenskis ar\u012b atz\u012bm\u0113jis, ka Ukraina ir k\u0101 vairogs, kas sarg\u0101 komfortablo dz\u012bvi Eirop\u0101 no &#8220;krievu pasaules&#8221;.<\/p>\n<p>Masveida dronu uzbrukumi Ukrainai Jaungada nakt\u012b<\/p>\n<p>Tie\u0161i Jaungada nakt\u012b Krievija \u012bstenojusi pla\u0161us trieciendronu uzbrukumus Ukrainai, izmantojot vair\u0101k nek\u0101 simts bezpilota lidapar\u0101tus. Zi\u0146as liecina, ka nakt\u012b uz 2. janv\u0101ri pret Ukrainu raid\u012bti 116 droni, no kuriem Ukrainas pretgaisa aizsardz\u012bbas sp\u0113ki notrieku\u0161i 86. Lai gan notriekto dronu \u012bpatsvars ir augsts, da\u013ca trieciendronu tom\u0113r sasniegu\u0161i savus m\u0113r\u0137us, radot post\u012bjumus un iesp\u0113jamus upurus da\u017e\u0101dos Ukrainas re\u0123ionos, tostarp ener\u0123\u0113tikas infrastrukt\u016brai. Zi\u0146ots par ugunsgr\u0113kiem Zapori\u017ejas un D\u0146ipropetrovskas apgabalos, k\u0101 ar\u012b par cietu\u0161ajiem Herson\u0101 un D\u0146ipropetrovsk\u0101. \u0160\u0101di uzbrukumi tiek raksturoti k\u0101 Krievijas centieni destabiliz\u0113t Ukrainu un nodar\u012bt maksim\u0101lu kait\u0113jumu t\u0101s infrastrukt\u016brai.<\/p>\n<p>Latvijas nost\u0101ja un atbalsts Ukrainai<\/p>\n<p>Latvija stingri nosoda Krievijas milit\u0101ro agresiju Ukrain\u0101 un nemain\u012bgi atbalsta Ukrainas suverenit\u0101ti un teritori\u0101lo vienot\u012bbu. Latvijas \u0101rlietu ministre Baiba Bra\u017ee ir uzsv\u0113rusi, ka Latvija nekad neatz\u012bs Krievijas okup\u0113to Ukrainas teritoriju iek\u013cau\u0161anu Krievijas sast\u0101v\u0101, neatkar\u012bgi no miera sarunu izn\u0101kuma. Latvija ir viena no pirmaj\u0101m valst\u012bm, kas sniegusi milit\u0101ro, hum\u0101no un finansi\u0101lo pal\u012bdz\u012bbu Ukrainai, k\u0101 ar\u012b nodro\u0161ina patv\u0113rumu Ukrainas civiliedz\u012bvot\u0101jiem. Latvijas politisk\u0101 nost\u0101ja ir skaidra \u2013 Krievijas agresija Ukrain\u0101 apdraud mieru vis\u0101 Eirop\u0101, un ir nepiecie\u0161ams izdar\u012bt maksim\u0101lu spiedienu uz Krieviju, tostarp ar sankcij\u0101m un milit\u0101r\u0101s pal\u012bdz\u012bbas snieg\u0161anu Ukrainai.<\/p>\n<p>Kara norise un perspekt\u012bvas<\/p>\n<p>Krievijas kar\u0161 Ukrain\u0101 turpin\u0101s, un Krievija regul\u0101ri izmanto dronus un ra\u0137etes, lai grautu Ukrainas pretest\u012bbas sp\u0113jas un demoraliz\u0113tu sabiedr\u012bbu. Neskatoties uz Ukrainas pretuzbrukuma pan\u0101kumiem un centieniem atkarot savas teritorijas, Krievijas armijas izveidot\u0101s aizsardz\u012bbas l\u012bnijas un pla\u0161ie m\u012bnu lauki rada nopietnus izaicin\u0101jumus. Ukrainas prezidents ir nor\u0101d\u012bjis, ka Krievijas agresoru var\u0113tu aptur\u0113t jau 2026. gad\u0101, ja r\u012bkosies &#8220;\u013coti \u0101tri un izl\u0113m\u012bgi&#8221;, tostarp ar milit\u0101r\u0101s pal\u012bdz\u012bbas palielin\u0101\u0161anu. Tikm\u0113r Ukrainas bru\u0146otie sp\u0113ki turpina veikt uzbrukumus Krievijas milit\u0101rajiem m\u0113r\u0137iem, tai skait\u0101 dronu palai\u0161anas b\u0101z\u0113m, lai mazin\u0101tu Krievijas sp\u0113ju veikt turpm\u0101kus uzbrukumus.<\/p>\n","protected":false},"excerpt":{"rendered":"Ukrainas prezidents uzsver v\u0113lmi p\u0113c miera, bet nekompromisu Ukrainas prezidents Volodimirs Zelenskis sav\u0101 Jaungada uzrun\u0101 tautai uzsv\u0113ra, ka&hellip;\n","protected":false},"author":2,"featured_media":94081,"comment_status":"","ping_status":"","sticky":false,"template":"","format":"standard","meta":{"footnotes":""},"categories":[14],"tags":[23,57,28,29,13283,32,33,22,23052,234,30,31,35,39,38,36,37,34,40,20,26,27,24,25,276,178,54,55,56,21,58],"class_list":{"0":"post-94080","1":"post","2":"type-post","3":"status-publish","4":"format-standard","5":"has-post-thumbnail","7":"category-zinas-no-arvalstim","8":"tag-aktualitates","9":"tag-arvalstim","10":"tag-breaking-news","11":"tag-breakingnews","12":"tag-dronu-uzbrukumi","13":"tag-featured-news","14":"tag-featurednews","15":"tag-headlines","16":"tag-jaungada-uzruna","17":"tag-krievija","18":"tag-latest-news","19":"tag-latestnews","20":"tag-latvia","21":"tag-latvian","22":"tag-latviesu","23":"tag-latviesu-valoda","24":"tag-latviesuvaloda","25":"tag-latvija","26":"tag-lv","27":"tag-news","28":"tag-popularakas-zinas","29":"tag-popularakaszinas","30":"tag-top-stories","31":"tag-topstories","32":"tag-ukraina","33":"tag-volodimirs-zelenskis","34":"tag-world","35":"tag-world-news","36":"tag-worldnews","37":"tag-zinas","38":"tag-zinas-no-arvalstim"},"share_on_mastodon":{"url":"","error":"Validation failed: Text character limit of 500 exceeded"},"_links":{"self":[{"href":"https:\/\/www.europesays.com\/lv\/wp-json\/wp\/v2\/posts\/94080","targetHints":{"allow":["GET"]}}],"collection":[{"href":"https:\/\/www.europesays.com\/lv\/wp-json\/wp\/v2\/posts"}],"about":[{"href":"https:\/\/www.europesays.com\/lv\/wp-json\/wp\/v2\/types\/post"}],"author":[{"embeddable":true,"href":"https:\/\/www.europesays.com\/lv\/wp-json\/wp\/v2\/users\/2"}],"replies":[{"embeddable":true,"href":"https:\/\/www.europesays.com\/lv\/wp-json\/wp\/v2\/comments?post=94080"}],"version-history":[{"count":0,"href":"https:\/\/www.europesays.com\/lv\/wp-json\/wp\/v2\/posts\/94080\/revisions"}],"wp:featuredmedia":[{"embeddable":true,"href":"https:\/\/www.europesays.com\/lv\/wp-json\/wp\/v2\/media\/94081"}],"wp:attachment":[{"href":"https:\/\/www.europesays.com\/lv\/wp-json\/wp\/v2\/media?parent=94080"}],"wp:term":[{"taxonomy":"category","embeddable":true,"href":"https:\/\/www.europesays.com\/lv\/wp-json\/wp\/v2\/categories?post=94080"},{"taxonomy":"post_tag","embeddable":true,"href":"https:\/\/www.europesays.com\/lv\/wp-json\/wp\/v2\/tags?post=94080"}],"curies":[{"name":"wp","href":"https:\/\/api.w.org\/{rel}","templated":true}]}}