{"id":94119,"date":"2026-01-04T10:53:15","date_gmt":"2026-01-04T10:53:15","guid":{"rendered":"https:\/\/www.europesays.com\/lv\/94119\/"},"modified":"2026-01-04T10:53:15","modified_gmt":"2026-01-04T10:53:15","slug":"arturs-uskans-par-brivibu-attiecibam-un-radoso-krizi-loti-laimigi-dzivoju-viens-lente-lv","status":"publish","type":"post","link":"https:\/\/www.europesays.com\/lv\/94119\/","title":{"rendered":"Art\u016brs U\u0161k\u0101ns par br\u012bv\u012bbu, attiec\u012bb\u0101m un rado\u0161o kr\u012bzi: &#8220;\u013boti laim\u012bgi dz\u012bvoju viens&#8221;\u00a0\u2014\u00a0Lente.lv"},"content":{"rendered":"<p>Par dal\u012bbu \u0161ov\u0101 un rado\u0161aj\u0101m izpausm\u0113m<\/p>\n<p>M\u016bzi\u0137is, komponists un folklorists Art\u016brs U\u0161k\u0101ns \u0161obr\u012bd piedal\u0101s muzik\u0101li izklaid\u0113jo\u0161\u0101 \u0161ova &#8220;P\u0101rdziedi mani!&#8221; otraj\u0101 sezon\u0101, sacen\u0161oties ar septi\u0146iem citiem m\u0101ksliniekiem. K\u0101 inform\u0113 port\u0101ls jauns.lv, U\u0161k\u0101ns atkl\u0101j, ka \u0161aj\u0101 laik\u0101, lai ar\u012b ir \u013coti pies\u0101tin\u0101ts rado\u0161ais process, iest\u0101jas ar\u012b br\u012b\u017ei, kad \u0161\u0137iet, ka nekas nesan\u0101k. Tom\u0113r kol\u0113\u0123u un \u0161ova film\u0113\u0161anas grupas atbalsts pal\u012bdz p\u0101rvar\u0113t \u0161\u012bs gr\u016bt\u012bbas. U\u0161k\u0101ns piekr\u012bt dal\u012bbai \u0161ov\u0101, jo tas ir izaicin\u0101jums, lai &#8220;p\u0101rdzied\u0101tu pa\u0161i sevi&#8221;.<\/p>\n<p>Vi\u0146\u0161 ar\u012b st\u0101sta, ka rado\u0161\u0101s kr\u012bzes periodos svar\u012bgs ir atbalsts un sp\u0113ja t\u0101l\u0101k darboties, pat ja s\u0101kotn\u0113ji tr\u016bkst intereses.<\/p>\n<p>Vienatn\u012bbas pie\u0146em\u0161ana un attiec\u012bbu skepse<\/p>\n<p>Run\u0101jot par person\u012bgo dz\u012bvi, Art\u016brs U\u0161k\u0101ns atz\u012bst, ka \u0161obr\u012bd j\u016btas \u013coti laim\u012bgs, dz\u012bvojot viens. Vi\u0146\u0161 skaidro, ka attiec\u012bbu veido\u0161ana prasa daudz laika un darba, un pa\u0161laik vi\u0146\u0161 ir &#8220;slings uz to&#8221;. Pirms apm\u0113ram devi\u0146iem gadiem U\u0161k\u0101ns p\u0101rc\u0113l\u0101s no Daugavpils uz R\u012bgu, pieliekot punktu savai laul\u012bbai un iz\u0161\u0137iroties no iepriek\u0161\u0113j\u0101m attiec\u012bb\u0101m. Lai gan vi\u0146\u0161 atz\u012bst, ka iepriek\u0161 ir m\u012bl\u0113jis divas sievietes vienlaikus un tas s\u0101pin\u0101jis gan vi\u0146u pa\u0161u, gan biju\u0161o sievu, tagad vi\u0146\u0161 ir pie\u0146\u0113mis savu vientul\u012bbu un pat ironiski nor\u0101da, ka nezinot, vai tagad k\u0101du ielaistu sav\u0101 teritorij\u0101 uz palik\u0161anu.<\/p>\n<p>Rado\u0161ais mantojums un &#8220;Laimas Muzykanti&#8221;<\/p>\n<p>Art\u016brs U\u0161k\u0101ns ir zin\u0101ms k\u0101 folkroka grupas &#8220;Laimas Muzykanti&#8221; dibin\u0101t\u0101js un vad\u012bt\u0101js, kura nesen svin\u0113jusi savu 30. jubileju ar diviem lieliem koncertiem. Grupa dibin\u0101ta 1995. gad\u0101 Daugavpils Universit\u0101t\u0113, un t\u0101s s\u0101kotn\u0113jais skan\u0113jums balst\u012bj\u0101s uz autentisku tautas m\u016bziku. U\u0161k\u0101ns ir ar\u012b folklorists, komponists, aran\u017e\u0113t\u0101js un multiinstrument\u0101lists, kur\u0161 sp\u0113l\u0113 da\u017e\u0101dus instrumentus, tostarp akordeonu, kokli un d\u016bdas. Vi\u0146\u0161 ir ar\u012b vad\u012bjis etnogr\u0101fisko ansambli &#8220;Vaba\u013cis&#8221; un darbojies citos m\u016bzikas projektos, k\u0101 ar\u012b raksta dzeju un ir piedal\u012bjies liter\u0101ros projektos.<\/p>\n<p>Person\u012bg\u0101s v\u0113rt\u012bbas un n\u0101kotnes skat\u012bjums<\/p>\n<p>U\u0161k\u0101ns savu rado\u0161\u0101 darba saturu balsta uz t\u0113m\u0101m k\u0101 br\u012bv\u012bba, m\u016bzika un boh\u0113ma, noliedzot karu un autorit\u0101tes. Vi\u0146\u0161 uzsver, ka galvenais ir atrasties mier\u0101 ar sevi un savu dz\u012bvesveidu. Lai gan dz\u012bve vienatn\u0113 ir k\u013cuvusi par \u0113rtu un priec\u012bgu st\u0101vokli, U\u0161k\u0101ns nenoliedz, ka reiz\u0113m ien\u0101k pr\u0101t\u0101 doma par m\u012blest\u012bbu, ta\u010du atg\u0101dina sev, cik daudz darba tas prasa.<\/p>\n","protected":false},"excerpt":{"rendered":"Par dal\u012bbu \u0161ov\u0101 un rado\u0161aj\u0101m izpausm\u0113m M\u016bzi\u0137is, komponists un folklorists Art\u016brs U\u0161k\u0101ns \u0161obr\u012bd piedal\u0101s muzik\u0101li izklaid\u0113jo\u0161\u0101 \u0161ova &#8220;P\u0101rdziedi&hellip;\n","protected":false},"author":2,"featured_media":94120,"comment_status":"","ping_status":"","sticky":false,"template":"","format":"standard","meta":{"footnotes":""},"categories":[19],"tags":[10209,18499,262,89,90,15952,35,39,38,36,37,34,40,23517],"class_list":{"0":"post-94119","1":"post","2":"type-post","3":"status-publish","4":"format-standard","5":"has-post-thumbnail","7":"category-izklaide","8":"tag-pardziedi-mani","9":"tag-arturs-uskans","10":"tag-attiecibas","11":"tag-entertainment","12":"tag-izklaide","13":"tag-laimas-muzykanti","14":"tag-latvia","15":"tag-latvian","16":"tag-latviesu","17":"tag-latviesu-valoda","18":"tag-latviesuvaloda","19":"tag-latvija","20":"tag-lv","21":"tag-radosa-krize"},"share_on_mastodon":{"url":"https:\/\/pubeurope.com\/@lv\/115836459680777156","error":""},"_links":{"self":[{"href":"https:\/\/www.europesays.com\/lv\/wp-json\/wp\/v2\/posts\/94119","targetHints":{"allow":["GET"]}}],"collection":[{"href":"https:\/\/www.europesays.com\/lv\/wp-json\/wp\/v2\/posts"}],"about":[{"href":"https:\/\/www.europesays.com\/lv\/wp-json\/wp\/v2\/types\/post"}],"author":[{"embeddable":true,"href":"https:\/\/www.europesays.com\/lv\/wp-json\/wp\/v2\/users\/2"}],"replies":[{"embeddable":true,"href":"https:\/\/www.europesays.com\/lv\/wp-json\/wp\/v2\/comments?post=94119"}],"version-history":[{"count":0,"href":"https:\/\/www.europesays.com\/lv\/wp-json\/wp\/v2\/posts\/94119\/revisions"}],"wp:featuredmedia":[{"embeddable":true,"href":"https:\/\/www.europesays.com\/lv\/wp-json\/wp\/v2\/media\/94120"}],"wp:attachment":[{"href":"https:\/\/www.europesays.com\/lv\/wp-json\/wp\/v2\/media?parent=94119"}],"wp:term":[{"taxonomy":"category","embeddable":true,"href":"https:\/\/www.europesays.com\/lv\/wp-json\/wp\/v2\/categories?post=94119"},{"taxonomy":"post_tag","embeddable":true,"href":"https:\/\/www.europesays.com\/lv\/wp-json\/wp\/v2\/tags?post=94119"}],"curies":[{"name":"wp","href":"https:\/\/api.w.org\/{rel}","templated":true}]}}