{"id":9414,"date":"2025-10-01T06:30:08","date_gmt":"2025-10-01T06:30:08","guid":{"rendered":"https:\/\/www.europesays.com\/lv\/9414\/"},"modified":"2025-10-01T06:30:08","modified_gmt":"2025-10-01T06:30:08","slug":"oktobris-latvija-gaidams-nedaudz-siltaks-neka-parasti","status":"publish","type":"post","link":"https:\/\/www.europesays.com\/lv\/9414\/","title":{"rendered":"Oktobris Latvij\u0101 gaid\u0101ms nedaudz silt\u0101ks nek\u0101 parasti"},"content":{"rendered":"<p>Saska\u0146\u0101 ar Eiropas Vid\u0113ja termi\u0146a laika progno\u017eu centra datiem vid\u0113j\u0101 gaisa temperat\u016bra n\u0101kamaj\u0101s \u010detr\u0101s ned\u0113\u013c\u0101s Latvij\u0101 gaid\u0101ma atbilsto\u0161a normai vai aptuveni gr\u0101du augst\u0101ka par to, ar\u012b nokri\u0161\u0146u daudzums prognoz\u0113ts l\u012bdz\u012bgs daudzu gadu vid\u0113jam r\u0101d\u012bt\u0101jam vai liel\u0101ks par to.<\/p>\n<p>Ne tikai oktobris, bet ar\u012b visi tuv\u0101kie m\u0113ne\u0161i Zieme\u013ceirop\u0101 var\u0113tu b\u016bt silt\u0101ki nek\u0101 ierasts. Prognozes par nokri\u0161\u0146u daudzumu ir nenoteikt\u0101kas; ziema Eiropas zieme\u013cu da\u013c\u0101 var\u0113tu b\u016bt slapj\u0101ka nek\u0101 vid\u0113ji, liecina Eiropas Savien\u012bbas Kopernika Klimata izmai\u0146u dienesta un ASV Nacion\u0101l\u0101s oke\u0101nu un atmosf\u0113ras p\u0101rvaldes public\u0113tie dati.<\/p>\n<p>\u0160oned\u0113\u013c l\u012bdz sestdienai saglab\u0101sies paaugstin\u0101ts atmosf\u0113ras spiediens, m\u0101ko\u0146u daudzums b\u016bs main\u012bgs un nav gaid\u0101mi lieli nokri\u0161\u0146i. P\u016b\u0161ot l\u0113nam v\u0113jam, nakts un r\u012bta stund\u0101s viet\u0101m veidosies migla. Minim\u0101l\u0101 gaisa temperat\u016bra b\u016bs -2..+3 gr\u0101di, bet zem m\u0101ko\u0146ain\u0101m debes\u012bm, k\u0101 ar\u012b R\u012bgas l\u012b\u010da Kurzemes piekrast\u0113 temperat\u016bra nenosl\u012bd\u0113s zem\u0101k par +4..+8 gr\u0101diem. Maksim\u0101l\u0101 temperat\u016bra p\u0113cpusdien\u0101s b\u016bs vien +7..+13 gr\u0101di.<\/p>\n<p>Sagaid\u0101ms, ka oktobra pirmaj\u0101 sv\u0113tdien\u0101 Latviju no rietumiem \u0161\u0137\u0113rsos lietus m\u0101ko\u0146i un piekrast\u0113 p\u016bt\u012bs sp\u0113c\u012bgs dienvidu v\u0113j\u0161. N\u0101kamned\u0113\u013c palaikam gaid\u0101ms lietus un gaiss b\u016bs silt\u0101ks &#8211; da\u017e\u0101s nakt\u012bs temperat\u016bra, iesp\u0113jams, nepazemin\u0101sies zem +10 gr\u0101diem, maksim\u0101l\u0101 gaisa temperat\u016bra var sasniegt +18 gr\u0101dus.<\/p>\n","protected":false},"excerpt":{"rendered":"Saska\u0146\u0101 ar Eiropas Vid\u0113ja termi\u0146a laika progno\u017eu centra datiem vid\u0113j\u0101 gaisa temperat\u016bra n\u0101kamaj\u0101s \u010detr\u0101s ned\u0113\u013c\u0101s Latvij\u0101 gaid\u0101ma atbilsto\u0161a&hellip;\n","protected":false},"author":2,"featured_media":9415,"comment_status":"","ping_status":"","sticky":false,"template":"","format":"standard","meta":{"footnotes":""},"categories":[12],"tags":[23,28,29,32,33,22,1811,396,397,30,31,35,39,38,36,37,34,40,20,26,27,24,25,21],"class_list":{"0":"post-9414","1":"post","2":"type-post","3":"status-publish","4":"format-standard","5":"has-post-thumbnail","7":"category-latvija","8":"tag-aktualitates","9":"tag-breaking-news","10":"tag-breakingnews","11":"tag-featured-news","12":"tag-featurednews","13":"tag-headlines","14":"tag-laika-zina","15":"tag-laika-zinas","16":"tag-laikapstakli","17":"tag-latest-news","18":"tag-latestnews","19":"tag-latvia","20":"tag-latvian","21":"tag-latviesu","22":"tag-latviesu-valoda","23":"tag-latviesuvaloda","24":"tag-latvija","25":"tag-lv","26":"tag-news","27":"tag-popularakas-zinas","28":"tag-popularakaszinas","29":"tag-top-stories","30":"tag-topstories","31":"tag-zinas"},"share_on_mastodon":{"url":"","error":""},"_links":{"self":[{"href":"https:\/\/www.europesays.com\/lv\/wp-json\/wp\/v2\/posts\/9414","targetHints":{"allow":["GET"]}}],"collection":[{"href":"https:\/\/www.europesays.com\/lv\/wp-json\/wp\/v2\/posts"}],"about":[{"href":"https:\/\/www.europesays.com\/lv\/wp-json\/wp\/v2\/types\/post"}],"author":[{"embeddable":true,"href":"https:\/\/www.europesays.com\/lv\/wp-json\/wp\/v2\/users\/2"}],"replies":[{"embeddable":true,"href":"https:\/\/www.europesays.com\/lv\/wp-json\/wp\/v2\/comments?post=9414"}],"version-history":[{"count":0,"href":"https:\/\/www.europesays.com\/lv\/wp-json\/wp\/v2\/posts\/9414\/revisions"}],"wp:featuredmedia":[{"embeddable":true,"href":"https:\/\/www.europesays.com\/lv\/wp-json\/wp\/v2\/media\/9415"}],"wp:attachment":[{"href":"https:\/\/www.europesays.com\/lv\/wp-json\/wp\/v2\/media?parent=9414"}],"wp:term":[{"taxonomy":"category","embeddable":true,"href":"https:\/\/www.europesays.com\/lv\/wp-json\/wp\/v2\/categories?post=9414"},{"taxonomy":"post_tag","embeddable":true,"href":"https:\/\/www.europesays.com\/lv\/wp-json\/wp\/v2\/tags?post=9414"}],"curies":[{"name":"wp","href":"https:\/\/api.w.org\/{rel}","templated":true}]}}