{"id":94140,"date":"2026-01-04T11:33:07","date_gmt":"2026-01-04T11:33:07","guid":{"rendered":"https:\/\/www.europesays.com\/lv\/94140\/"},"modified":"2026-01-04T11:33:07","modified_gmt":"2026-01-04T11:33:07","slug":"jelgavas-slimnica-sagaidits-pirmais-2026-gada-mazulis","status":"publish","type":"post","link":"https:\/\/www.europesays.com\/lv\/94140\/","title":{"rendered":"Jelgavas slimn\u012bc\u0101 sagaid\u012bts pirmais 2026. gada mazulis"},"content":{"rendered":"<p>Aizvad\u012btaj\u0101 gad\u0101 janv\u0101r\u012b piedzima 40 b\u0113rni, febru\u0101r\u012b \u2013 49, mart\u0101 \u2013 49, apr\u012bl\u012b \u2013 57, maij\u0101 \u2013 40, j\u016bnij\u0101 \u2013 41 b\u0113rni\u0146\u0161, j\u016blij\u0101 \u2013 54, august\u0101 \u2013 55 \u00a0b\u0113rni\u0146i, septembr\u012b \u2013 56 b\u0113rni\u0146i, oktobr\u012b \u2013 50, novembr\u012b \u2013 43 b\u0113rni\u0146i, savuk\u0101rt gada nosl\u0113gum\u0101 \u2013 decembr\u012b, slimn\u012bc\u0101 piedzimu\u0161i 42 b\u0113rni\u0146i.<\/p>\n<p class=\"tv3-fw-500\">Zi\u0146o par k\u013c\u016bdu rakst\u0101<\/p>\n<p class=\"d-md-block d-none\">Iez\u012bm\u0113 k\u013c\u016bdaino tekstu un spied Ctrl+Enter.<\/p>\n<p class=\"d-md-none d-block\">Iez\u012bm\u0113 k\u013c\u016bdaino tekstu un zi\u0146o par to!<\/p>\n","protected":false},"excerpt":{"rendered":"Aizvad\u012btaj\u0101 gad\u0101 janv\u0101r\u012b piedzima 40 b\u0113rni, febru\u0101r\u012b \u2013 49, mart\u0101 \u2013 49, apr\u012bl\u012b \u2013 57, maij\u0101 \u2013 40,&hellip;\n","protected":false},"author":2,"featured_media":94141,"comment_status":"","ping_status":"","sticky":false,"template":"","format":"standard","meta":{"footnotes":""},"categories":[12],"tags":[23,28,29,32,33,22,23520,30,31,35,39,38,36,37,34,40,20,26,27,24,25,21],"class_list":{"0":"post-94140","1":"post","2":"type-post","3":"status-publish","4":"format-standard","5":"has-post-thumbnail","7":"category-latvija","8":"tag-aktualitates","9":"tag-breaking-news","10":"tag-breakingnews","11":"tag-featured-news","12":"tag-featurednews","13":"tag-headlines","14":"tag-jaundzimusaisjelgavas-slimnica","15":"tag-latest-news","16":"tag-latestnews","17":"tag-latvia","18":"tag-latvian","19":"tag-latviesu","20":"tag-latviesu-valoda","21":"tag-latviesuvaloda","22":"tag-latvija","23":"tag-lv","24":"tag-news","25":"tag-popularakas-zinas","26":"tag-popularakaszinas","27":"tag-top-stories","28":"tag-topstories","29":"tag-zinas"},"share_on_mastodon":{"url":"https:\/\/pubeurope.com\/@lv\/115836616921550272","error":""},"_links":{"self":[{"href":"https:\/\/www.europesays.com\/lv\/wp-json\/wp\/v2\/posts\/94140","targetHints":{"allow":["GET"]}}],"collection":[{"href":"https:\/\/www.europesays.com\/lv\/wp-json\/wp\/v2\/posts"}],"about":[{"href":"https:\/\/www.europesays.com\/lv\/wp-json\/wp\/v2\/types\/post"}],"author":[{"embeddable":true,"href":"https:\/\/www.europesays.com\/lv\/wp-json\/wp\/v2\/users\/2"}],"replies":[{"embeddable":true,"href":"https:\/\/www.europesays.com\/lv\/wp-json\/wp\/v2\/comments?post=94140"}],"version-history":[{"count":0,"href":"https:\/\/www.europesays.com\/lv\/wp-json\/wp\/v2\/posts\/94140\/revisions"}],"wp:featuredmedia":[{"embeddable":true,"href":"https:\/\/www.europesays.com\/lv\/wp-json\/wp\/v2\/media\/94141"}],"wp:attachment":[{"href":"https:\/\/www.europesays.com\/lv\/wp-json\/wp\/v2\/media?parent=94140"}],"wp:term":[{"taxonomy":"category","embeddable":true,"href":"https:\/\/www.europesays.com\/lv\/wp-json\/wp\/v2\/categories?post=94140"},{"taxonomy":"post_tag","embeddable":true,"href":"https:\/\/www.europesays.com\/lv\/wp-json\/wp\/v2\/tags?post=94140"}],"curies":[{"name":"wp","href":"https:\/\/api.w.org\/{rel}","templated":true}]}}