{"id":94150,"date":"2026-01-04T11:44:08","date_gmt":"2026-01-04T11:44:08","guid":{"rendered":"https:\/\/www.europesays.com\/lv\/94150\/"},"modified":"2026-01-04T11:44:08","modified_gmt":"2026-01-04T11:44:08","slug":"lielbritanija-un-francija-veikusas-gaisa-triecienu-sirija","status":"publish","type":"post","link":"https:\/\/www.europesays.com\/lv\/94150\/","title":{"rendered":"Lielbrit\u0101nija un Francija veiku\u0161as gaisa triecienu S\u012brij\u0101"},"content":{"rendered":"<p>Lielbrit\u0101nijas Aizsardz\u012bbas ministrija pazi\u0146oja, ka sestdienas vakar\u0101 ar vad\u0101maj\u0101m bumb\u0101m uzbrukts tune\u013ciem, kas ved uz pazemes objektu kalnos uz zieme\u013ciem no sen\u0101s pils\u0113tas Palm\u012bras, Homsas provinc\u0113.<\/p>\n<p>Francija un Lielbrit\u0101nija ietilpst ASV vad\u012btaj\u0101 koal\u012bcij\u0101, kas jau vair\u0101k nek\u0101 desmit gadus c\u012bn\u0101s pret grup\u0113jumu &#8220;Isl\u0101ma valsts&#8221;.<\/p>\n<p>Lielbrit\u0101nijas Aizsardz\u012bbas ministrija pazi\u0146oja, ka izn\u012bcin\u0101t\u0101jus &#8220;Typhoon FGR4&#8221; atbalst\u012bja degvielas uzpildes tankku\u0123is &#8220;Voyager&#8221; un ka triecien\u0101 piedal\u012bj\u0101s ar\u012b Francijas lidma\u0161\u012bnas. Ministrija nor\u0101d\u012bja, ka vad\u0101m\u0101s bumbas &#8220;Paveway IV&#8221; tika m\u0113r\u0137\u0113tas uz vair\u0101kiem tune\u013ciem, kas ved uz objektu, un s\u0101kotn\u0113j\u0101 inform\u0101cija liecina, ka trieciens bija veiksm\u012bgs.<\/p>\n<p>Lielbrit\u0101nijas aizsardz\u012bbas ministrs D\u017eons H\u012blijs uzsv\u0113ra, ka Lielbrit\u0101nija ir ap\u0146\u0113m\u012bbas pilna plecu pie pleca kop\u0101 ar sabiedrotajiem nov\u0113rst jebk\u0101du &#8220;Isl\u0101ma valsts&#8221; atdzim\u0161anu. Ar\u012b Francijas bru\u0146otie sp\u0113ki nor\u0101d\u012bja, ka &#8220;c\u012b\u0146a pret terorismu joproj\u0101m ir Francijas un t\u0101s partneru priorit\u0101te&#8221;.<\/p>\n<p>Neraugoties uz &#8220;Isl\u0101ma valsts&#8221; sak\u0101vi S\u012brij\u0101 2019. gad\u0101, grup\u0113juma \u0161\u016bni\u0146as turpina uzbrukumus S\u012brij\u0101 un Ir\u0101k\u0101, kur ekstr\u0113misti savulaik pasludin\u0101ja savu kalif\u0101tu. ANO eksperti l\u0113\u0161, ka grup\u0113jumam S\u012brij\u0101 un Ir\u0101k\u0101 joproj\u0101m ir no 5000 l\u012bdz 7000 kaujinieku.<\/p>\n<p>ASV prezidenta Donalda Trampa administr\u0101cija pag\u0101ju\u0161aj\u0101 m\u0113nes\u012b s\u0101ka oper\u0101ciju S\u012brij\u0101 &#8220;Isl\u0101ma valsts&#8221; locek\u013cu likvid\u0113\u0161anai, atbildot uz uzbrukumu, kur\u0101 tika nogalin\u0101ti divi amerik\u0101\u0146u karav\u012bri un viens amerik\u0101\u0146u tulks.<\/p>\n","protected":false},"excerpt":{"rendered":"Lielbrit\u0101nijas Aizsardz\u012bbas ministrija pazi\u0146oja, ka sestdienas vakar\u0101 ar vad\u0101maj\u0101m bumb\u0101m uzbrukts tune\u013ciem, kas ved uz pazemes objektu kalnos&hellip;\n","protected":false},"author":2,"featured_media":94151,"comment_status":"","ping_status":"","sticky":false,"template":"","format":"standard","meta":{"footnotes":""},"categories":[14],"tags":[23,57,28,29,32,33,22,18712,30,31,35,39,38,36,37,34,40,20,26,27,6923,24,25,54,55,56,21,58],"class_list":{"0":"post-94150","1":"post","2":"type-post","3":"status-publish","4":"format-standard","5":"has-post-thumbnail","7":"category-zinas-no-arvalstim","8":"tag-aktualitates","9":"tag-arvalstim","10":"tag-breaking-news","11":"tag-breakingnews","12":"tag-featured-news","13":"tag-featurednews","14":"tag-headlines","15":"tag-islama-valsts","16":"tag-latest-news","17":"tag-latestnews","18":"tag-latvia","19":"tag-latvian","20":"tag-latviesu","21":"tag-latviesu-valoda","22":"tag-latviesuvaloda","23":"tag-latvija","24":"tag-lv","25":"tag-news","26":"tag-popularakas-zinas","27":"tag-popularakaszinas","28":"tag-sirija","29":"tag-top-stories","30":"tag-topstories","31":"tag-world","32":"tag-world-news","33":"tag-worldnews","34":"tag-zinas","35":"tag-zinas-no-arvalstim"},"share_on_mastodon":{"url":"https:\/\/pubeurope.com\/@lv\/115836660224010418","error":""},"_links":{"self":[{"href":"https:\/\/www.europesays.com\/lv\/wp-json\/wp\/v2\/posts\/94150","targetHints":{"allow":["GET"]}}],"collection":[{"href":"https:\/\/www.europesays.com\/lv\/wp-json\/wp\/v2\/posts"}],"about":[{"href":"https:\/\/www.europesays.com\/lv\/wp-json\/wp\/v2\/types\/post"}],"author":[{"embeddable":true,"href":"https:\/\/www.europesays.com\/lv\/wp-json\/wp\/v2\/users\/2"}],"replies":[{"embeddable":true,"href":"https:\/\/www.europesays.com\/lv\/wp-json\/wp\/v2\/comments?post=94150"}],"version-history":[{"count":0,"href":"https:\/\/www.europesays.com\/lv\/wp-json\/wp\/v2\/posts\/94150\/revisions"}],"wp:featuredmedia":[{"embeddable":true,"href":"https:\/\/www.europesays.com\/lv\/wp-json\/wp\/v2\/media\/94151"}],"wp:attachment":[{"href":"https:\/\/www.europesays.com\/lv\/wp-json\/wp\/v2\/media?parent=94150"}],"wp:term":[{"taxonomy":"category","embeddable":true,"href":"https:\/\/www.europesays.com\/lv\/wp-json\/wp\/v2\/categories?post=94150"},{"taxonomy":"post_tag","embeddable":true,"href":"https:\/\/www.europesays.com\/lv\/wp-json\/wp\/v2\/tags?post=94150"}],"curies":[{"name":"wp","href":"https:\/\/api.w.org\/{rel}","templated":true}]}}