{"id":94152,"date":"2026-01-04T11:45:14","date_gmt":"2026-01-04T11:45:14","guid":{"rendered":"https:\/\/www.europesays.com\/lv\/94152\/"},"modified":"2026-01-04T11:45:14","modified_gmt":"2026-01-04T11:45:14","slug":"pazudusi-diana-kuderova-nra-lv","status":"publish","type":"post","link":"https:\/\/www.europesays.com\/lv\/94152\/","title":{"rendered":"Pazudusi Di\u0101na Kuderova &#8211; nra.lv"},"content":{"rendered":"<p class=\"descr\">Valsts policijas R\u012bgas re\u0123iona p\u0101rvaldes R\u012bgas Austrumu p\u0101rvaldes amatpersonas mekl\u0113 bezv\u0113sts promb\u016btn\u0113 eso\u0161o 1959. gad\u0101 dzimu\u0161o Di\u0101nu Kuderovu, kura p\u0113d\u0113jo reizi sazin\u0101j\u0101s ar radiniekiem 2025. gada 31. decembr\u012b un l\u012bdz \u0161im br\u012bdim nav zin\u0101ma vi\u0146as atra\u0161an\u0101s vieta. Sievietei, iesp\u0113jams, ir vesel\u012bbas probl\u0113mas.<\/p>\n<p><a href=\"https:\/\/nra.lv\/birka\/valsts-policija\/\" target=\"_blank\" rel=\"noopener nofollow\">Policijas<\/a> r\u012bc\u012bb\u0101 ir inform\u0101cija, ka sieviete 2025. gada 25. decembr\u012b dev\u0101s uz Neapoli It\u0101lij\u0101 un 28. decembr\u012b ar vilcienu dev\u0101s uz Mil\u0101nu, kur atrad\u0101s lidost\u0101 Malpensa.<\/p>\n<p>Paz\u012bmes: augums 163 cm, \u012bsi gai\u0161i roz\u0101 mati. Sievietei l\u012bdzi bija melns \u010demod\u0101ns.<\/p>\n<p>Valsts policija aicina apl\u016bkot personas att\u0113lu un atsaukties ikvienu, kur\u0161 zina vi\u0146as atra\u0161an\u0101s vietu, zvanot 112.<\/p>\n<p>\t\t\t\t\t\tinfo<\/p>\n<p>Uzzini pirmais<br \/>kas interesants noticis Latvij\u0101 un pasaul\u0113,<br \/>pievienojoties mums <a href=\"https:\/\/t.me\/neatkariga\" rel=\"nofollow\">Telegram<\/a> vai <a href=\"https:\/\/whatsapp.com\/channel\/0029VaMLFUH5K3zLU5s4wm3y\" rel=\"nofollow noopener\" target=\"_blank\">Whatsapp<\/a> kan\u0101l\u0101<\/p>\n","protected":false},"excerpt":{"rendered":"Valsts policijas R\u012bgas re\u0123iona p\u0101rvaldes R\u012bgas Austrumu p\u0101rvaldes amatpersonas mekl\u0113 bezv\u0113sts promb\u016btn\u0113 eso\u0161o 1959. gad\u0101 dzimu\u0161o Di\u0101nu Kuderovu,&hellip;\n","protected":false},"author":2,"featured_media":94153,"comment_status":"","ping_status":"","sticky":false,"template":"","format":"standard","meta":{"footnotes":""},"categories":[12],"tags":[23,28,29,32,33,22,30,31,35,39,38,36,37,34,40,20,26,27,24,25,21],"class_list":{"0":"post-94152","1":"post","2":"type-post","3":"status-publish","4":"format-standard","5":"has-post-thumbnail","7":"category-latvija","8":"tag-aktualitates","9":"tag-breaking-news","10":"tag-breakingnews","11":"tag-featured-news","12":"tag-featurednews","13":"tag-headlines","14":"tag-latest-news","15":"tag-latestnews","16":"tag-latvia","17":"tag-latvian","18":"tag-latviesu","19":"tag-latviesu-valoda","20":"tag-latviesuvaloda","21":"tag-latvija","22":"tag-lv","23":"tag-news","24":"tag-popularakas-zinas","25":"tag-popularakaszinas","26":"tag-top-stories","27":"tag-topstories","28":"tag-zinas"},"share_on_mastodon":{"url":"https:\/\/pubeurope.com\/@lv\/115836664108298577","error":""},"_links":{"self":[{"href":"https:\/\/www.europesays.com\/lv\/wp-json\/wp\/v2\/posts\/94152","targetHints":{"allow":["GET"]}}],"collection":[{"href":"https:\/\/www.europesays.com\/lv\/wp-json\/wp\/v2\/posts"}],"about":[{"href":"https:\/\/www.europesays.com\/lv\/wp-json\/wp\/v2\/types\/post"}],"author":[{"embeddable":true,"href":"https:\/\/www.europesays.com\/lv\/wp-json\/wp\/v2\/users\/2"}],"replies":[{"embeddable":true,"href":"https:\/\/www.europesays.com\/lv\/wp-json\/wp\/v2\/comments?post=94152"}],"version-history":[{"count":0,"href":"https:\/\/www.europesays.com\/lv\/wp-json\/wp\/v2\/posts\/94152\/revisions"}],"wp:featuredmedia":[{"embeddable":true,"href":"https:\/\/www.europesays.com\/lv\/wp-json\/wp\/v2\/media\/94153"}],"wp:attachment":[{"href":"https:\/\/www.europesays.com\/lv\/wp-json\/wp\/v2\/media?parent=94152"}],"wp:term":[{"taxonomy":"category","embeddable":true,"href":"https:\/\/www.europesays.com\/lv\/wp-json\/wp\/v2\/categories?post=94152"},{"taxonomy":"post_tag","embeddable":true,"href":"https:\/\/www.europesays.com\/lv\/wp-json\/wp\/v2\/tags?post=94152"}],"curies":[{"name":"wp","href":"https:\/\/api.w.org\/{rel}","templated":true}]}}