{"id":94156,"date":"2026-01-04T11:51:25","date_gmt":"2026-01-04T11:51:25","guid":{"rendered":"https:\/\/www.europesays.com\/lv\/94156\/"},"modified":"2026-01-04T11:51:25","modified_gmt":"2026-01-04T11:51:25","slug":"saskatit-visa-labo-atceroties-muziba-aizgajuso-imantu-freibergu-raksts","status":"publish","type":"post","link":"https:\/\/www.europesays.com\/lv\/94156\/","title":{"rendered":"\u00abSaskat\u012bt vis\u0101 labo\u00bb. Atceroties m\u016b\u017e\u012bb\u0101 aizg\u0101ju\u0161o Imantu Freibergu \/ Raksts"},"content":{"rendered":"<p>91 gada vecum\u0101 m\u016b\u017e\u012bb\u0101 devies Imants Freibergs \u2013\u00a0eksprezidentes Vairas V\u012b\u0137es-Freibergas dz\u012bvesbiedrs. Imants Freibergs ir bijis inform\u0101tikas profesors, Latvijas Zin\u0101t\u0146u akad\u0113mijas goda doktors un vair\u0101ku gr\u0101matu autors. &#8220;Saskat\u012bt vis\u0101 labo \u2013\u00a0tas pieder pie vi\u0146a person\u012bbas&#8221;. T\u0101 savu v\u012bru alla\u017e raksturojusi eksprezidente, k\u0101 galven\u0101s \u012bpa\u0161\u012bbas izce\u013cot vi\u0146a cilv\u0113c\u012bgumu, mieru un nosv\u0113rt\u012bbu.\u00a0<\/p>\n<p>Jauniev\u0113l\u0113t\u0101s prezidentes v\u012brs kurina\u00a0kam\u012bnu, lai b\u016btu m\u0101j\u012bg\u0101k v\u0113l \u012bsti neapdz\u012bvotaj\u0101 J\u016brmalas rezidenc\u0113. T\u0101du Imantu Freibergu &#8220;Panor\u0101mas&#8221; skat\u012bt\u0101ji ierauga toreiz, kad vi\u0146\u0161 nupat ar diviem ka\u0137iem p\u0101rc\u0113lies no Kan\u0101das, ikdien\u0101 g\u0101d\u0101jot par\u00a0prezidentes atbalstu, uz kuru var pa\u013cauties, lai kas ar\u012b notiktu.<\/p>\n<p>&#8220;Liel\u0101s liet\u0101s esmu ledaini mier\u012bga un savald\u012bga, par kaut k\u0101du s\u012bkumu es varu ar\u012b uztraukties k\u0101dreiz, bet par svar\u012bg\u0101m liet\u0101m \u2013 nekad,&#8221; t\u0101 intervij\u0101 1999. gad\u0101 atzina Vaira V\u012b\u0137e-Freiberga.<\/p>\n<p>Imants Freibergs tolaik, jaut\u0101ts par s\u012bkumiem, par ko uztraucas vi\u0146a kundze, sac\u012bja:\u00a0&#8220;Ja nevar atrast, teiksim, pulksteni vai atsl\u0113gas. Ja j\u0101steidzas un tad nevar aiztais\u012bt pogu vai\u00a0pulksteni uzlikt. Var\u0113tu teikt, t\u0101d\u0101m materi\u0101l\u0101m liet\u0101m.&#8221;<\/p>\n<p>Studenti Kan\u0101d\u0101. T\u0101di vi\u0146i apprecas. Bet pirms tam biju\u0161as smagas kara b\u0113g\u013cu gaitas. Trimdinieki, kam viss j\u0101sp\u0113j pa\u0161u sp\u0113kiem. Pirms s\u0101kt stud\u0113t, Imantam bija j\u0101sapelna ce\u013canauda, lai pal\u012bdz\u0113tu saviem vec\u0101kiem p\u0101rcelties uz Kan\u0101du no Francijas.<\/p>\n<p>T\u0101l\u0101k \u2013 akad\u0113miska karjera.\u00a0Ar\u012b kop\u012bgs latvie\u0161u dainu digitaliz\u0101cijas projekts. Un kop\u012bgas r\u016bpes par b\u0113rniem. Ar\u012b kop\u012bgi braucieni uz Latviju jau padomju laik\u0101, kad Latvijas Universit\u0101te no Freiberga d\u0101van\u0101 sa\u0146em tolaik \u0101rk\u0101rt\u012bgi v\u0113rt\u012bgu datoru.<\/p>\n<blockquote>\n<p>Un v\u0113l\u0101k, jau b\u016bdams Latvijas Inform\u0101cijas un komunik\u0101cijas tehnolo\u0123iju asoci\u0101cijas prezidents, vi\u0146\u0161 cent\u012bsies pan\u0101kt, lai datorprasmes katram k\u013c\u016bst par ikdienu.<\/p>\n<\/blockquote>\n<p>&#8220;M\u0113s var\u0113tu t\u0101pat turpin\u0101t un ar\u012b kaut ko dar\u012bt Latvij\u0101. Nevajag b\u016bt amerik\u0101\u0146iem vai jap\u0101\u0146iem. Ar\u012b baltie\u0161i kaut ko sp\u0113j t\u0101pat paveikt un tikt uz priek\u0161u,&#8221;\u00a02000. gada maij\u0101 atzina Imants Freibergs.<\/p>\n<p>Latvie\u0161u valodas pieejam\u012bbu internet\u0101, latviet\u012bbas kop\u0161anu un valodas poz\u012bciju nosarg\u0101\u0161anu Freibergs uzskat\u012bja par \u013coti noz\u012bm\u012bgu un bija starp tiem, kas mudin\u0101ja nepie\u013caut divvalod\u012bbas ievie\u0161anu referendum\u0101. &#8220;Vienu lietu gan es grib\u0113tu visiem piekodin\u0101t \u2013 ka uz balso\u0161anas z\u012bm\u012btes ir j\u0101ieraksta &#8220;pret&#8221; . &#8220;Pret&#8221; divvalodu ievie\u0161anu,&#8221; 2012. gad\u0101 sac\u012bja Imants Freibergs.<\/p>\n<blockquote>\n<p>Lai gan Imants Freibergs sav\u0101 m\u016b\u017e\u0101 ir sa\u0146\u0113mis 22 \u0101rzemju augst\u0101kos nopelnu orde\u0146us, l\u012bdzcilv\u0113ki atz\u012bst \u2013 vi\u0146\u0161 nekad netiec\u0101s p\u0113c uzman\u012bbas. Bet prata b\u016bt uzman\u012bgs pret citiem.<\/p>\n<\/blockquote>\n<p>\u013baut uzmirdz\u0113t citiem un godin\u0101t citu pan\u0101kumus. Ar\u012b uzklaus\u012bt un saprast. Ko viens dom\u0101, to otrs jau pasaka \u2013 t\u0101 bie\u017ei bijis ar\u012b laul\u012bb\u0101 un savstarp\u0113jo d\u0101vanu izv\u0113l\u0113.<\/p>\n<p>&#8220;Es izv\u0113l\u0113jos \u0161o te kaktusu mammu, kas audzina kaktusus, un t\u0101 ideja \u2013 kad Vaira b\u016bs pensij\u0101, nezinu, kad tas notiks, \u2013 ka tad vi\u0146a var\u0113s \u0161it\u0101 s\u0113d\u0113t un audz\u0113t kaktusus.\u00a0Un vi\u0146a atkal savuk\u0101rt man d\u0101vin\u0101ja \u0161o. Puis\u012btis skat\u0101s, ka debesmannu gatavo,&#8221; savulaik par d\u0101vin\u0101taj\u0101m glezn\u0101m st\u0101st\u012bja Imants Freibergs.<\/p>\n<p>                    Valodas k\u013c\u016bda rakst\u0101?<\/p>\n<p class=\"d-none d-md-block\">Iez\u012bm\u0113jiet tekstu un spiediet Ctrl+Enter, lai nos\u016bt\u012btu labojamo teksta fragmentu redaktoram! Par faktu k\u013c\u016bd\u0101m l\u016bdzam zi\u0146ot e-past\u0101 <a href=\"https:\/\/www.lsm.lv\/cdn-cgi\/l\/email-protection\" class=\"__cf_email__\" data-cfemail=\"fa889f9e9b919993909bba968997d4968c\" rel=\"nofollow noopener\" target=\"_blank\">[email\u00a0protected]<\/a>.<\/p>\n<p class=\"d-md-none\">Iez\u012bm\u0113jiet tekstu un spiediet uz Zi\u0146ot par k\u013c\u016bdu pogas, lai nos\u016bt\u012btu labojamo teksta fragmentu redaktoram!<\/p>\n<p>\n                    Zi\u0146ot par k\u013c\u016bdu\n                <\/p>\n","protected":false},"excerpt":{"rendered":"91 gada vecum\u0101 m\u016b\u017e\u012bb\u0101 devies Imants Freibergs \u2013\u00a0eksprezidentes Vairas V\u012b\u0137es-Freibergas dz\u012bvesbiedrs. Imants Freibergs ir bijis inform\u0101tikas profesors, Latvijas&hellip;\n","protected":false},"author":2,"featured_media":94157,"comment_status":"","ping_status":"","sticky":false,"template":"","format":"standard","meta":{"footnotes":""},"categories":[12],"tags":[23,28,29,32,33,22,30,31,35,39,38,36,37,34,40,20,26,27,24,25,21],"class_list":{"0":"post-94156","1":"post","2":"type-post","3":"status-publish","4":"format-standard","5":"has-post-thumbnail","7":"category-latvija","8":"tag-aktualitates","9":"tag-breaking-news","10":"tag-breakingnews","11":"tag-featured-news","12":"tag-featurednews","13":"tag-headlines","14":"tag-latest-news","15":"tag-latestnews","16":"tag-latvia","17":"tag-latvian","18":"tag-latviesu","19":"tag-latviesu-valoda","20":"tag-latviesuvaloda","21":"tag-latvija","22":"tag-lv","23":"tag-news","24":"tag-popularakas-zinas","25":"tag-popularakaszinas","26":"tag-top-stories","27":"tag-topstories","28":"tag-zinas"},"share_on_mastodon":{"url":"https:\/\/pubeurope.com\/@lv\/115836687818499292","error":""},"_links":{"self":[{"href":"https:\/\/www.europesays.com\/lv\/wp-json\/wp\/v2\/posts\/94156","targetHints":{"allow":["GET"]}}],"collection":[{"href":"https:\/\/www.europesays.com\/lv\/wp-json\/wp\/v2\/posts"}],"about":[{"href":"https:\/\/www.europesays.com\/lv\/wp-json\/wp\/v2\/types\/post"}],"author":[{"embeddable":true,"href":"https:\/\/www.europesays.com\/lv\/wp-json\/wp\/v2\/users\/2"}],"replies":[{"embeddable":true,"href":"https:\/\/www.europesays.com\/lv\/wp-json\/wp\/v2\/comments?post=94156"}],"version-history":[{"count":0,"href":"https:\/\/www.europesays.com\/lv\/wp-json\/wp\/v2\/posts\/94156\/revisions"}],"wp:featuredmedia":[{"embeddable":true,"href":"https:\/\/www.europesays.com\/lv\/wp-json\/wp\/v2\/media\/94157"}],"wp:attachment":[{"href":"https:\/\/www.europesays.com\/lv\/wp-json\/wp\/v2\/media?parent=94156"}],"wp:term":[{"taxonomy":"category","embeddable":true,"href":"https:\/\/www.europesays.com\/lv\/wp-json\/wp\/v2\/categories?post=94156"},{"taxonomy":"post_tag","embeddable":true,"href":"https:\/\/www.europesays.com\/lv\/wp-json\/wp\/v2\/tags?post=94156"}],"curies":[{"name":"wp","href":"https:\/\/api.w.org\/{rel}","templated":true}]}}