{"id":94158,"date":"2026-01-04T11:52:13","date_gmt":"2026-01-04T11:52:13","guid":{"rendered":"https:\/\/www.europesays.com\/lv\/94158\/"},"modified":"2026-01-04T11:52:13","modified_gmt":"2026-01-04T11:52:13","slug":"venecueliesu-reakcijas-uz-maduro-arestu","status":"publish","type":"post","link":"https:\/\/www.europesays.com\/lv\/94158\/","title":{"rendered":"Venecu\u0113lie\u0161u reakcijas uz Maduro arestu."},"content":{"rendered":"<p class=\"descr\">P\u0113c ASV \u012bpa\u0161o sp\u0113ku oper\u0101cijas, kur\u0101 aiztur\u0113ts Venecu\u0113las prezidents Nikolass Maduro un vi\u0146a sieva Silija Floresa, venecu\u0113lie\u0161u diaspora vis\u0101 pasaul\u0113 sar\u012bkojusi priec\u012bgas svin\u012bbas, bet pa\u0161\u0101 Venecu\u0113l\u0101 ielas liel\u0101koties paliku\u0161as klusas, ar atsevi\u0161\u0137iem Maduro atbalst\u012bt\u0101ju protestiem un bail\u0113m no haosa.<\/p>\n<p>ASV prezidents <a href=\"https:\/\/nra.lv\/pasaule\/510545-tramps-asv-parvaldis-venecuelu-un-tas-naftas-krajumus.htm\" data-item-link=\"true\" data-item-id=\"510545\" rel=\"nofollow noopener\" target=\"_blank\">Donalds Tramps<\/a> pazi\u0146oja, ka ASV sp\u0113ki veiku\u0161i &#8220;liela m\u0113roga triecienu&#8221; Venecu\u0113lai un aiztur\u0113ju\u0161i Maduro p\u0101ri saist\u012bb\u0101 ar aps\u016bdz\u012bb\u0101m narkoterorism\u0101. <a href=\"https:\/\/nra.lv\/pasaule\/510511-tramps-pazino-par-venecuelas-prezidenta-maduro-sagustisanu.htm\" data-item-link=\"true\" data-item-id=\"510511\" rel=\"nofollow noopener\" target=\"_blank\">Maduro <\/a>un Floresa nog\u0101d\u0101ti \u0145ujork\u0101, kur vi\u0146i tur\u0113ti &#8220;Metropolitan Detention Center&#8221; Bruklin\u0101 un gaida tiesu par narkotiku kontrabandu un iero\u010du aps\u016bdz\u012bb\u0101m.<\/p>\n<p>Liel\u0101k\u0101s svin\u012bbas notiku\u0161as venecu\u0113lie\u0161u diasporas centros: Maiami (Doral\u0101, kas d\u0113v\u0113ta par &#8220;Doralzuelu&#8221;), kur simtiem cilv\u0113ku pulc\u0113j\u0101s iel\u0101s, dzied\u0101ja valsts himnu, vicin\u0101ja karogus un raud\u0101ja prieka asaras. L\u012bdz\u012bgas svin\u012bbas v\u0113rotas Buenosaires\u0101 (Argent\u012bn\u0101), Santjago (\u010c\u012bl\u0113), Lim\u0101 (Peru), Madrid\u0113 (Sp\u0101nij\u0101) un cit\u0101s pils\u0113t\u0101s, kur venecu\u0113lie\u0161i, kas b\u0113gu\u0161i no kr\u012bzes (vair\u0101k nek\u0101 8 miljoni kop\u0161 2015. gada), izteiku\u0161i cer\u012bbu uz p\u0101rmai\u0146\u0101m.<\/p>\n<p>Tom\u0113r Karakas\u0101 situ\u0101cija ir cit\u0101da: daudzi zi\u0146ojumi apraksta tuk\u0161as ielas, cilv\u0113ki sl\u0113pu\u0161ies m\u0101j\u0101s bail\u0113s no represij\u0101m vai haosa. Da\u017ei opoz\u012bcijas atbalst\u012bt\u0101ji svin\u0113ja priv\u0101ti, bet Maduro piekrit\u0113ji r\u012bkoja mazus protestus, prasot vi\u0146a atbr\u012bvo\u0161anu. Viceprezidente Delsija Rodrigesa nosod\u012bja oper\u0101ciju k\u0101 suverenit\u0101tes p\u0101rk\u0101pumu.<\/p>\n<p>Soci\u0101lajos t\u012bklos izplat\u012bti video ar it k\u0101 masu svin\u012bb\u0101m Karakas\u0101, ta\u010du daudzi no tiem ir vec\u0101ki klipi vai no diasporas viet\u0101m, izraisot dezinform\u0101cijas vi\u013c\u0146us.<\/p>\n<blockquote class=\"twitter-tweet\">\n<p lang=\"ru\" dir=\"ltr\">&#8220;\u041c\u044b \u0440\u0430\u0437\u0440\u044b\u0432\u0430\u0435\u043c\u0441\u044f \u043c\u0435\u0436\u0434\u0443 \u044d\u0439\u0444\u043e\u0440\u0438\u0435\u0439 \u0438 \u043e\u0441\u0442\u043e\u0440\u043e\u0436\u043d\u043e\u0441\u0442\u044c\u044e&#8221;. \u0412\u0435\u043d\u0435\u0441\u0443\u044d\u043b\u044c\u0446\u044b \u0432 \u0427\u0438\u043b\u0438, \u041f\u0435\u0440\u0443 \u0438 \u0418\u0441\u043f\u0430\u043d\u0438\u0438 \u0440\u0430\u0434\u0443\u044e\u0442\u0441\u044f \u0437\u0430\u0445\u0432\u0430\u0442\u0443 \u041d\u0438\u043a\u043e\u043b\u0430\u0441\u0430 \u041c\u0430\u0434\u0443\u0440\u043e. \u0411\u043e\u043b\u0435\u0435 7 \u043c\u043b\u043d \u0447\u0435\u043b\u043e\u0432\u0435\u043a \u0431\u0435\u0436\u0430\u043b\u0438 \u043e\u0442 \u0431\u0435\u0434\u043d\u043e\u0441\u0442\u0438 \u0438 \u0434\u0438\u043a\u0442\u0430\u0442\u0443\u0440\u044b \u0432 \u0412\u0435\u043d\u0435\u0441\u0443\u044d\u043b\u0435, \u043d\u043e \u0443 \u043c\u043d\u043e\u0433\u0438\u0445 \u043d\u0430 \u0440\u043e\u0434\u0438\u043d\u0435 \u043e\u0441\u0442\u0430\u044e\u0442\u0441\u044f \u0440\u043e\u0434\u0441\u0442\u0432\u0435\u043d\u043d\u0438\u043a\u0438 <a href=\"https:\/\/t.co\/gCI40gnPvj\" rel=\"nofollow\">pic.twitter.com\/gCI40gnPvj<\/a><\/p>\n<p>\u2014 DW \u043d\u0430 \u0440\u0443\u0441\u0441\u043a\u043e\u043c (@dw_russian) <a href=\"https:\/\/twitter.com\/dw_russian\/status\/2007497183902478724?ref_src=twsrc%5Etfw\" rel=\"nofollow noopener\" target=\"_blank\">January 3, 2026<\/a><\/p><\/blockquote>\n<p>Starptautiski reakcijas dal\u012btas: da\u017ei Lat\u012b\u0146amerikas l\u012bderi (piem\u0113ram, Argent\u012bnas prezidents Havjers Milejs) atbalsta ASV r\u012bc\u012bbu, bet citi nosoda k\u0101 intervenci. <\/p>\n<p>Galvenie avoti:The New York Times (nytimes.com), Reuters (reuters.com), CNN (cnn.com), Associated Press (apnews.com), Fox News (foxnews.com). <\/p>\n<blockquote class=\"twitter-tweet\">\n<p lang=\"ru\" dir=\"ltr\">\u041f\u043e \u0432\u0441\u0435\u0439 \u0412\u0435\u043d\u0435\u0441\u0443\u044d\u043b\u0435 \u0431\u043b\u0430\u0433\u043e\u0434\u0430\u0440\u043d\u044b\u0435 \u0432\u0435\u043d\u0435\u0441\u0443\u044d\u043b\u044c\u0446\u044b \u0436\u0433\u0443\u0442 \u043f\u043e\u0440\u0442\u0440\u0435\u0442\u044b \u041c\u0430\u0434\u0443\u0440\u043e. \u0420\u0430\u043d\u043e \u0438\u043b\u0438 \u043f\u043e\u0437\u0434\u043d\u043e \u0442\u043e\u0436\u0435 \u0441\u0430\u043c\u043e\u0435 \u0431\u0443\u0434\u0435\u0442 \u0441 \u0440\u0443\u0441\u0441\u043a\u0438\u043c \u0438 \u0431\u0435\u043b\u043e\u0440\u0443\u0441\u0441\u043a\u0438\u043c \u0434\u0438\u043a\u0442\u0430\u0442\u043e\u0440\u043e\u043c <a href=\"https:\/\/t.co\/oLvuMs8q6g\" rel=\"nofollow\">pic.twitter.com\/oLvuMs8q6g<\/a><\/p>\n<p>\u2014 \u2b50\ufe0fOles Filonenko\u2b50\ufe0f (@FilonenkoOles) <a href=\"https:\/\/twitter.com\/FilonenkoOles\/status\/2007490754051256425?ref_src=twsrc%5Etfw\" rel=\"nofollow noopener\" target=\"_blank\">January 3, 2026<\/a><\/p><\/blockquote>\n<p>\t\t\t\t\t\tinfo<\/p>\n<p>Uzzini pirmais<br \/>kas interesants noticis Latvij\u0101 un pasaul\u0113,<br \/>pievienojoties mums <a href=\"https:\/\/t.me\/neatkariga\" rel=\"nofollow\">Telegram<\/a> vai <a href=\"https:\/\/whatsapp.com\/channel\/0029VaMLFUH5K3zLU5s4wm3y\" rel=\"nofollow noopener\" target=\"_blank\">Whatsapp<\/a> kan\u0101l\u0101<\/p>\n<p>\t\t\t\t\t\t\t\t\t<script async src=\"https:\/\/platform.twitter.com\/widgets.js\" charset=\"utf-8\"><\/script><\/p>\n","protected":false},"excerpt":{"rendered":"P\u0113c ASV \u012bpa\u0161o sp\u0113ku oper\u0101cijas, kur\u0101 aiztur\u0113ts Venecu\u0113las prezidents Nikolass Maduro un vi\u0146a sieva Silija Floresa, venecu\u0113lie\u0161u diaspora&hellip;\n","protected":false},"author":2,"featured_media":94159,"comment_status":"","ping_status":"","sticky":false,"template":"","format":"standard","meta":{"footnotes":""},"categories":[5],"tags":[23,28,29,32,33,22,30,31,35,39,38,36,37,34,40,20,26,27,24,25,21],"class_list":{"0":"post-94158","1":"post","2":"type-post","3":"status-publish","4":"format-standard","5":"has-post-thumbnail","7":"category-aktualitates","8":"tag-aktualitates","9":"tag-breaking-news","10":"tag-breakingnews","11":"tag-featured-news","12":"tag-featurednews","13":"tag-headlines","14":"tag-latest-news","15":"tag-latestnews","16":"tag-latvia","17":"tag-latvian","18":"tag-latviesu","19":"tag-latviesu-valoda","20":"tag-latviesuvaloda","21":"tag-latvija","22":"tag-lv","23":"tag-news","24":"tag-popularakas-zinas","25":"tag-popularakaszinas","26":"tag-top-stories","27":"tag-topstories","28":"tag-zinas"},"share_on_mastodon":{"url":"https:\/\/pubeurope.com\/@lv\/115836691645642783","error":""},"_links":{"self":[{"href":"https:\/\/www.europesays.com\/lv\/wp-json\/wp\/v2\/posts\/94158","targetHints":{"allow":["GET"]}}],"collection":[{"href":"https:\/\/www.europesays.com\/lv\/wp-json\/wp\/v2\/posts"}],"about":[{"href":"https:\/\/www.europesays.com\/lv\/wp-json\/wp\/v2\/types\/post"}],"author":[{"embeddable":true,"href":"https:\/\/www.europesays.com\/lv\/wp-json\/wp\/v2\/users\/2"}],"replies":[{"embeddable":true,"href":"https:\/\/www.europesays.com\/lv\/wp-json\/wp\/v2\/comments?post=94158"}],"version-history":[{"count":0,"href":"https:\/\/www.europesays.com\/lv\/wp-json\/wp\/v2\/posts\/94158\/revisions"}],"wp:featuredmedia":[{"embeddable":true,"href":"https:\/\/www.europesays.com\/lv\/wp-json\/wp\/v2\/media\/94159"}],"wp:attachment":[{"href":"https:\/\/www.europesays.com\/lv\/wp-json\/wp\/v2\/media?parent=94158"}],"wp:term":[{"taxonomy":"category","embeddable":true,"href":"https:\/\/www.europesays.com\/lv\/wp-json\/wp\/v2\/categories?post=94158"},{"taxonomy":"post_tag","embeddable":true,"href":"https:\/\/www.europesays.com\/lv\/wp-json\/wp\/v2\/tags?post=94158"}],"curies":[{"name":"wp","href":"https:\/\/api.w.org\/{rel}","templated":true}]}}