{"id":94164,"date":"2026-01-04T11:58:14","date_gmt":"2026-01-04T11:58:14","guid":{"rendered":"https:\/\/www.europesays.com\/lv\/94164\/"},"modified":"2026-01-04T11:58:14","modified_gmt":"2026-01-04T11:58:14","slug":"te-stasts-nav-par-gazi-cilveki-dalas-savas-versijas-par-vainigo-tornakalna-tragedija","status":"publish","type":"post","link":"https:\/\/www.europesays.com\/lv\/94164\/","title":{"rendered":"\u201cTe st\u0101sts nav par g\u0101zi\u2026\u201d Cilv\u0113ki dal\u0101s sav\u0101s versij\u0101s par vain\u012bgo Tor\u0146akalna tra\u0123\u0113dij\u0101"},"content":{"rendered":"<p>    <img decoding=\"async\" src=\"https:\/\/www.europesays.com\/lv\/wp-content\/uploads\/2026\/01\/1767527893_539_610848844_25696547709975701_8103727313096005539_n-1-1024x757.jpg\" alt=\"&#10;\"\/><\/p>\n<p>Aculiecinieka foto. Tor\u0146akalns.\n<\/p>\n<p>LA.LV pla\u0161i atspogu\u013coja piektdien, 2. janv\u0101r\u012b, notiku\u0161o spr\u0101dzienu Tor\u0146akaln\u0101. Jaun\u0101k\u0101 inform\u0101cija liecina, ka \u012bsi pirms spr\u0101dziena dz\u012bvok\u013ca 72 gadus vecais iem\u012btnieks ar fleksi p\u0101rz\u0101\u0123\u0113jis g\u0101zes cauruli, bet spr\u0101dzienu izrais\u012bjusi dzirkstele, iesl\u0113dzot istab\u0101 gaismu.<\/p>\n<p>        Las\u012bt\u0101kie<br \/>\n        <a data-imagesrc=\"{&quot;300&quot;:&quot;https:\\\/\\\/lastatic.ams3.cdn.digitaloceanspaces.com\\\/2019\\\/09\\\/AFP_1KO30T-1-300x200.jpg&quot;,&quot;768&quot;:&quot;https:\\\/\\\/lastatic.ams3.cdn.digitaloceanspaces.com\\\/2019\\\/09\\\/AFP_1KO30T-1-768x511.jpg&quot;,&quot;200&quot;:&quot;https:\\\/\\\/lastatic.ams3.cdn.digitaloceanspaces.com\\\/2019\\\/09\\\/AFP_1KO30T-1-200x133.jpg&quot;,&quot;400&quot;:&quot;https:\\\/\\\/lastatic.ams3.cdn.digitaloceanspaces.com\\\/2019\\\/09\\\/AFP_1KO30T-1-400x266.jpg&quot;,&quot;500&quot;:&quot;https:\\\/\\\/lastatic.ams3.cdn.digitaloceanspaces.com\\\/2019\\\/09\\\/AFP_1KO30T-1-500x333.jpg&quot;,&quot;800&quot;:&quot;https:\\\/\\\/lastatic.ams3.cdn.digitaloceanspaces.com\\\/2019\\\/09\\\/AFP_1KO30T-1-800x532.jpg&quot;,&quot;1000&quot;:&quot;https:\\\/\\\/lastatic.ams3.cdn.digitaloceanspaces.com\\\/2019\\\/09\\\/AFP_1KO30T-1.jpg&quot;}\" data-focuspoint=\"&quot;&quot;\" data-p=\"2487920\" href=\"https:\/\/www.la.lv\/putinam-pietuvinatais-miljardieris-deripaska-atklaj-ka-krievijai-bus-sapigas-sekas-ja-asv-paplasinas-ietekmi-venecuela\" class=\"content-item lazy-load\" wp_automatic_readability=\"27.5\" rel=\"nofollow noopener\" target=\"_blank\"><\/p>\n<p>                                <img decoding=\"async\" src=\"\" alt=\"\" style=\"\" data-imageid=\"\"\/><\/p>\n<p>\n                                                Putinam pietuvin\u0101tais miljardieris Deripaska atkl\u0101j, ka Krievijai b\u016bs s\u0101p\u012bgas sekas, ja ASV papla\u0161in\u0101s ietekmi Venecu\u0113l\u0101\n                            <\/p>\n<p><\/a><a data-imagesrc=\"{&quot;300&quot;:&quot;https:\\\/\\\/lastatic.ams3.cdn.digitaloceanspaces.com\\\/2015\\\/01\\\/VWPassatB6_11-300x200.jpg&quot;,&quot;80&quot;:&quot;https:\\\/\\\/lastatic.ams3.cdn.digitaloceanspaces.com\\\/2015\\\/01\\\/VWPassatB6_11-80x48.jpg&quot;,&quot;112&quot;:&quot;https:\\\/\\\/lastatic.ams3.cdn.digitaloceanspaces.com\\\/2015\\\/01\\\/VWPassatB6_11-112x64.jpg&quot;,&quot;664&quot;:&quot;https:\\\/\\\/lastatic.ams3.cdn.digitaloceanspaces.com\\\/2015\\\/01\\\/VWPassatB6_11-664x443.jpg&quot;,&quot;239&quot;:&quot;https:\\\/\\\/lastatic.ams3.cdn.digitaloceanspaces.com\\\/2015\\\/01\\\/VWPassatB6_11-239x160.jpg&quot;,&quot;263&quot;:&quot;https:\\\/\\\/lastatic.ams3.cdn.digitaloceanspaces.com\\\/2015\\\/01\\\/VWPassatB6_11-263x175.jpg&quot;,&quot;506&quot;:&quot;https:\\\/\\\/lastatic.ams3.cdn.digitaloceanspaces.com\\\/2015\\\/01\\\/VWPassatB6_11-506x338.jpg&quot;,&quot;118&quot;:&quot;https:\\\/\\\/lastatic.ams3.cdn.digitaloceanspaces.com\\\/2015\\\/01\\\/VWPassatB6_11-118x70.jpg&quot;,&quot;348&quot;:&quot;https:\\\/\\\/lastatic.ams3.cdn.digitaloceanspaces.com\\\/2015\\\/01\\\/VWPassatB6_11-348x225.jpg&quot;,&quot;640&quot;:&quot;https:\\\/\\\/lastatic.ams3.cdn.digitaloceanspaces.com\\\/2015\\\/01\\\/VWPassatB6_11-640x534.jpg&quot;,&quot;90&quot;:&quot;https:\\\/\\\/lastatic.ams3.cdn.digitaloceanspaces.com\\\/2015\\\/01\\\/VWPassatB6_11-90x58.jpg&quot;,&quot;800&quot;:&quot;https:\\\/\\\/lastatic.ams3.cdn.digitaloceanspaces.com\\\/2015\\\/01\\\/VWPassatB6_11.jpg&quot;}\" data-focuspoint=\"&quot;&quot;\" data-p=\"2485867\" href=\"https:\/\/www.la.lv\/ja-tev-pieder-kada-no-sim-7-automasinam-iespejams-ir-istais-bridis-sakt-domat-par-pardosanu\" class=\"content-item lazy-load\" wp_automatic_readability=\"27.5\" rel=\"nofollow noopener\" target=\"_blank\"><\/p>\n<p>                                <img decoding=\"async\" src=\"\" alt=\"\" style=\"\" data-imageid=\"\"\/><\/p>\n<p>\n                                                Ja tev pieder k\u0101da no \u0161\u012bm 7 automa\u0161\u012bn\u0101m, iesp\u0113jams, ir \u012bstais br\u012bdis s\u0101kt dom\u0101t par p\u0101rdo\u0161anu\n                            <\/p>\n<p><\/a><a data-imagesrc=\"{&quot;300&quot;:&quot;https:\\\/\\\/lastatic.ams3.cdn.digitaloceanspaces.com\\\/2020\\\/03\\\/shutterstock_297921929-300x200.jpg&quot;,&quot;768&quot;:&quot;https:\\\/\\\/lastatic.ams3.cdn.digitaloceanspaces.com\\\/2020\\\/03\\\/shutterstock_297921929-768x513.jpg&quot;,&quot;200&quot;:&quot;https:\\\/\\\/lastatic.ams3.cdn.digitaloceanspaces.com\\\/2020\\\/03\\\/shutterstock_297921929-200x134.jpg&quot;,&quot;400&quot;:&quot;https:\\\/\\\/lastatic.ams3.cdn.digitaloceanspaces.com\\\/2020\\\/03\\\/shutterstock_297921929-400x267.jpg&quot;,&quot;500&quot;:&quot;https:\\\/\\\/lastatic.ams3.cdn.digitaloceanspaces.com\\\/2020\\\/03\\\/shutterstock_297921929-500x334.jpg&quot;,&quot;800&quot;:&quot;https:\\\/\\\/lastatic.ams3.cdn.digitaloceanspaces.com\\\/2020\\\/03\\\/shutterstock_297921929.jpg&quot;}\" data-focuspoint=\"&quot;&quot;\" data-p=\"2485199\" href=\"https:\/\/www.la.lv\/prieksmeti-ko-verts-turet-majas-jo-tie-piesaista-naudu\" class=\"content-item lazy-load\" wp_automatic_readability=\"27\" rel=\"nofollow noopener\" target=\"_blank\"><\/p>\n<p>                                <img decoding=\"async\" src=\"\" alt=\"\" style=\"\" data-imageid=\"\"\/><\/p>\n<p>                                Kokteilis<\/p>\n<p>\n                                                Priek\u0161meti, ko v\u0113rts tur\u0113t m\u0101j\u0101s, jo tie piesaista naudu\n                            <\/p>\n<p><\/a><br \/>\n        <a class=\"read-more\" href=\"https:\/\/www.la.lv\/top\" rel=\"nofollow noopener\" target=\"_blank\">Las\u012bt citas zi\u0146as<\/a><\/p>\n<p>G\u0101zes spr\u0101dzieni Latvij\u0101 biju\u0161i vair\u0101ki. Piem\u0113ram, 2024. gada izska\u0146\u0101 spr\u0101ga dz\u012bvoklis Manga\u013csal\u0101, bet p\u0113rn\u0101 gada s\u0101kum\u0101 g\u0101zes spr\u0101dziens piln\u012bb\u0101 izn\u012bcin\u0101ja d\u0101rza m\u0101ji\u0146u. Lai ar\u012b Tor\u0146akalna tra\u0123\u0113dijas iemesli ir zin\u0101mi, soct\u012bklot\u0101jiem ir savas versijas par vain\u012bgo notiku\u0161aj\u0101.<\/p>\n<p>Piem\u0113ram, persona ar segv\u0101rdu @le_walkabout raksta: \u201cSt\u0101sta mor\u0101le! Ja Jums ir k\u0101ds nabags m\u0101j\u0101! Sametieties vi\u0146am gad\u0101 30\u201350 eiro g\u0101zei. Viss tas gad\u012bjums ir t\u012br\u0101k\u0101 valsts nabadz\u012bba (finansi\u0101la un gar\u012bga) un birokr\u0101tisk\u0101 apar\u0101ta nefunkcion\u0113\u0161ana. To m\u0101ju es teiktu norakst\u012bs! Tur viss ir saliets un izdrebin\u0101ts. Ietaup\u012bja 30\u201350 eiro gad\u0101. Cieti! Laim\u012bg\u0101k\u0101 valsts Eirop\u0101. Cik R\u012bg\u0101 ir t\u0101du pension\u0101ru, kuriem aizmetin\u0101ta g\u0101zes truba dz\u012bvok\u013cos? Nav nauda? Aizklop\u0113jiet radio 5 propagandas ma\u0161\u012bnu un tos l\u012bdzek\u013cus novirziet vi\u0146iem. G\u0101zei!\u201d<\/p>\n<p>    CITI \u0160OBR\u012aD LASA<\/p>\n<p>\u0160\u012bs publik\u0101cijas koment\u0101ru sada\u013c\u0101 atrodami v\u0113l da\u017ei min\u0113jumi par notiku\u0161o:<br \/>\u201cDiezgan bie\u017ei saskaros ar senioriem, un parasti iemesls nav finansi\u0101lie apsv\u0113rumi k\u0101d\u0113\u013c dz\u012bvo ap\u0161aub\u0101mos apst\u0101k\u013cos, bet gan dom\u0101\u0161anas veids \u201ces zinu lab\u0101k\u201d. Ne tikai par g\u0101zi, bet ar\u012b par dz\u012bvok\u013ciem p\u0101rb\u0101ztiem ar mant\u0101m, nev\u0113l\u0113\u0161anos ieguld\u012bties \u012bpa\u0161uma sak\u0101rto\u0161an\u0101 un l\u012bdz tik element\u0101rai lietai k\u0101 d\u016bmu detektora uzst\u0101d\u012b\u0161anai.\u201d<\/p>\n<p>\u201cTe st\u0101sts nav par g\u0101zi, bet par dom\u0101\u0161anas veidu. Un ne jau aizmetin\u0101t\u0101 truba pie vainas, bet nepieejam\u0101 medic\u012bna\/soci\u0101l\u0101 apr\u016bpe. Norm\u0101li dom\u0101jo\u0161s cilv\u0113ks ar kritisko dom\u0101\u0161anu un spriestsp\u0113ju nel\u012bstu ar fleksi pie trubas un iepriek\u0161 neveidotu neleg\u0101lus piesl\u0113gumus. Ja jau var at\u013cauties fleksi, tad mazo g\u0101zes balonu vai elektrisko pl\u012bts ri\u0146\u0137i noteikti ar\u012b var\u0113ja.\u201d<\/p>\n<p>\u201cProbl\u0113ma ir taj\u0101, ka valsts seniorus ir pametusi nov\u0101rt\u0101, izliekoties, ka nesaprot, ka p\u0113c 70 daudziem pr\u0101ts jau ir aizmiglojies un racion\u0101la dom\u0101\u0161ana vairs nav. Senioriem b\u016btu piespiedu k\u0101rt\u0101 j\u0101sa\u0146em valsts atbalsts, nevis p\u0113c br\u012bvpr\u0101t\u012bbas principa, k\u0101 ir tagad. Ja cilv\u0113ks izr\u0101d\u0101s ar greizu spriestsp\u0113ju, tad vi\u0146am j\u0101dodas uz SAC, grib to vai n\u0113. Tur vi\u0146\u0161 b\u016bs dro\u0161\u012bb\u0101, un citi pasarg\u0101ti.\u201d<\/p>\n<p>\u201cFakts, ka \u0161aj\u0101 gad\u012bjum\u0101 visu pagrie\u017e pret m\u0101ju iedz\u012bvot\u0101jiem \u2014 ka redz, nabags m\u0101j\u0101 un b\u016btu sametu\u0161ies, neb\u016btu tas noticis \u2014 ir piln\u012bgi ne\u0113tiski un necien\u012bgi! Neb\u016btu g\u0101ze, b\u016bs kas cits \u2014 trubas, elektr\u012bba. Te ir vesels dom\u0101\u0161anas veids apak\u0161\u0101, un nav pirm\u0101 reize, kad patva\u013c\u012bga r\u012bc\u012bba noved l\u012bdz nelaimei.\u201d<\/p>\n<p><img decoding=\"async\" src=\"https:\/\/www.europesays.com\/lv\/wp-content\/uploads\/2026\/01\/Screenshot-2026-01-04-at-10.50.17.png\" alt=\"\"\/><\/p>\n<p>Ekr\u0101n\u0161\u0101vi\u0146\u0161\n<\/p>\n<p>\u201cThreads\u201d atrodama v\u0113l k\u0101da l\u012bdz\u012bgi dom\u0101jo\u0161\u0101. Krist\u012bnes pr\u0101t, vain\u012bga ir sist\u0113mas vienaldz\u012bba: \u201cTra\u0123\u0113dija Bauskas iel\u0101. 72 gadus vecam pension\u0101ram iepriek\u0161\u0113j\u0101 dien\u0101 tika atsl\u0113gta g\u0101ze. Pension\u0101rs tika atst\u0101ts bez silta \u0113diena. T\u0101 ir sist\u0113mas vienaldz\u012bba \u2014 augst\u0101k par veca cilv\u0113ka dz\u012bv\u012bbu.\u201d<br \/>Tom\u0113r vi\u0146as viedoklim nav daudz piekrit\u0113ju \u2014 cilv\u0113ki koment\u0101ros nor\u0101da, ka vecums nav iemesls tam, ka pension\u0101rs var\u0113ja r\u012bkoties tik patva\u013c\u012bgi.<\/p>\n<p><img decoding=\"async\" src=\"https:\/\/www.europesays.com\/lv\/wp-content\/uploads\/2026\/01\/Screenshot-2026-01-04-at-10.50.24.png\" alt=\"\"\/><\/p>\n<p>Ekr\u0101n\u0161\u0101vi\u0146\u0161\n<\/p>\n<p>V\u0113l k\u0101ds v\u012brietis atsevi\u0161\u0137\u0101 publik\u0101cij\u0101 dal\u012bjies emocion\u0101l\u0101 pieredzes st\u0101st\u0101 par savu saskarsmi ar g\u0101zi. Vi\u0146\u0161 st\u0101sta, ka 2000. gad\u0101 t\u0113vs p\u0101rdeva d\u0101rze\u0146us R\u012bgas nakts tirg\u016b. K\u0101du vakaru vietu ier\u0101d\u012bt\u0101js grib\u0113jis, lai d\u0101rze\u0146us p\u0101rdod pie g\u0101zes balonu apmai\u0146as punkta. T\u0101 bijusi neliela dzelzbetona \u0113ka, kuras sienu bezpajumtnieki iecien\u012bju\u0161i k\u0101 tualeti.<\/p>\n<p>T\u0113vs nav piekritis vietas iedal\u012bjumam, jo necie\u0161ama bija gan g\u0101zes, gan ur\u012bna smaka. Abi aizg\u0101ju\u0161i tirgot d\u0101rze\u0146us aiz st\u016bra.<br \/>\u201cP\u0113c p\u0101ris stund\u0101m iek\u0101p\u0101m busi\u0146\u0101, lai uz\u0113stu. Atskan\u0113ja spr\u0101dziens. P\u0101ri busi\u0146a jumtu nobira akme\u0146i. Izk\u0101pjam \u0101r\u0101. Cilv\u0113ki panik\u0101 skrien p\u0101ri tramvaja slied\u0113m uz ielas pret\u0113jo pusi. B\u016bdi\u0146a uzg\u0101ja gais\u0101 (3 boj\u0101 g\u0101ju\u0161ie). Esmu pateic\u012bgs t\u0113tim, ka toreiz nepiek\u0101p\u0101s. Tas tik \u013coti ies\u0113dies man\u012b, ka, gan nop\u0113rkot dz\u012bvokli, gan v\u0113l\u0101k m\u0101j\u0101, pirmais, ko izdar\u012bju \u2014 tiku va\u013c\u0101 no g\u0101zes,\u201d pieredz\u0113 dal\u0101s Raivis.<\/p>\n<p><img decoding=\"async\" src=\"https:\/\/www.europesays.com\/lv\/wp-content\/uploads\/2026\/01\/Screenshot-2026-01-04-at-10.50.29.png\" alt=\"\"\/><\/p>\n<p>Ekr\u0101n\u0161\u0101vi\u0146\u0161\n<\/p>\n<p>    Zi\u0146o!<\/p>\n<p>\n        Ja ar\u012b Tu v\u0113lies padal\u012bties ar savu st\u0101stu\n    <\/p>\n<p>    <a class=\"zino-calltoaction__button\" href=\"https:\/\/zino.la.lv\" rel=\"nofollow noopener\" target=\"_blank\">Zi\u0146o!<\/a><\/p>\n<p>T\u0113mas<\/p>\n<p>    SAIST\u012aTIE RAKSTI<\/p>\n","protected":false},"excerpt":{"rendered":"Aculiecinieka foto. Tor\u0146akalns. LA.LV pla\u0161i atspogu\u013coja piektdien, 2. janv\u0101r\u012b, notiku\u0161o spr\u0101dzienu Tor\u0146akaln\u0101. Jaun\u0101k\u0101 inform\u0101cija liecina, ka \u012bsi pirms&hellip;\n","protected":false},"author":2,"featured_media":93468,"comment_status":"","ping_status":"","sticky":false,"template":"","format":"standard","meta":{"footnotes":""},"categories":[5],"tags":[23,28,29,32,33,22,30,31,35,39,38,36,37,34,40,20,26,27,24,25,21],"class_list":{"0":"post-94164","1":"post","2":"type-post","3":"status-publish","4":"format-standard","5":"has-post-thumbnail","7":"category-aktualitates","8":"tag-aktualitates","9":"tag-breaking-news","10":"tag-breakingnews","11":"tag-featured-news","12":"tag-featurednews","13":"tag-headlines","14":"tag-latest-news","15":"tag-latestnews","16":"tag-latvia","17":"tag-latvian","18":"tag-latviesu","19":"tag-latviesu-valoda","20":"tag-latviesuvaloda","21":"tag-latvija","22":"tag-lv","23":"tag-news","24":"tag-popularakas-zinas","25":"tag-popularakaszinas","26":"tag-top-stories","27":"tag-topstories","28":"tag-zinas"},"share_on_mastodon":{"url":"https:\/\/pubeurope.com\/@lv\/115836715267666688","error":""},"_links":{"self":[{"href":"https:\/\/www.europesays.com\/lv\/wp-json\/wp\/v2\/posts\/94164","targetHints":{"allow":["GET"]}}],"collection":[{"href":"https:\/\/www.europesays.com\/lv\/wp-json\/wp\/v2\/posts"}],"about":[{"href":"https:\/\/www.europesays.com\/lv\/wp-json\/wp\/v2\/types\/post"}],"author":[{"embeddable":true,"href":"https:\/\/www.europesays.com\/lv\/wp-json\/wp\/v2\/users\/2"}],"replies":[{"embeddable":true,"href":"https:\/\/www.europesays.com\/lv\/wp-json\/wp\/v2\/comments?post=94164"}],"version-history":[{"count":0,"href":"https:\/\/www.europesays.com\/lv\/wp-json\/wp\/v2\/posts\/94164\/revisions"}],"wp:featuredmedia":[{"embeddable":true,"href":"https:\/\/www.europesays.com\/lv\/wp-json\/wp\/v2\/media\/93468"}],"wp:attachment":[{"href":"https:\/\/www.europesays.com\/lv\/wp-json\/wp\/v2\/media?parent=94164"}],"wp:term":[{"taxonomy":"category","embeddable":true,"href":"https:\/\/www.europesays.com\/lv\/wp-json\/wp\/v2\/categories?post=94164"},{"taxonomy":"post_tag","embeddable":true,"href":"https:\/\/www.europesays.com\/lv\/wp-json\/wp\/v2\/tags?post=94164"}],"curies":[{"name":"wp","href":"https:\/\/api.w.org\/{rel}","templated":true}]}}