{"id":94168,"date":"2026-01-04T12:04:07","date_gmt":"2026-01-04T12:04:07","guid":{"rendered":"https:\/\/www.europesays.com\/lv\/94168\/"},"modified":"2026-01-04T12:04:07","modified_gmt":"2026-01-04T12:04:07","slug":"pirmie-mazuli-2026-gada-latvija-dzimusi-liepaja-un-jelgava-lente-lv","status":"publish","type":"post","link":"https:\/\/www.europesays.com\/lv\/94168\/","title":{"rendered":"Pirmie mazu\u013ci 2026. gad\u0101 Latvij\u0101 dzimu\u0161i Liep\u0101j\u0101 un Jelgav\u0101\u00a0\u2014\u00a0Lente.lv"},"content":{"rendered":"<p>Jaun\u0101 gada sagaid\u012b\u0161ana dzemd\u012bbu pal\u0101tos<\/p>\n<p>2026. gada pirm\u0101s min\u016btes Latvij\u0101 ir atnesu\u0161as prieku jaunaj\u0101m \u0123imen\u0113m, jo pirmie \u0161\u012b gada mazu\u013ci pasaul\u0113 n\u0101ku\u0161i Liep\u0101j\u0101 un Jelgav\u0101. Gan Liep\u0101jas Re\u0123ion\u0101l\u0101s slimn\u012bcas, gan ar\u012b Jelgavas pils\u0113tas slimn\u012bcas p\u0101rst\u0101vji apstiprin\u0101ju\u0161i, ka Jaungada nakt\u012b pievienoju\u0161ies jauni \u0123imenes locek\u013ci.<\/p>\n<p>Liep\u0101jas veiksminiece \u2013 meiten\u012bte<\/p>\n<p>Liep\u0101jas Re\u0123ion\u0101laj\u0101 slimn\u012bc\u0101 pirm\u0101 \u0161\u012b gada iem\u012btniece ir meiten\u012bte, kas pasaul\u0113 ieradusies da\u017eas min\u016btes p\u0113c pusnakts. Vec\u0101ki un medi\u0137i ir gandar\u012bti par veiksm\u012bgaj\u0101m dzemd\u012bb\u0101m un mazu\u013ca vesel\u012bbu.<\/p>\n<p>Jelgav\u0101 prieku nes puis\u012btis<\/p>\n<p>Ar\u012b Jelgavas pils\u0113tas slimn\u012bc\u0101 Jaunais gads ir s\u0101cies ar priec\u012bg\u0101m zi\u0146\u0101m \u2013 tur pasaul\u0113 n\u0101cis pirmdzimtais puis\u012btis. Vi\u0146\u0161 piedzimis \u012bsi p\u0113c pusnakts, un vi\u0146a \u0123imene ar\u012b ir vesela un laim\u012bga.<\/p>\n<p>Trad\u012bciju turpin\u0101jums un gaid\u012btais prieks<\/p>\n<p>Dzemd\u012bbas Jaungada nakt\u012b vienm\u0113r ir \u012bpa\u0161s notikums, kas pie\u0161\u0137ir papildu sv\u0113tku saj\u016btu gan \u0123imen\u0113m, gan slimn\u012bcu person\u0101lam. Lai gan katru gadu sagaid\u0101mie pirmie b\u0113rni ir da\u017e\u0101d\u0101s Latvijas pils\u0113t\u0101s, \u0161ogad godu dal\u012bt n\u0101cies Liep\u0101jai un Jelgavai. \u0160ie notikumi simboliz\u0113 jaunu s\u0101kumu un turpin\u0101jumu, nesot cer\u012bbu un prieku vis\u0101 valst\u012b.<\/p>\n<p>Slimn\u012bcu gatav\u012bba un sv\u0113tku de\u017e\u016bras<\/p>\n<p>Gan Liep\u0101jas, gan Jelgavas slimn\u012bcas \u0161aj\u0101 sv\u0113tku laik\u0101 nodro\u0161ina nep\u0101rtrauktu darbu, lai pal\u012bdz\u0113tu vis\u0101m dzemd\u0113t v\u0113lo\u0161aj\u0101m sieviet\u0113m. Sv\u0113tku dienas un naktis medi\u0137i pavada de\u017e\u016br\u0101s, gatavi sniegt nepiecie\u0161amo pal\u012bdz\u012bbu un atbalstu jaunaj\u0101m m\u0101mi\u0146\u0101m un vi\u0146u b\u0113rniem.<\/p>\n","protected":false},"excerpt":{"rendered":"Jaun\u0101 gada sagaid\u012b\u0161ana dzemd\u012bbu pal\u0101tos 2026. gada pirm\u0101s min\u016btes Latvij\u0101 ir atnesu\u0161as prieku jaunaj\u0101m \u0123imen\u0113m, jo pirmie \u0161\u012b&hellip;\n","protected":false},"author":2,"featured_media":94169,"comment_status":"","ping_status":"","sticky":false,"template":"","format":"standard","meta":{"footnotes":""},"categories":[5],"tags":[23,28,29,2106,32,33,22,23527,1355,30,31,35,39,38,36,37,34,444,40,20,23526,26,27,24,25,21],"class_list":{"0":"post-94168","1":"post","2":"type-post","3":"status-publish","4":"format-standard","5":"has-post-thumbnail","7":"category-aktualitates","8":"tag-aktualitates","9":"tag-breaking-news","10":"tag-breakingnews","11":"tag-dzemdibas","12":"tag-featured-news","13":"tag-featurednews","14":"tag-headlines","15":"tag-jaunais-gads-2026","16":"tag-jelgava","17":"tag-latest-news","18":"tag-latestnews","19":"tag-latvia","20":"tag-latvian","21":"tag-latviesu","22":"tag-latviesu-valoda","23":"tag-latviesuvaloda","24":"tag-latvija","25":"tag-liepaja","26":"tag-lv","27":"tag-news","28":"tag-pirmie-berni","29":"tag-popularakas-zinas","30":"tag-popularakaszinas","31":"tag-top-stories","32":"tag-topstories","33":"tag-zinas"},"share_on_mastodon":{"url":"https:\/\/pubeurope.com\/@lv\/115836738849859746","error":""},"_links":{"self":[{"href":"https:\/\/www.europesays.com\/lv\/wp-json\/wp\/v2\/posts\/94168","targetHints":{"allow":["GET"]}}],"collection":[{"href":"https:\/\/www.europesays.com\/lv\/wp-json\/wp\/v2\/posts"}],"about":[{"href":"https:\/\/www.europesays.com\/lv\/wp-json\/wp\/v2\/types\/post"}],"author":[{"embeddable":true,"href":"https:\/\/www.europesays.com\/lv\/wp-json\/wp\/v2\/users\/2"}],"replies":[{"embeddable":true,"href":"https:\/\/www.europesays.com\/lv\/wp-json\/wp\/v2\/comments?post=94168"}],"version-history":[{"count":0,"href":"https:\/\/www.europesays.com\/lv\/wp-json\/wp\/v2\/posts\/94168\/revisions"}],"wp:featuredmedia":[{"embeddable":true,"href":"https:\/\/www.europesays.com\/lv\/wp-json\/wp\/v2\/media\/94169"}],"wp:attachment":[{"href":"https:\/\/www.europesays.com\/lv\/wp-json\/wp\/v2\/media?parent=94168"}],"wp:term":[{"taxonomy":"category","embeddable":true,"href":"https:\/\/www.europesays.com\/lv\/wp-json\/wp\/v2\/categories?post=94168"},{"taxonomy":"post_tag","embeddable":true,"href":"https:\/\/www.europesays.com\/lv\/wp-json\/wp\/v2\/tags?post=94168"}],"curies":[{"name":"wp","href":"https:\/\/api.w.org\/{rel}","templated":true}]}}