{"id":94172,"date":"2026-01-04T12:09:07","date_gmt":"2026-01-04T12:09:07","guid":{"rendered":"https:\/\/www.europesays.com\/lv\/94172\/"},"modified":"2026-01-04T12:09:07","modified_gmt":"2026-01-04T12:09:07","slug":"man-ir-plans-ka-latvijai-nopelnit-septinus-miljardus-eiro-lente-lv","status":"publish","type":"post","link":"https:\/\/www.europesays.com\/lv\/94172\/","title":{"rendered":"man ir pl\u0101ns, k\u0101 Latvijai nopeln\u012bt septi\u0146us miljardus eiro\u00a0\u2014\u00a0Lente.lv"},"content":{"rendered":"<p>Bud\u017eeta kritika un izdevumu prognoze<\/p>\n<p>Saeimas deput\u0101ts un uz\u0146\u0113m\u0113js Andris Kulbergs telekan\u0101l\u0101 TV24 raid\u012bjum\u0101 &#8220;K\u0101rt\u012bbas rullis&#8221; paudis skarbu viedokli par 2026. gada bud\u017eeta projektu. Vi\u0146\u0161 atkl\u0101ti izteicies, ka priek\u0161likums faktiski ir &#8220;bankrota bud\u017eets&#8221;. \u0160\u0101du v\u0113rt\u0113jumu Kulbergs pamatojis ar tr\u012bs gadu ciklu un pieciem miljardiem eiro, kas v\u0113l j\u0101aiz\u0146emas, jo pa\u0161reiz\u0113j\u0101 vald\u012bba neesot pied\u0101v\u0101jusi idejas l\u012bdzek\u013cu peln\u012b\u0161anai.<\/p>\n<p>Deput\u0101ts kritiz\u0113jis opoz\u012bciju, noraidot p\u0101rmetumus par neaktivit\u0101ti un ideju tr\u016bkumu bud\u017eeta veido\u0161anas proces\u0101. P\u0113c vi\u0146a dom\u0101m, neviens nav pied\u0101v\u0101jis re\u0101lus risin\u0101jumus, k\u0101 Latvija var\u0113tu palielin\u0101t savus ien\u0101kumus.<\/p>\n<p>Sol\u012bjums par konkr\u0113tu ekonomikas pl\u0101nu<\/p>\n<p>Andris Kulbergs febru\u0101r\u012b pl\u0101no publiskot savu ambiciozo pl\u0101nu, kas, p\u0113c vi\u0146a apgalvojumiem, \u013caus Latvijai nopeln\u012bt septi\u0146us miljardus eiro. Vi\u0146\u0161 sola iesniegt &#8220;nopietnu pl\u0101nu, konkr\u0113tu piem\u0113ru un skaidru apr\u0113\u0137inu un izv\u0113rt\u0113jumu&#8221;, kas Latvij\u0101 nav redz\u0113ts jau 35 gadus.<\/p>\n<p>Deput\u0101ts uzsv\u0113ris, ka vi\u0146a priek\u0161likums b\u016b\u0161ot &#8220;re\u0101ls priek\u0161likums ekonomikai&#8221;, kritiz\u0113jot pa\u0161reiz\u0113jo pied\u0101v\u0101jumu tr\u016bkumu \u0161aj\u0101 jom\u0101, ko raksturojis k\u0101 &#8220;nulli&#8221;.<\/p>\n<p>Cer\u012bbas uz ekonomikas atdz\u012bvin\u0101\u0161anu<\/p>\n<p>Kulberga izteikumi liecina par vi\u0146a p\u0101rliec\u012bbu, ka valsts ekonomikas st\u0101voklis prasa radik\u0101lus un inovat\u012bvus risin\u0101jumus. Vi\u0146a pl\u0101na prezent\u0101cija var\u0113tu sniegt jaunas perspekt\u012bvas bud\u017eeta defic\u012bta mazin\u0101\u0161anai un tautsaimniec\u012bbas att\u012bst\u012bbai.<\/p>\n","protected":false},"excerpt":{"rendered":"Bud\u017eeta kritika un izdevumu prognoze Saeimas deput\u0101ts un uz\u0146\u0113m\u0113js Andris Kulbergs telekan\u0101l\u0101 TV24 raid\u012bjum\u0101 &#8220;K\u0101rt\u012bbas rullis&#8221; paudis skarbu&hellip;\n","protected":false},"author":2,"featured_media":94173,"comment_status":"","ping_status":"","sticky":false,"template":"","format":"standard","meta":{"footnotes":""},"categories":[12],"tags":[23532,23,13248,28,29,47,32,33,22,20918,30,31,35,39,38,36,37,34,1041,40,20,26,27,24,25,21],"class_list":{"0":"post-94172","1":"post","2":"type-post","3":"status-publish","4":"format-standard","5":"has-post-thumbnail","7":"category-latvija","8":"tag-aiznemumi","9":"tag-aktualitates","10":"tag-andris-kulbergs","11":"tag-breaking-news","12":"tag-breakingnews","13":"tag-ekonomika","14":"tag-featured-news","15":"tag-featurednews","16":"tag-headlines","17":"tag-ienakumi","18":"tag-latest-news","19":"tag-latestnews","20":"tag-latvia","21":"tag-latvian","22":"tag-latviesu","23":"tag-latviesu-valoda","24":"tag-latviesuvaloda","25":"tag-latvija","26":"tag-latvijas-budzets","27":"tag-lv","28":"tag-news","29":"tag-popularakas-zinas","30":"tag-popularakaszinas","31":"tag-top-stories","32":"tag-topstories","33":"tag-zinas"},"share_on_mastodon":{"url":"https:\/\/pubeurope.com\/@lv\/115836758492012846","error":""},"_links":{"self":[{"href":"https:\/\/www.europesays.com\/lv\/wp-json\/wp\/v2\/posts\/94172","targetHints":{"allow":["GET"]}}],"collection":[{"href":"https:\/\/www.europesays.com\/lv\/wp-json\/wp\/v2\/posts"}],"about":[{"href":"https:\/\/www.europesays.com\/lv\/wp-json\/wp\/v2\/types\/post"}],"author":[{"embeddable":true,"href":"https:\/\/www.europesays.com\/lv\/wp-json\/wp\/v2\/users\/2"}],"replies":[{"embeddable":true,"href":"https:\/\/www.europesays.com\/lv\/wp-json\/wp\/v2\/comments?post=94172"}],"version-history":[{"count":0,"href":"https:\/\/www.europesays.com\/lv\/wp-json\/wp\/v2\/posts\/94172\/revisions"}],"wp:featuredmedia":[{"embeddable":true,"href":"https:\/\/www.europesays.com\/lv\/wp-json\/wp\/v2\/media\/94173"}],"wp:attachment":[{"href":"https:\/\/www.europesays.com\/lv\/wp-json\/wp\/v2\/media?parent=94172"}],"wp:term":[{"taxonomy":"category","embeddable":true,"href":"https:\/\/www.europesays.com\/lv\/wp-json\/wp\/v2\/categories?post=94172"},{"taxonomy":"post_tag","embeddable":true,"href":"https:\/\/www.europesays.com\/lv\/wp-json\/wp\/v2\/tags?post=94172"}],"curies":[{"name":"wp","href":"https:\/\/api.w.org\/{rel}","templated":true}]}}