{"id":94200,"date":"2026-01-04T12:38:04","date_gmt":"2026-01-04T12:38:04","guid":{"rendered":"https:\/\/www.europesays.com\/lv\/94200\/"},"modified":"2026-01-04T12:38:04","modified_gmt":"2026-01-04T12:38:04","slug":"eiropa-veletaji-daudzviet-ir-vilusies-valdosas-elites-politikos-mekle-alternativu-raksts","status":"publish","type":"post","link":"https:\/\/www.europesays.com\/lv\/94200\/","title":{"rendered":"Eirop\u0101 v\u0113l\u0113t\u0101ji daudzviet ir v\u012blu\u0161ies valdo\u0161\u0101s elites politi\u0137os, mekl\u0113 alternat\u012bvu \/ Raksts"},"content":{"rendered":"<p>Aizvad\u012btais gads daudzviet Eirop\u0101 iez\u012bm\u0113jies ar valdo\u0161o sp\u0113ku popularit\u0101tes kritumu un opoz\u012bcij\u0101 eso\u0161o partiju reitingu k\u0101pumu. Pa\u0161laik t\u0101d\u0101s Eiropas lielvalst\u012bs k\u0101 V\u0101cija, Francija un Lielbrit\u0101nija popul\u0101r\u0101ko partiju saraksta galvgal\u012b izvirz\u012bju\u0161\u0101s eiroskeptiskas un populistiskas partijas, lai gan neviena no t\u0101m v\u0113l nav tikusi pie varas.<\/p>\n<p>\u012aSUM\u0100:<\/p>\n<ul>\n<li>Eirop\u0101 samazin\u0101jies atbalsts valdo\u0161aj\u0101m partij\u0101m, augusi eiroskepti\u0137u popularit\u0101te.<\/li>\n<li>V\u0101cij\u0101 pie varas n\u0101ku\u0161i krist\u012bgie demokr\u0101ti, bet vi\u0146u reitings ir zems.<\/li>\n<li>Francijas politik\u0101 turpin\u0101s haoss.<\/li>\n<li>\u010cehij\u0101 pie varas atgriezies miljardieris Babi\u0161s.<\/li>\n<li>Polija negras\u0101s pievienoties prokrievisko ES dal\u012bbvalstu klubam.<\/li>\n<li>Baltkrievijas vadonis Luka\u0161enko izmanto politieslodz\u012btos k\u0101 \u0137\u012blniekus sarun\u0101s ar Rietumiem.<\/li>\n<li>Gruzija turpina prokrievisko kursu; Moldov\u0101 uzvar proeiropeiskie sp\u0113ki.<\/li>\n<li>Lietuv\u0101 politi\u0137i palielina spiedienu uz sabiedrisko mediju.<\/li>\n<\/ul>\n<p style=\"text-align:left\">\u0160\u0101du v\u0113l\u0113t\u0101ju noska\u0146ojumu sav\u0101 lab\u0101 labpr\u0101t izmanto Krievija, kas m\u0113r\u0137tiec\u012bgi atbalsta tos Eiropas politiskos sp\u0113kus, kuri tiecas v\u0101jin\u0101t Eiropas vienot\u012bbu un nev\u0113las iesaist\u012bties pal\u012bdz\u012bb\u0101 Ukrainai.<\/p>\n<p style=\"text-align:left\">Piem\u0113ram, Kremlis noteikti berz\u0113 rokas par pag\u0101ju\u0161ogad notiku\u0161o varas mai\u0146u \u010cehij\u0101, kur pie varas n\u0101ku\u0161ais miljardieris Andrejs Babi\u0161s papildin\u0101jis pret pal\u012bdz\u012bbu Ukrainai negat\u012bvi noska\u0146oto Eiropas l\u012bderu klubu, kur\u0101 jau bija Ung\u0101rijas un Slov\u0101kijas vad\u012bt\u0101ji.<\/p>\n<p>V\u0101cij\u0101 pie varas n\u0101ku\u0161i krist\u012bgie demokr\u0101ti, bet vi\u0146u popularit\u0101te sarukusi<\/p>\n<p style=\"text-align:left\">Febru\u0101r\u012b notiku\u0161aj\u0101s V\u0101cijas parlamenta v\u0113l\u0113\u0161an\u0101s <a href=\"https:\/\/www.lsm.lv\/raksts\/zinas\/arzemes\/23.02.2025-vacijas-parlamenta-velesanas-uzvarejusi-kristigie-demokrati.a588933\/\" class=\"lsm-link\" data-type=\"article\" data-id=\"588933\" rel=\"nofollow noopener\" target=\"_blank\">uzvar\u0113ja<\/a> Krist\u012bgo demokr\u0101tu apvien\u012bba (CDU\/CSU). Parakstot koal\u012bcijas l\u012bgumu ar soci\u0101ldemokr\u0101tiem, krist\u012bgo demokr\u0101tu l\u012bderis Fr\u012bdrihs Mercs ie\u0146\u0113ma kanclera amatu.<\/p>\n<p style=\"text-align:left\">Merca vald\u012bba pastiprin\u0101ja imigr\u0101cijas kontroli uz robe\u017e\u0101m, veica pensiju reformu, ieviesa <a href=\"https:\/\/www.lsm.lv\/raksts\/zinas\/arzemes\/13.11.2025-vacijas-koalicija-vienojas-par-procesu-iesauksanai-armija-brivpratigo-un-obligato-militaro-dienestu.a622379\/\" class=\"lsm-link\" data-type=\"article\" data-id=\"622379\" rel=\"nofollow noopener\" target=\"_blank\">br\u012bvpr\u0101t\u012bgo milit\u0101ro dienestu<\/a> un stiprin\u0101ja V\u0101cijas <a href=\"https:\/\/www.lsm.lv\/raksts\/zinas\/arzemes\/20.11.2025-mercs-vacija-tomer-piegadas-ukrainai-talas-darbibas-rakesu-sistemas.a623104\/\" class=\"lsm-link\" data-type=\"article\" data-id=\"623104\" rel=\"nofollow noopener\" target=\"_blank\">atbalstu Ukrainai<\/a>. Tom\u0113r ASV ieviestie tarifi, ekonomisk\u0101 kr\u012bze, augst\u0101s ener\u0123ijas cenas, pieaugo\u0161\u0101 konkurence ar \u0136\u012bnu autora\u017eo\u0161an\u0101 un <a href=\"https:\/\/www.lsm.lv\/raksts\/zinas\/ekonomika\/15.12.2025-zinojums-vacijas-autorazotajiem-sliktakie-ceturksna-raditaji-kops-pasaules-ekonomiskas-krizes.a626541\/\" class=\"lsm-link\" data-type=\"article\" data-id=\"626541\" rel=\"nofollow noopener\" target=\"_blank\">kr\u012bze \u0161aj\u0101 industrij\u0101<\/a>, k\u0101 ar\u012b vald\u012bbas nesp\u0113ja vienoties par Merca v\u0113l\u0113\u0161anu kampa\u0146\u0101 sol\u012btaj\u0101m p\u0101rmai\u0146\u0101m\u00a0iedrag\u0101ja krist\u012bgo demokr\u0101tu popularit\u0101ti.<\/p>\n<p style=\"text-align:left\">Novembr\u012b v\u0113l\u0113t\u0101ju atbalsts Merca partijai sasniedza rekordzemu l\u012bmeni. Septembr\u012b nacion\u0101listu partija &#8220;Alternat\u012bva V\u0101cijai&#8221;, kura v\u0113l\u0113\u0161an\u0101s ierindoj\u0101s otraj\u0101 viet\u0101, pirmo reizi izvirz\u012bj\u0101s pirmaj\u0101 viet\u0101 valsts m\u0113roga sabiedrisk\u0101s domas aptauj\u0101. T\u0101pat aptaujas liecina, ka gandr\u012bz puse no v\u0101cie\u0161iem uzskata, ka valdo\u0161\u0101 koal\u012bcija neizdz\u012bvos l\u012bdz n\u0101kamaj\u0101m feder\u0101laj\u0101m v\u0113l\u0113\u0161an\u0101m.<\/p>\n<p>Francijas politik\u0101 turpin\u0101s haoss<\/p>\n<p style=\"text-align:left\">Francijas parlaments septembr\u012b izteica <a href=\"https:\/\/www.lsm.lv\/raksts\/zinas\/arzemes\/08.09.2025-francijas-parlaments-izsaka-neuzticibu-premjera-beiru-valdibai.a613492\/\" class=\"lsm-link\" data-type=\"article\" data-id=\"613492\" rel=\"nofollow noopener\" target=\"_blank\">neuztic\u012bbu Fransu\u0101 Beir\u016b vald\u012bbai<\/a>, piespie\u017eot vi\u0146u atst\u0101t premjera amatu. Beir\u016b nesp\u0113ja pan\u0101kt vieno\u0161anos par 40 miljardu eiro defic\u012bta samazin\u0101\u0161anu valsts bud\u017eet\u0101. Nepilnu dienu p\u0113c Beir\u016b vald\u012bbas sabrukuma Francijas prezidents Emanuels Makrons premjera amat\u0101 iec\u0113la Sebastj\u0113nu Lekorn\u012b.<\/p>\n<blockquote>\n<p style=\"text-align:left\">Pabijis premjera amat\u0101 vien 27 dienas, ar\u012b <a href=\"https:\/\/www.lsm.lv\/raksts\/zinas\/arzemes\/06.10.2025-no-amata-atkapies-francijas-premjers-lekorni-politiskais-strupcels-valsti-padzilinas.a617174\/\" class=\"lsm-link\" data-type=\"article\" data-id=\"617174\" rel=\"nofollow noopener\" target=\"_blank\">Lekorn\u012b demision\u0113ja<\/a>, jo\u00a0\u2013 l\u012bdz\u012bgi k\u0101 vi\u0146a priek\u0161g\u0101j\u0113js \u2013 nesp\u0113ja pan\u0101kt bud\u017eeta apstiprin\u0101jumu. <a href=\"https:\/\/www.lsm.lv\/raksts\/zinas\/arzemes\/11.10.2025-francijas-premjerministra-amata-atkal-iecel-demisionejuso-lekorni.a617963\/\" class=\"lsm-link\" data-type=\"article\" data-id=\"617963\" rel=\"nofollow noopener\" target=\"_blank\">Makrons vi\u0146u amat\u0101 atjaunoja<\/a>, tom\u0113r opoz\u012bcija piedraud\u0113ja ar diviem neuztic\u012bbas balsojumiem.<\/p>\n<\/blockquote>\n<p style=\"text-align:left\">Lai saglab\u0101tu amatu, Lekorn\u012b <a href=\"https:\/\/www.lsm.lv\/raksts\/zinas\/arzemes\/14.10.2025-lai-saglabatu-amatu-francijas-premjers-lekorni-sola-apturet-nepopularo-pensiju-reformu.a618297\/\" class=\"lsm-link\" data-type=\"article\" data-id=\"618297\" rel=\"nofollow noopener\" target=\"_blank\">aptur\u0113ja pensiju reformu<\/a>, kas k\u013cuva par liel\u0101ko \u0161\u0137\u0113rsli sarun\u0101s par bud\u017eetu.\u00a0Lekorn\u012b izdev\u0101s notur\u0113ties amat\u0101, tom\u0113r koal\u012bcijai par katru l\u0113mumu joproj\u0101m ir s\u016bri j\u0101c\u012bn\u0101s. Lai gan likumdev\u0113ji ir pie\u0146\u0113mu\u0161i soci\u0101l\u0101s dro\u0161\u012bbas bud\u017eetu, 2026. gadu Francija uzs\u0101kusi bez apstiprin\u0101ta valsts bud\u017eeta.<\/p>\n<p style=\"text-align:left\">Francijas valsts p\u0101rvald\u0113 valdo\u0161o haosu zin\u0101m\u0101 m\u0113r\u0101 atspogu\u013coja <a href=\"https:\/\/www.lsm.lv\/raksts\/zinas\/arzemes\/19.10.2025-luvra-nozagtas-darglietas.a618933\/\" class=\"lsm-link\" data-type=\"article\" data-id=\"618933\" rel=\"nofollow noopener\" target=\"_blank\">v\u0113rien\u012bg\u0101 laup\u012b\u0161ana<\/a>, kas notika Luvras muzej\u0101.\u00a019. oktobr\u012b\u00a0zag\u013ci, izmantojot pac\u0113l\u0101ju,\u00a0iek\u013cuva Luvr\u0101 caur balkonu. Divi no vi\u0146iem ielauz\u0101s muzej\u0101 un nozaga Napoleona d\u0101rglietas, kam\u0113r v\u0113l divi gaid\u012bja vi\u0146us \u0101rpus\u0113.\u00a0Z\u0101dz\u012bba ilga p\u0101ris min\u016btes, bet zag\u013ciem izdev\u0101s aizb\u0113gt ar asto\u0146iem 88 miljonus eiro v\u0113rtiem priek\u0161metiem. Aizdom\u0101s par z\u0101dz\u012bbu <a href=\"https:\/\/www.lsm.lv\/raksts\/zinas\/arzemes\/30.10.2025-aizdomas-par-saistibu-ar-darglietu-zadzibu-no-luvras-aizturetas-vel-piecas-personas.a620400\/\" class=\"lsm-link\" data-type=\"article\" data-id=\"620400\" rel=\"nofollow noopener\" target=\"_blank\">aiztur\u0113tas septi\u0146as personas<\/a>, no kur\u0101m divas ir da\u013c\u0113ji atzinu\u0161as savu vainu.<\/p>\n<p>P\u0101vests ir miris; lai dz\u012bvo p\u0101vests!<\/p>\n<p style=\"text-align:left\">Lielas p\u0101rmai\u0146as aizvad\u012btaj\u0101 gad\u0101 piedz\u012bvoja Eiropas maz\u0101k\u0101 valsts Vatik\u0101ns, kur tika iev\u0113l\u0113ts jauns p\u0101vests. 88 gadu vecum\u0101 apr\u012bl\u012b Otraj\u0101s Lieldien\u0101s <a href=\"https:\/\/www.lsm.lv\/raksts\/zinas\/arzemes\/21.04.2025-88-gadu-vecuma-muziba-devies-pavests-francisks.a596177\/\" class=\"lsm-link\" data-type=\"article\" data-id=\"596177\" rel=\"nofollow noopener\" target=\"_blank\">m\u016b\u017e\u012bb\u0101 aizg\u0101ja p\u0101vests Francisks<\/a>, kur\u0161 bija Vatik\u0101na galva kop\u0161 2013. gada. Francisks ieg\u0101jis v\u0113stur\u0113 k\u0101 pirmais Lat\u012b\u0146amerik\u0101 dzimu\u0161ais p\u0101vests; vi\u0146\u0161 dzimis un audzis Argent\u012bn\u0101.<\/p>\n<p style=\"text-align:left\">Konkl\u0101v\u0101 par n\u0101kamo p\u0101vestu negaid\u012bti tika iev\u0113l\u0113ts ASV gar\u012bdznieks Roberts Prevosts, kur\u0161 pie\u0146\u0113ma v\u0101rdu Leons XIV. Vi\u0146\u0161 uz\u0146\u0113mies atbild\u012bbu par 1,4 miljardiem kato\u013cu vis\u0101 pasaul\u0113.<\/p>\n<blockquote>\n<p style=\"text-align:left\">Prevosts nebija starp favor\u012btiem uz p\u0101vesta posteni, jo daudziem \u0161\u0137ita, ka neb\u016btu pareizi uztic\u0113t Vatik\u0101na vad\u012bbu amerik\u0101nim, \u0146emot v\u0113r\u0101 jau t\u0101 milz\u012bgo ASV ietekmi pasaul\u0113.<\/p>\n<\/blockquote>\n<p style=\"text-align:left\">Leons XIV ir pirmais ASV dzimu\u0161ais p\u0101vests, bet k\u0101 person\u012bba vi\u0146\u0161 \u013coti at\u0161\u0137iras no tagad\u0113j\u0101 ASV prezidenta Donalda Trampa. Leons, kur\u0161 ilgus gadus darbojies k\u0101 gar\u012bdznieks Lat\u012b\u0146amerikas valst\u012b Peru, ir ap\u0146\u0113mies vienot, nevis \u0161\u0137elt bazn\u012bcu. 70 gadu vecais Leons XIV ir pirmais p\u0101vests, kur\u0161 dzimis p\u0113c Otr\u0101 pasaules kara. Par vienu no sav\u0101m priorit\u0101t\u0113m vi\u0146\u0161 uzskata miera veicin\u0101\u0161anu pasaul\u0113.<\/p>\n<p>Babi\u0161s atgrie\u017eas pie varas \u010cehij\u0101;\u00a0Polijai jauns prezidents<\/p>\n<p style=\"text-align:left\">\u010cehijas parlamenta v\u0113l\u0113\u0161an\u0101s oktobr\u012b uzvar\u0113ja miljardiera Andreja Babi\u0161a vad\u012bt\u0101 partija, t\u0101d\u0113j\u0101di vi\u0146\u0161 ieguva iesp\u0113ju atgriezties \u010cehijas premjera posten\u012b. Babi\u0161s jau bija \u010cehijas vald\u012bbas vad\u012bt\u0101js no 2017. l\u012bdz 2021. gadam. Vi\u0146a atgrie\u0161an\u0101s pie varas ir sliktas zi\u0146as Ukrainai, jo Babi\u0161s v\u0113l\u0113t\u0101jiem sol\u012bja, ka \u010cehija p\u0101rtrauks milit\u0101ro pal\u012bdz\u012bbu Ukrainai.<\/p>\n<p style=\"text-align:left\">Babi\u0161s \u0101tri vien atradis domubiedrus Eiropas Savien\u012bb\u0101, kur l\u012bdz\u012bgu prokrievisku politiku jau \u012bsteno Ung\u0101rijas l\u012bderis Viktors Orb\u0101ns un Slov\u0101kijas premjers Roberts Fico. Babi\u0161a vad\u012bb\u0101 \u010cehija gan diez vai k\u013c\u016bs par piln\u012bb\u0101 prokrievisku valsti, jo to ap\u0146\u0113mies nepie\u013caut \u010cehijas prezidents Petrs Pavels.<\/p>\n<blockquote>\n<p style=\"text-align:left\">Tom\u0113r izskan\u0113ju\u0161as runas, ka Ung\u0101rija, Slov\u0101kija un \u010cehija var\u0113tu atjaunot eiroskeptisko &#8220;Vi\u0161egr\u0101das bloku&#8221;, kas sag\u0101d\u0101tu galvass\u0101pes citu ES valstu l\u012bderiem.<\/p>\n<\/blockquote>\n<p style=\"text-align:left\">Vi\u0161egr\u0101das apvien\u012bb\u0101 s\u0101kotn\u0113ji 90. gados darboj\u0101s ar\u012b re\u0123iona lielvalsts Polija, ta\u010du pa\u0161laik t\u0101s tuvin\u0101\u0161an\u0101s ar iepriek\u0161 min\u0113to trijotni \u0161\u0137iet maz ticama, jo Polija ir viena no stingr\u0101kaj\u0101m Ukrainas atbalst\u012bt\u0101j\u0101m un premjera Donalda Tuska vald\u012bba ir orient\u0113ta uz sadarb\u012bbu, nevis konfront\u0101ciju ar Briseli.<\/p>\n<p style=\"text-align:left\">Polij\u0101 tikm\u0113r pag\u0101ju\u0161ogad notika prezidenta v\u0113l\u0113\u0161anas, kur\u0101s uzvar\u0113ja konservat\u012bv\u0101s opoz\u012bcijas kandid\u0101ts Karols Navrockis. Vi\u0146\u0161 p\u0101rsp\u0113ja Var\u0161avas m\u0113ru Rafalu T\u0161askovski. P\u0113c st\u0101\u0161an\u0101s amat\u0101 Navrockis ir centies veidot cie\u0161as attiec\u012bbas ar ASV prezidentu Donaldu Trampu, bet pa\u0161\u0101 Polij\u0101 vi\u0146am ir \u013coti sasp\u012bl\u0113tas attiec\u012bbas ar Tuska vald\u012bbu.<\/p>\n<p>Luka\u0161enko notur\u0113jies pie varas, izmanto politieslodz\u012btos k\u0101 \u0137\u012blniekus sarun\u0101s ar Rietumiem<\/p>\n<p style=\"text-align:left\">Baltkrievijas diktators Aleksandrs Luka\u0161enko ir pie varas jau kop\u0161 1994. gada, un p\u0113rn janv\u0101r\u012b vi\u0146\u0161 tika &#8220;p\u0101rv\u0113l\u0113ts&#8221; jau uz sept\u012bto termi\u0146u prezidenta amat\u0101. Prezidenta v\u0113l\u0113\u0161anas gan bija k\u0101rt\u0113j\u0101 demokr\u0101tijas imit\u0101cija, jo Luka\u0161enko bija m\u0101c\u012bjies no 2020. gada prezidenta v\u0113l\u0113\u0161anu k\u013c\u016bd\u0101m un \u0161oreiz nek\u0101di re\u0101li konkurenti v\u0113l\u0113\u0161an\u0101m netika pielaisti. Luka\u0161enko tika <a href=\"https:\/\/www.lsm.lv\/raksts\/zinas\/arzemes\/27.01.2025-baltkrievija-pazino-par-lukasenko-prezidenta-velesanas-nobalsojusi-8682.a585229\/\" class=\"lsm-link\" data-type=\"article\" data-id=\"585229\" rel=\"nofollow noopener\" target=\"_blank\">pasludin\u0101ts par &#8220;v\u0113l\u0113\u0161anu&#8221; uzvar\u0113t\u0101ju<\/a> ar 87% balsu.<\/p>\n<blockquote>\n<p style=\"text-align:left\">Visu gadu Luka\u0161enko uzman\u012bgi centies balans\u0113t starp lojalit\u0101tes izr\u0101d\u012b\u0161anu Krievijas vadonim Vladimiram Putinam, kur\u0161 Baltkrieviju ievilka agresij\u0101 pret Ukrainu, un centieniem uzlabot attiec\u012bbas ar Rietumiem, lai pan\u0101ktu pret Baltkrieviju noteikto sankciju vai vismaz m\u012bkstin\u0101\u0161anu.<\/p>\n<\/blockquote>\n<p style=\"text-align:left\">\u0160aj\u0101 zi\u0146\u0101 vi\u0146am izdevies atrast dzird\u012bgas ausis ASV prezidenta Donalda Trampa vald\u012bb\u0101, kas piekrita atvieglot sankcijas pret Baltkrieviju.<\/p>\n<p style=\"text-align:left\">Lai pan\u0101ktu \u0161o m\u0113r\u0137i, Luka\u0161enko re\u017e\u012bms k\u0101 \u0137\u012blniekus izmantoja simtiem politieslodz\u012bto, kas bija non\u0101ku\u0161i cietum\u0101 par preto\u0161anos valdo\u0161ajam re\u017e\u012bmam. Jau vasar\u0101 no ieslodz\u012bjuma <a href=\"https:\/\/www.lsm.lv\/raksts\/zinas\/arzemes\/21.06.2025-no-lukasenko-rezima-ieslodzijuma-atbrivo-2-latvijas-pilsonus-un-bijuso-baltkrievijas-opozicijas-lideri.a604205\/\" class=\"lsm-link\" data-type=\"article\" data-id=\"604205\" rel=\"nofollow noopener\" target=\"_blank\">tika atbr\u012bvots<\/a> trimd\u0101 dz\u012bvojo\u0161\u0101s opoz\u012bcijas l\u012bderis Svjatlanas Cihanouskas v\u012brs Sjarhejs, savuk\u0101rt decembr\u012b Luka\u0161enko re\u017e\u012bms atbr\u012bvoja v\u0113l vair\u0101k nek\u0101 100 politieslodz\u012bto, kuru vid\u016b bija ar\u012b protestu kust\u012bbas l\u012bdere Marija Ko\u013ces\u0146ikova un Nobela Miera pr\u0113mijas laure\u0101ts Aless Be\u013cackis.<\/p>\n<p style=\"text-align:left\">Eiropas Savien\u012bbas sankcijas pret Baltkrieviju tikm\u0113r ir paliku\u0161as sp\u0113k\u0101, jo Luka\u0161enko re\u017e\u012bms turpina izv\u0113rst da\u017e\u0101dus hibr\u012bduzbrukumus pret ES valst\u012bm, piem\u0113ram, veicina neleg\u0101lo migr\u0101ciju un kontrabandu.<\/p>\n<p>Gruzija turpina prokrievisko kursu; Moldov\u0101 uzvar proeiropeiskie sp\u0113ki<\/p>\n<p style=\"text-align:left\"><a href=\"https:\/\/www.lsm.lv\/raksts\/zinas\/arzemes\/28.11.2025-gruzija-ar-protestiem-atzime-pirmo-gadadienu-kops-valdiba-aptureja-virzibu-uz-es.a624286\/\" class=\"lsm-link\" data-type=\"article\" data-id=\"624286\" rel=\"nofollow noopener\" target=\"_blank\">Aprit\u0113jis gads<\/a> kop\u0161 prokremlisk\u0101 partija &#8220;Gruzijas sapnis&#8221; aptur\u0113ja valsts virz\u012bbu uz Eiropas Savien\u012bbu (ES). Prokrievisk\u0101 kursa uz\u0146em\u0161ana izrais\u012bja protestus, no kuriem daudzus policija izkl\u012bdin\u0101jusi ar asaru g\u0101zi un \u016bdens lielgabaliem, bet demonstrantus \u2013 apcietin\u0101jusi.<\/p>\n<p style=\"text-align:left\">Lai gan protesti turpin\u0101s un valsts attiec\u012bbas ar Eiropas Savien\u012bbu <a href=\"https:\/\/www.lsm.lv\/raksts\/zinas\/arzemes\/21.10.2025-pedeja-laika-saasinajusas-gruzijas-un-eiropas-savienibas-attiecibas.a619126\/\" class=\"lsm-link\" data-type=\"article\" data-id=\"619126\" rel=\"nofollow noopener\" target=\"_blank\">saasin\u0101s<\/a>, &#8220;Gruzijas sapnis&#8221; nostiprina autorit\u0101ro re\u017e\u012bmu.<\/p>\n<blockquote>\n<p style=\"text-align:left\">Partijas kontrol\u0113tais parlaments anul\u0113 opoz\u012bcijas deput\u0101tu mand\u0101tus, apcietina opozicion\u0101rus un noties\u0101 vi\u0146u atbalst\u012bt\u0101jus, palielin\u0101ja mediju uzraudz\u012bbu, ierobe\u017eo sabiedr\u012bbas ties\u012bbas v\u0113rsties pret vald\u012bbu, k\u0101 ar\u012b <a href=\"https:\/\/www.lsm.lv\/raksts\/zinas\/arzemes\/18.12.2025-arvalstis-dzivojosie-gruzijas-pilsoni-turpmak-vares-balsot-tikai-dzimtene.a626918\/\" class=\"lsm-link\" data-type=\"article\" data-id=\"626918\" rel=\"nofollow noopener\" target=\"_blank\">groz\u012bja v\u0113l\u0113\u0161anu likumu<\/a>, aizliedzot gruz\u012bniem balsot \u0101rvalstu v\u0113l\u0113\u0161anu iecirk\u0146os.<\/p>\n<\/blockquote>\n<p style=\"text-align:left\">T\u0101pat partija vienoj\u0101s ar Krieviju par <a href=\"https:\/\/www.lsm.lv\/raksts\/zinas\/ekonomika\/21.10.2025-krievija-nosutijusi-pirmo-naftas-kravu-uz-gruzija-jaunuzcelto-naftas-parstrades-rupnicu.a619273\/\" class=\"lsm-link\" data-type=\"article\" data-id=\"619273\" rel=\"nofollow noopener\" target=\"_blank\">naftas pieg\u0101di <\/a>Gruzij\u0101 jaunuzceltajai Kulevi naftas p\u0101rstr\u0101des r\u016bpn\u012bcai.<\/p>\n<p style=\"text-align:left\">Tikm\u0113r Moldov\u0101 parlamenta v\u0113l\u0113\u0161an\u0101s <a href=\"https:\/\/www.lsm.lv\/raksts\/zinas\/arzemes\/28.09.2025-moldovas-parlamenta-velesanas-uzvar-proeiropeiskie-speki.a616142\/\" class=\"lsm-link\" data-type=\"article\" data-id=\"616142\" rel=\"nofollow noopener\" target=\"_blank\">uzvar\u0113ju\u0161i proeiropeiskie sp\u0113ki<\/a>. Neraugoties uz pla\u0161aj\u0101m Krievijas dezinform\u0101cijas kampa\u0146\u0101m un centieniem pan\u0101kt Maskavai t\u012bkamu rezult\u0101tu, proeiropeisk\u0101 R\u012bc\u012bbas un solidarit\u0101tes partija ieguva vair\u0101k nek\u0101 50%. Prezidenta amat\u0101 p\u0101rv\u0113l\u0113t\u0101 Maija Sandu sola turpin\u0101t ce\u013cu uz ES. Proeiropeisk\u0101 vald\u012bba apstiprin\u0101jusi likumu par Krievijas kult\u016bras centra sl\u0113g\u0161anu, tom\u0113r par to v\u0113l ir j\u0101balso parlament\u0101.<\/p>\n<p>Arm\u0113nija un Azerbaid\u017e\u0101na paraksta miera deklar\u0101ciju<\/p>\n<p style=\"text-align:left\">Azerbaid\u017e\u0101na un Arm\u0113nija mart\u0101 <a href=\"https:\/\/www.lsm.lv\/raksts\/zinas\/arzemes\/13.03.2025-vesturisks-solis-azerbaidzana-un-armenija-gatavas-parakstit-miera-ligumu.a591478\/\" class=\"lsm-link\" data-type=\"article\" data-id=\"591478\" rel=\"nofollow noopener\" target=\"_blank\">vienoj\u0101s par 17 punktu pl\u0101nu<\/a>, paverot durvis miera nosl\u0113g\u0161anai, lai izbeigtu konfliktu Kalnu Karabah\u0101.<\/p>\n<p style=\"text-align:left\">Tom\u0113r Azerbaid\u017e\u0101na izvirz\u012bja Arm\u0113nijai virkni pras\u012bbu, kuras Erev\u0101na atteic\u0101s pie\u0146emt, t\u0101d\u0113\u013c miera l\u012bguma nosl\u0113g\u0161ana non\u0101ca strupce\u013c\u0101.<\/p>\n<p style=\"text-align:left\">Arm\u0113nijas un Azerbaid\u017e\u0101nas p\u0101rst\u0101vji august\u0101 tik\u0101s Va\u0161ington\u0101. Ar ASV prezidenta Donalda Trampa starpniec\u012bbu vi\u0146i <a href=\"https:\/\/www.lsm.lv\/raksts\/zinas\/arzemes\/09.08.2025-armenijas-azerbaidzanas-un-asv-lideri-baltaja-nama-paraksta-kopigu-deklaraciju-par-mieru.a609794\/\" class=\"lsm-link\" data-type=\"article\" data-id=\"609794\" rel=\"nofollow noopener\" target=\"_blank\">parakst\u012bja miera deklar\u0101ciju<\/a>. Erev\u0101na un Baku vienoj\u0101s atv\u0113rt Zangez\u016bras koridoru, pie\u0161\u0137irot ASV ties\u012bbas to p\u0101rvald\u012bt. Atv\u0113rto ce\u013cu nod\u0113v\u0113ja par &#8220;Trampa mar\u0161rutu starptautiskajam mieram un labkl\u0101j\u012bbai&#8221;.<\/p>\n<p style=\"text-align:left\">Miera deklar\u0101cijas parakst\u012b\u0161ana pieskaita v\u0113l septi\u0146iem kariem, kurus, Trampa ieskat\u0101 vi\u0146am izdevies izbeigt. Tom\u0113r nosl\u0113gtais dokuments nav juridiski saisto\u0161s; t\u0101 ir vieno\u0161an\u0101s, ka puses turpin\u0101s sarunas par iesald\u0113to miera l\u012bgumu. Azerbaid\u017e\u0101na turpina piepras\u012bt mart\u0101 izteikto pras\u012bbu izpildi, t\u0101d\u0113\u013c maz ticams, ka tuv\u0101kaj\u0101 laik\u0101 abas puses nosl\u0113gs \u012bstu miera l\u012bgumu.<\/p>\n<p>Skand\u0101lu d\u0113\u013c atk\u0101p\u0101s Lietuvas premjers<\/p>\n<p style=\"text-align:left\">Lietuv\u0101 j\u016blija beig\u0101s no amata <a href=\"https:\/\/www.lsm.lv\/raksts\/zinas\/arzemes\/31.07.2025-lietuvas-premjers-atkapjas-no-amata-pec-skandaliem-ar-vina-biznesa-darijumiem.a608716\/\" class=\"lsm-link\" data-type=\"article\" data-id=\"608716\" rel=\"nofollow noopener\" target=\"_blank\">atk\u0101p\u0101s <\/a>vald\u012bbas vad\u012bt\u0101js Gintauts Palucks. \u0160\u0101du l\u0113mumu vi\u0146\u0161 pie\u0146\u0113ma p\u0113c tam, kad ap vi\u0146u s\u0101ka savilkties arvien biez\u0101ka skand\u0101lu \u0113na, kas galvenok\u0101rt bija saist\u012bta ar amatpersonas dar\u012bjumiem un r\u012bc\u012bbu v\u0113l pirms st\u0101\u0161an\u0101s premjera amat\u0101.<\/p>\n<p style=\"text-align:left\">V\u0113l pirms vald\u012bbas vad\u012bt\u0101ja atk\u0101p\u0161an\u0101s Lietuvas prezidents Gitans Naus\u0113da deva premjeram divas ned\u0113\u013cas, lai sniegtu skaidrojumus vai atk\u0101ptos no amata.<\/p>\n<p style=\"text-align:left\">P\u0113c ilgsto\u0161\u0101m politisk\u0101m diskusij\u0101m augusta beig\u0101s amat\u0101 st\u0101j\u0101s jaun\u0101 vald\u012bbas vad\u012bt\u0101ja Inga Ru\u0123iniene, kuru \u0161im amatam izvirz\u012bja koal\u012bcij\u0101 ietilpsto\u0161\u0101 Lietuvas Soci\u0101ldemokr\u0101tu partija.<\/p>\n<blockquote>\n<p style=\"text-align:left\">L\u012bdz ar jauno premjeri izveidoja ar\u012b jaunu koal\u012bciju, kur\u0101 apvienoj\u0101s soci\u0101ldemokr\u0101ti, populistisk\u0101 partija &#8220;Nemunas r\u012btausma&#8221;, k\u0101 ar\u012b iepriek\u0161 opoz\u012bcij\u0101 eso\u0161\u0101s &#8220;Krist\u012bgo \u0123ime\u0146u alianse&#8221; un &#8220;Lietuvas Zemnieku un za\u013co savien\u012bba&#8221;.<\/p>\n<\/blockquote>\n<p style=\"text-align:left\">Dr\u012bz p\u0113c jaun\u0101s vald\u012bbas izveides sabiedr\u012bb\u0101 pla\u0161us <a href=\"https:\/\/www.lsm.lv\/raksts\/zinas\/arzemes\/25.09.2025-lietuva-apstiprinata-jauna-valdiba-nozare-proteste-pret-kulturas-ministru.a615842\/\" class=\"lsm-link\" data-type=\"article\" data-id=\"615842\" rel=\"nofollow noopener\" target=\"_blank\">protestus <\/a>izrais\u012bja jaun\u0101 kult\u016bras ministra iecel\u0161ana. \u0160o amatu uztic\u0113ja &#8220;Nemunas r\u012btausmas&#8221; p\u0101rst\u0101vim Ignotam Adomavi\u010dam, tom\u0113r jau 3. oktobr\u012b vi\u0146\u0161 no amata <a href=\"https:\/\/www.lsm.lv\/raksts\/zinas\/arzemes\/03.10.2025-protestus-izraisijusais-lietuvas-kulturas-ministrs-demisione.a616920\/\" class=\"lsm-link\" data-type=\"article\" data-id=\"616920\" rel=\"nofollow noopener\" target=\"_blank\">atk\u0101p\u0101s<\/a>. Vi\u0146a viet\u0101 kult\u016bras ministres pien\u0101kumus p\u0101r\u0146\u0113ma soci\u0101ldemokr\u0101tu deput\u0101te Vaida Aleknavi\u010diene.<\/p>\n<p>Lietuvas politi\u0137i palielina spiedienu uz sabiedrisko mediju<\/p>\n<p style=\"text-align:left\">Gada nogal\u0113 satrauco\u0161as zi\u0146as par iesp\u0113jam\u0101m p\u0101rmai\u0146\u0101m tuv\u0101kajos gados sa\u0146\u0113ma Lietuvas sabiedriskais medijs LRT. Seims <a href=\"https:\/\/www.lsm.lv\/raksts\/zinas\/arzemes\/27.11.2025-lietuva-uz-trim-gadiem-iesaldes-sabiedriskas-raidorganizacijas-finansejuma-apmeru.a624055\/\" class=\"lsm-link\" data-type=\"article\" data-id=\"624055\" rel=\"nofollow noopener\" target=\"_blank\">nobalsoja <\/a>par LRT bud\u017eeta iesald\u0113\u0161anu uz turpm\u0101kajiem trim gadiem. Turkl\u0101t paredz\u0113ts, ka p\u0113c \u0161\u012b perioda finans\u0113jums var\u0113tu pat samazin\u0101ties, jo no 2029. gada pl\u0101nots LRT pie\u0161\u0137irt maz\u0101ku da\u013cu no iedz\u012bvot\u0101ju ien\u0101kuma nodok\u013ca un akc\u012bzes nodok\u013ca ie\u0146\u0113mumiem. Kriti\u0137i nor\u0101da, ka \u0161\u0101da r\u012bc\u012bba b\u016btiski ierobe\u017eo medija att\u012bst\u012bbas iesp\u0113jas, \u012bpa\u0161i \u0146emot v\u0113r\u0101 iepriek\u0161 pl\u0101noto bud\u017eeta pieaugumu.<\/p>\n<p style=\"text-align:left\">Valdo\u0161aj\u0101 koal\u012bcij\u0101 p\u0101rst\u0101v\u0113tais populistiskais politiskais sp\u0113ks &#8220;Nemunas r\u012btausma&#8221; ierosin\u0101ja ar\u012b atvieglot LRT \u0123ener\u0101ldirektora atlai\u0161anas proced\u016bru. Likumprojekts paredz papla\u0161in\u0101t atst\u0101din\u0101\u0161anas iemeslus, tostarp gad\u012bjumos, ja padome neapstiprina ikgad\u0113jo darb\u012bbas p\u0101rskatu vai ir &#8220;neapmierin\u0101ta&#8221; ar \u0123ener\u0101ldirektora darbu.<\/p>\n<blockquote>\n<p style=\"text-align:left\">LRT nor\u0101d\u012bjis, ka \u0161\u0101das iniciat\u012bvas, visticam\u0101k, saist\u012btas ar medij\u0101 izskan\u0113ju\u0161o kritiku pret partijas l\u012bderi Remi\u0123iju \u017demaitaiti un vi\u0146a vad\u012bto politisko sp\u0113ku.<\/p>\n<\/blockquote>\n<p style=\"text-align:left\">T\u0101 nav pirm\u0101 reize, kad populisti \u0161ogad v\u0113rsu\u0161ies pret sabiedrisko mediju \u2013 gada s\u0101kum\u0101 &#8220;Nemunas r\u012btausma&#8221; rosin\u0101ja veikt LRT darba auditu, kas gan nosl\u0113dz\u0101s bez b\u016btiskiem p\u0101rmetumiem par medija darb\u012bbu. \u017demaitaitis ar\u012b aicin\u0101jis ieviest &#8220;\u0101rvalstu a\u0123entu&#8221; likumu, k\u0101ds, piem\u0113ram, ir sp\u0113k\u0101 Krievij\u0101 un Gruzij\u0101.<\/p>\n<p style=\"text-align:left\">\u0160iem vald\u012bbas so\u013ciem sekoja pla\u0161\u0101kais protests br\u012bv\u0101s Lietuvas m\u016bsdienu v\u0113stur\u0113. Demonstr\u0101cij\u0101, kuras sauklis bija &#8220;Rokas nost&#8221;, dal\u012bbnieki aicin\u0101ja vald\u012bbu atteikties no iecer\u0113taj\u0101m izmai\u0146\u0101m. Neraugoties uz to, jaut\u0101jums par LRT vad\u012bbas atcel\u0161anas proced\u016bras vienk\u0101r\u0161o\u0161anu turpin\u0101ja virz\u012bbu, un v\u0113l ned\u0113\u013cu pirms Ziemassv\u0113tkiem Lietuv\u0101 notika atk\u0101rtoti, tr\u012bs dienas ilgi <a href=\"https:\/\/www.lsm.lv\/raksts\/zinas\/arzemes\/15.12.2025-lietuva-tris-dienas-protestes-pret-planiem-grozit-sabiedriskas-raidorganizacijas-likumu.a626491\/\" class=\"lsm-link\" data-type=\"article\" data-id=\"626491\" rel=\"nofollow noopener\" target=\"_blank\">masu protesti<\/a>.<\/p>\n<p style=\"text-align:left\">Lietuvas prezidents \u0161aj\u0101 jaut\u0101jum\u0101 <a href=\"https:\/\/www.lsm.lv\/raksts\/zinas\/arzemes\/18.12.2025-lietuvas-prezidents-pielauj-visas-lrt-vadibas-un-padomes-atlaisanu-kritize-ari-seima-deputatus.a627008\/\" class=\"lsm-link\" data-type=\"article\" data-id=\"627008\" rel=\"nofollow noopener\" target=\"_blank\">kritiz\u0113jis <\/a>gan LRT, gan Seima deput\u0101tus, uzsverot, ka ka kaisl\u012bb\u0101m ap pl\u0101notajiem groz\u012bjumiem LRT likum\u0101 vajadz\u0113tu rimties. Vi\u0146apr\u0101t, iesp\u0113jama izeja no konflikta ir visas LRT vad\u012bbas un padomes atk\u0101p\u0161an\u0101s. Savuk\u0101rt Seim\u0101 notieko\u0161o vi\u0146\u0161 v\u0113rt\u0113ja k\u0101 hibr\u012bduzbrukumu no valsts iek\u0161ienes.<\/p>\n<p style=\"text-align:left\">Eiropas Raidorganiz\u0101ciju savien\u012bba (EBU) un vair\u0101ki citi Eiropas Savien\u012bbas sabiedrisko mediju p\u0101rst\u0101vji nos\u016bt\u012bju\u0161i atkl\u0101tu v\u0113stuli Seimam, pau\u017eot nopietnas ba\u017eas par LRT neatkar\u012bbu. V\u0113stul\u0113 aicin\u0101ts saglab\u0101t stabilu, caurskat\u0101mu un politiski neatkar\u012bgu finans\u0113juma un p\u0101rvald\u012bbas modeli. Satraukumu par notieko\u0161o Lietuv\u0101 <a href=\"https:\/\/www.lsm.lv\/raksts\/zinas\/arzemes\/04.12.2025-lietuvas-politiku-lemumi-par-sabiedrisko-mediju-raisa-satraukumu-baltijas-zurnalistu-vide.a624925\/\" class=\"lsm-link\" data-type=\"article\" data-id=\"624925\" rel=\"nofollow noopener\" target=\"_blank\">paudu\u0161as <\/a>ar\u012b Baltijas \u017eurn\u0101listu organiz\u0101cijas un sabiedrisko mediju p\u0101rst\u0101vji.<\/p>\n","protected":false},"excerpt":{"rendered":"Aizvad\u012btais gads daudzviet Eirop\u0101 iez\u012bm\u0113jies ar valdo\u0161o sp\u0113ku popularit\u0101tes kritumu un opoz\u012bcij\u0101 eso\u0161o partiju reitingu k\u0101pumu. Pa\u0161laik t\u0101d\u0101s&hellip;\n","protected":false},"author":2,"featured_media":94201,"comment_status":"","ping_status":"","sticky":false,"template":"","format":"standard","meta":{"footnotes":""},"categories":[14],"tags":[23,57,28,29,32,33,22,30,31,35,39,38,36,37,34,40,20,26,27,24,25,54,55,56,21,58],"class_list":{"0":"post-94200","1":"post","2":"type-post","3":"status-publish","4":"format-standard","5":"has-post-thumbnail","7":"category-zinas-no-arvalstim","8":"tag-aktualitates","9":"tag-arvalstim","10":"tag-breaking-news","11":"tag-breakingnews","12":"tag-featured-news","13":"tag-featurednews","14":"tag-headlines","15":"tag-latest-news","16":"tag-latestnews","17":"tag-latvia","18":"tag-latvian","19":"tag-latviesu","20":"tag-latviesu-valoda","21":"tag-latviesuvaloda","22":"tag-latvija","23":"tag-lv","24":"tag-news","25":"tag-popularakas-zinas","26":"tag-popularakaszinas","27":"tag-top-stories","28":"tag-topstories","29":"tag-world","30":"tag-world-news","31":"tag-worldnews","32":"tag-zinas","33":"tag-zinas-no-arvalstim"},"share_on_mastodon":{"url":"https:\/\/pubeurope.com\/@lv\/115836872479154523","error":""},"_links":{"self":[{"href":"https:\/\/www.europesays.com\/lv\/wp-json\/wp\/v2\/posts\/94200","targetHints":{"allow":["GET"]}}],"collection":[{"href":"https:\/\/www.europesays.com\/lv\/wp-json\/wp\/v2\/posts"}],"about":[{"href":"https:\/\/www.europesays.com\/lv\/wp-json\/wp\/v2\/types\/post"}],"author":[{"embeddable":true,"href":"https:\/\/www.europesays.com\/lv\/wp-json\/wp\/v2\/users\/2"}],"replies":[{"embeddable":true,"href":"https:\/\/www.europesays.com\/lv\/wp-json\/wp\/v2\/comments?post=94200"}],"version-history":[{"count":0,"href":"https:\/\/www.europesays.com\/lv\/wp-json\/wp\/v2\/posts\/94200\/revisions"}],"wp:featuredmedia":[{"embeddable":true,"href":"https:\/\/www.europesays.com\/lv\/wp-json\/wp\/v2\/media\/94201"}],"wp:attachment":[{"href":"https:\/\/www.europesays.com\/lv\/wp-json\/wp\/v2\/media?parent=94200"}],"wp:term":[{"taxonomy":"category","embeddable":true,"href":"https:\/\/www.europesays.com\/lv\/wp-json\/wp\/v2\/categories?post=94200"},{"taxonomy":"post_tag","embeddable":true,"href":"https:\/\/www.europesays.com\/lv\/wp-json\/wp\/v2\/tags?post=94200"}],"curies":[{"name":"wp","href":"https:\/\/api.w.org\/{rel}","templated":true}]}}