{"id":94209,"date":"2026-01-04T12:52:14","date_gmt":"2026-01-04T12:52:14","guid":{"rendered":"https:\/\/www.europesays.com\/lv\/94209\/"},"modified":"2026-01-04T12:52:14","modified_gmt":"2026-01-04T12:52:14","slug":"maduro-nogadats-aizturesanas-centra-nujorka","status":"publish","type":"post","link":"https:\/\/www.europesays.com\/lv\/94209\/","title":{"rendered":"Maduro nog\u0101d\u0101ts aiztur\u0113\u0161anas centr\u0101 \u0145ujork\u0101"},"content":{"rendered":"<p>Maduro iepriek\u0161 vair\u0101kk\u0101rt noliedzis, ka b\u016btu narkotiku karte\u013ca l\u012bderis. Vi\u0146\u0161 un vi\u0146a sieva Silija Floresa v\u0113l\u0101k tiks nog\u0101d\u0101ti tiesas priek\u0161\u0101 \u0145ujork\u0101, ta\u010du prec\u012bzs tiesas s\u0113des datums pagaid\u0101m nav pazi\u0146ots. Nav ar\u012b skaidrs, k\u0101ds ir vi\u0146a sievas aiztur\u0113\u0161anas statuss.<\/p>\n<blockquote class=\"twitter-tweet\" data-width=\"550\" data-dnt=\"true\">\n<p lang=\"en\" dir=\"ltr\"><a href=\"https:\/\/t.co\/lfmWASCqFG\" rel=\"nofollow\">pic.twitter.com\/lfmWASCqFG<\/a> \ud83d\udea8 BREAKING \ud83d\udea8<\/p>\n<p>Nicol\u00e1s Maduro is perp-walked through a New York Drug Enforcement Administration office by federal agents \ud83c\uddfa\ud83c\uddf8\ud83d\udd25 Supporters call it accountability in action.<\/p>\n<p>\u2014 NowCastHQ (@NowCastHQ) <a href=\"https:\/\/twitter.com\/NowCastHQ\/status\/2007722445969731687?ref_src=twsrc%5Etfw\" rel=\"nofollow noopener\" target=\"_blank\">January 4, 2026<\/a><\/p>\n<\/blockquote>\n<p>Stingri apsarg\u0101ts cietums ar skarbu reput\u0101ciju<\/p>\n<p>Bruklinas MDC ir vien\u012bgais feder\u0101lais cietums \u0145ujork\u0101 un ir b\u0113d\u012bgi slavens ar skarbajiem apst\u0101k\u013ciem, vardarb\u012bbas gad\u012bjumiem un aps\u016bdz\u012bb\u0101m par nepietiekamu uzraudz\u012bbu. ASV mediji atg\u0101dina par gad\u012bjumiem, kad ieslodz\u012btie guvu\u0161i smagus ievainojumus, nesa\u0146emot pien\u0101c\u012bgu medic\u012bnisko pal\u012bdz\u012bbu.<\/p>\n<p>Sagaid\u0101ms, ka Maduro tiks tur\u0113ts \u0161aj\u0101 cietum\u0101, pirms vi\u0146\u0161 n\u0101kamned\u0113\u013c st\u0101sies Manhetenas feder\u0101l\u0101s tiesas priek\u0161\u0101.<\/p>\n<p>Oper\u0101cija pl\u0101nota m\u0113ne\u0161iem ilgi<\/p>\n<p>ASV \u0123ener\u0101lis Dens Keins sestdien preses konferenc\u0113 detaliz\u0113ti izkl\u0101st\u012bja, k\u0101 notikusi oper\u0101cija Venecu\u0113l\u0101, kuras laik\u0101 sag\u016bst\u012bts valsts prezidents.<\/p>\n<p>P\u0113c vi\u0146a teikt\u0101, oper\u0101cija ar nosaukumu \u201cAbsolute Resolve\u201d tika pl\u0101nota vair\u0101kus m\u0113ne\u0161us, iesaistot gaisa, sauszemes, j\u016bras, kosmosa un izl\u016bko\u0161anas sp\u0113kus.<\/p>\n<p class=\"ad-desc ad-desc-main\">Saturs turpin\u0101s p\u0113c rekl\u0101mas<\/p>\n<p class=\"ad-desc ad-desc-sec\">Rekl\u0101ma<\/p>\n<p>\u201c2. janv\u0101r\u012b pulksten 22.46 p\u0113c Austrumkrasta laika prezidents Tramps deva gal\u012bgo r\u012bkojumu uzs\u0101kt oper\u0101ciju,\u201d sac\u012bja Keins.<\/p>\n<p>Oper\u0101cijas laik\u0101 150 lidapar\u0101ti pac\u0113l\u0101s no 20 da\u017e\u0101d\u0101m b\u0101z\u0113m vis\u0101 Rietumu puslod\u0113. Helikopteru un sauszemes vien\u012bba pietuvoj\u0101s Maduro rezidencei Venecu\u0113l\u0101, un gaisa atbalstu nodro\u0161in\u0101ja F-22, F-35, B-1 bumbved\u0113ji un bezpilota lidapar\u0101ti.<\/p>\n<p>Viens no helikopteriem oper\u0101cijas laik\u0101 tika ap\u0161aud\u012bts, ta\u010du sp\u0113ja turpin\u0101t lidojumu. V\u0113l\u0101k Maduro un vi\u0146a sieva tika nog\u0101d\u0101ti uz ASV karaku\u0123a USS Iwo Jima.<\/p>\n<p>Hegsets: \u201cT\u0101 bija ties\u012bbsarg\u0101jo\u0161a oper\u0101cija\u201d<\/p>\n<p>ASV aizsardz\u012bbas ministrs P\u012bts Hegsets intervij\u0101 nor\u0101d\u012bja, ka \u0161\u012b bijusi ties\u012bbsarg\u0101jo\u0161a oper\u0101cija, nevis kara darb\u012bba. \u201cEs redz\u0113ju lab\u0101ko no Amerikas \u2013 v\u012brie\u0161us un sievietes, kuri velt\u012bju\u0161i savu dz\u012bvi m\u016bsu valsts aizsardz\u012bbai,\u201d vi\u0146\u0161 sac\u012bja.<\/p>\n<p>Run\u0101jot par n\u0101kamajiem so\u013ciem Venecu\u0113l\u0101, Hegsets uzsv\u0113ra: \u201cTas, kas notiks t\u0101l\u0101k, b\u016bs Venecu\u0113las tautas zi\u0146\u0101, ta\u010du no dro\u0161\u012bbas un labkl\u0101j\u012bbas viedok\u013ca ieguv\u0113ja b\u016bs ar\u012b Amerika.\u201d<\/p>\n<p><script async src=\"https:\/\/platform.twitter.com\/widgets.js\" charset=\"utf-8\"><\/script><\/p>\n","protected":false},"excerpt":{"rendered":"Maduro iepriek\u0161 vair\u0101kk\u0101rt noliedzis, ka b\u016btu narkotiku karte\u013ca l\u012bderis. Vi\u0146\u0161 un vi\u0146a sieva Silija Floresa v\u0113l\u0101k tiks nog\u0101d\u0101ti&hellip;\n","protected":false},"author":2,"featured_media":94210,"comment_status":"","ping_status":"","sticky":false,"template":"","format":"standard","meta":{"footnotes":""},"categories":[5],"tags":[23,23440,28,29,32,33,22,30,31,35,39,38,36,37,34,40,20,26,27,24,25,21],"class_list":{"0":"post-94209","1":"post","2":"type-post","3":"status-publish","4":"format-standard","5":"has-post-thumbnail","7":"category-aktualitates","8":"tag-aktualitates","9":"tag-asvdonalds-trampsnikolass-madurovenecuela","10":"tag-breaking-news","11":"tag-breakingnews","12":"tag-featured-news","13":"tag-featurednews","14":"tag-headlines","15":"tag-latest-news","16":"tag-latestnews","17":"tag-latvia","18":"tag-latvian","19":"tag-latviesu","20":"tag-latviesu-valoda","21":"tag-latviesuvaloda","22":"tag-latvija","23":"tag-lv","24":"tag-news","25":"tag-popularakas-zinas","26":"tag-popularakaszinas","27":"tag-top-stories","28":"tag-topstories","29":"tag-zinas"},"share_on_mastodon":{"url":"https:\/\/pubeurope.com\/@lv\/115836927757218332","error":""},"_links":{"self":[{"href":"https:\/\/www.europesays.com\/lv\/wp-json\/wp\/v2\/posts\/94209","targetHints":{"allow":["GET"]}}],"collection":[{"href":"https:\/\/www.europesays.com\/lv\/wp-json\/wp\/v2\/posts"}],"about":[{"href":"https:\/\/www.europesays.com\/lv\/wp-json\/wp\/v2\/types\/post"}],"author":[{"embeddable":true,"href":"https:\/\/www.europesays.com\/lv\/wp-json\/wp\/v2\/users\/2"}],"replies":[{"embeddable":true,"href":"https:\/\/www.europesays.com\/lv\/wp-json\/wp\/v2\/comments?post=94209"}],"version-history":[{"count":0,"href":"https:\/\/www.europesays.com\/lv\/wp-json\/wp\/v2\/posts\/94209\/revisions"}],"wp:featuredmedia":[{"embeddable":true,"href":"https:\/\/www.europesays.com\/lv\/wp-json\/wp\/v2\/media\/94210"}],"wp:attachment":[{"href":"https:\/\/www.europesays.com\/lv\/wp-json\/wp\/v2\/media?parent=94209"}],"wp:term":[{"taxonomy":"category","embeddable":true,"href":"https:\/\/www.europesays.com\/lv\/wp-json\/wp\/v2\/categories?post=94209"},{"taxonomy":"post_tag","embeddable":true,"href":"https:\/\/www.europesays.com\/lv\/wp-json\/wp\/v2\/tags?post=94209"}],"curies":[{"name":"wp","href":"https:\/\/api.w.org\/{rel}","templated":true}]}}