{"id":94218,"date":"2026-01-04T13:08:10","date_gmt":"2026-01-04T13:08:10","guid":{"rendered":"https:\/\/www.europesays.com\/lv\/94218\/"},"modified":"2026-01-04T13:08:10","modified_gmt":"2026-01-04T13:08:10","slug":"telekomunikaciju-klume-paralize-gaisa-satiksmi-griekija-raksts","status":"publish","type":"post","link":"https:\/\/www.europesays.com\/lv\/94218\/","title":{"rendered":"Telekomunik\u0101ciju k\u013c\u016bme paraliz\u0113 gaisa satiksmi Grie\u0137ij\u0101 \/ Raksts"},"content":{"rendered":"<p>Telekomunik\u0101ciju k\u013c\u016bme gandr\u012bz piln\u012bb\u0101 aptur\u0113jusi gaisa satiksmi Grie\u0137ij\u0101, atsaucoties uz valsts civil\u0101s avi\u0101cijas p\u0101rvaldi, sv\u0113tdien zi\u0146o viet\u0113j\u0101 raidorganiz\u0101cija ERT.<\/p>\n<p>Raidorganiz\u0101cija nor\u0101d\u012bja, ka trauc\u0113jumi sk\u0101ru\u0161i visas valsts lidostas, tostarp At\u0113nu un Saloniku starptautisk\u0101s lidostas.<\/p>\n<p>Saska\u0146\u0101 ar Grie\u0137ijas Civil\u0101s avi\u0101cijas p\u0101rvaldes (HCAA) sniegto inform\u0101ciju probl\u0113mas radu\u0161\u0101s centr\u0101laj\u0101s radio un sakaru sist\u0113m\u0101s, ko izmanto Grie\u0137ijas gaisa telpas kontroles centri.<\/p>\n<blockquote>\n<p>Gaisa satiksmes dispe\u010deri ac\u012bmredzot nesp\u0113j sazin\u0101ties sav\u0101 starp\u0101.<\/p>\n<\/blockquote>\n<p>Lidojumu apseko\u0161anas vietne &#8220;Flightradar24&#8221; zi\u0146o, ka Grie\u0137ijas gaisa telpa ir gandr\u012bz tuk\u0161a.<\/p>\n<p>Pagaid\u0101m nav skaidrs, kad gaisa satiksmes trauc\u0113jumi tiks nov\u0113rsti.<\/p>\n<p><img decoding=\"async\" src=\"https:\/\/www.europesays.com\/lv\/wp-content\/uploads\/2026\/01\/sdxp.jpg\" alt=\"Vietne &quot;Flightradar24&quot; r\u0101da, ka Grie\u0137ijas gaisa telpa ir gandr\u012bz tuk\u0161a\"\/>Vietne &#8220;Flightradar24&#8221; r\u0101da, ka Grie\u0137ijas gaisa telpa ir gandr\u012bz tuk\u0161a<\/p>\n<p>Foto: via REUTERS, FLIGHTRADAR24.COM<\/p>\n<p><img decoding=\"async\" src=\"https:\/\/www.europesays.com\/lv\/wp-content\/uploads\/2026\/01\/sdxq.jpg\" alt=\"Aizkav\u0113ti lidojumi At\u0113nu lidost\u0101\"\/>Aizkav\u0113ti lidojumi At\u0113nu lidost\u0101<\/p>\n<p>Foto: REUTERS, Louiza Vradi<\/p>\n<\/p>\n<p>                    Valodas k\u013c\u016bda rakst\u0101?<\/p>\n<p class=\"d-none d-md-block\">Iez\u012bm\u0113jiet tekstu un spiediet Ctrl+Enter, lai nos\u016bt\u012btu labojamo teksta fragmentu redaktoram! Par faktu k\u013c\u016bd\u0101m l\u016bdzam zi\u0146ot e-past\u0101 <a href=\"https:\/\/www.lsm.lv\/cdn-cgi\/l\/email-protection\" class=\"__cf_email__\" data-cfemail=\"5a283f3e3b313933303b1a36293774362c\" rel=\"nofollow noopener\" target=\"_blank\">[email\u00a0protected]<\/a>.<\/p>\n<p class=\"d-md-none\">Iez\u012bm\u0113jiet tekstu un spiediet uz Zi\u0146ot par k\u013c\u016bdu pogas, lai nos\u016bt\u012btu labojamo teksta fragmentu redaktoram!<\/p>\n<p>\n                    Zi\u0146ot par k\u013c\u016bdu\n                <\/p>\n","protected":false},"excerpt":{"rendered":"Telekomunik\u0101ciju k\u013c\u016bme gandr\u012bz piln\u012bb\u0101 aptur\u0113jusi gaisa satiksmi Grie\u0137ij\u0101, atsaucoties uz valsts civil\u0101s avi\u0101cijas p\u0101rvaldi, sv\u0113tdien zi\u0146o viet\u0113j\u0101 raidorganiz\u0101cija&hellip;\n","protected":false},"author":2,"featured_media":94219,"comment_status":"","ping_status":"","sticky":false,"template":"","format":"standard","meta":{"footnotes":""},"categories":[14],"tags":[23,57,28,29,32,33,22,30,31,35,39,38,36,37,34,40,20,26,27,24,25,54,55,56,21,58],"class_list":{"0":"post-94218","1":"post","2":"type-post","3":"status-publish","4":"format-standard","5":"has-post-thumbnail","7":"category-zinas-no-arvalstim","8":"tag-aktualitates","9":"tag-arvalstim","10":"tag-breaking-news","11":"tag-breakingnews","12":"tag-featured-news","13":"tag-featurednews","14":"tag-headlines","15":"tag-latest-news","16":"tag-latestnews","17":"tag-latvia","18":"tag-latvian","19":"tag-latviesu","20":"tag-latviesu-valoda","21":"tag-latviesuvaloda","22":"tag-latvija","23":"tag-lv","24":"tag-news","25":"tag-popularakas-zinas","26":"tag-popularakaszinas","27":"tag-top-stories","28":"tag-topstories","29":"tag-world","30":"tag-world-news","31":"tag-worldnews","32":"tag-zinas","33":"tag-zinas-no-arvalstim"},"share_on_mastodon":{"url":"https:\/\/pubeurope.com\/@lv\/115836990491640167","error":""},"_links":{"self":[{"href":"https:\/\/www.europesays.com\/lv\/wp-json\/wp\/v2\/posts\/94218","targetHints":{"allow":["GET"]}}],"collection":[{"href":"https:\/\/www.europesays.com\/lv\/wp-json\/wp\/v2\/posts"}],"about":[{"href":"https:\/\/www.europesays.com\/lv\/wp-json\/wp\/v2\/types\/post"}],"author":[{"embeddable":true,"href":"https:\/\/www.europesays.com\/lv\/wp-json\/wp\/v2\/users\/2"}],"replies":[{"embeddable":true,"href":"https:\/\/www.europesays.com\/lv\/wp-json\/wp\/v2\/comments?post=94218"}],"version-history":[{"count":0,"href":"https:\/\/www.europesays.com\/lv\/wp-json\/wp\/v2\/posts\/94218\/revisions"}],"wp:featuredmedia":[{"embeddable":true,"href":"https:\/\/www.europesays.com\/lv\/wp-json\/wp\/v2\/media\/94219"}],"wp:attachment":[{"href":"https:\/\/www.europesays.com\/lv\/wp-json\/wp\/v2\/media?parent=94218"}],"wp:term":[{"taxonomy":"category","embeddable":true,"href":"https:\/\/www.europesays.com\/lv\/wp-json\/wp\/v2\/categories?post=94218"},{"taxonomy":"post_tag","embeddable":true,"href":"https:\/\/www.europesays.com\/lv\/wp-json\/wp\/v2\/tags?post=94218"}],"curies":[{"name":"wp","href":"https:\/\/api.w.org\/{rel}","templated":true}]}}