{"id":94241,"date":"2026-01-04T13:46:06","date_gmt":"2026-01-04T13:46:06","guid":{"rendered":"https:\/\/www.europesays.com\/lv\/94241\/"},"modified":"2026-01-04T13:46:06","modified_gmt":"2026-01-04T13:46:06","slug":"kekava-notikusais-vecgada-ruku-skrejiens-2025-pulce-316-dalibniekus-un-savac-vairak-neka-6600-eiro-ziedojumos-lente-lv","status":"publish","type":"post","link":"https:\/\/www.europesays.com\/lv\/94241\/","title":{"rendered":"\u0136ekav\u0101 notiku\u0161ais \u201eVecgada r\u016b\u0137u skr\u0113jiens 2025\u201d pulc\u0113 316 dal\u012bbniekus un sav\u0101c vair\u0101k nek\u0101 6600 eiro ziedojumos\u00a0\u2014\u00a0Lente.lv"},"content":{"rendered":"<p>Tr\u012bs simti se\u0161padsmit r\u016b\u0137u skr\u0113jien\u0101<\/p>\n<p>Tradicion\u0101lais labdar\u012bbas pas\u0101kums \u201eVecgada r\u016b\u0137u skr\u0113jiens 2025\u201d \u0136ekav\u0101 pulc\u0113jis 316 dal\u012bbniekus, gan lielus, gan mazus, kas simboliski pavad\u012bju\u0161i gada p\u0113d\u0113jo dienu, 31. decembr\u012b, pal\u012bdzot citiem. K\u0101 inform\u0113 port\u0101ls jauns.lv, \u0161ogad pas\u0101kums norisin\u0101j\u0101s sadarb\u012bb\u0101 ar biedr\u012bbu \u201eDr. Klauns\u201d, atbalstot t\u0101s darb\u012bbu, kas sniedz prieku un emocion\u0101lu atbalstu b\u0113rniem slimn\u012bc\u0101s vis\u0101 Latvij\u0101. \u0160\u012b iniciat\u012bva \u013c\u0101va ikvienam dal\u012bbniekam iesaist\u012bties soci\u0101li noz\u012bm\u012bg\u0101 labdar\u012bb\u0101, pal\u012bdzot mazin\u0101t stresu un uzlabot pa\u0161saj\u016btu mazajiem pacientiem \u0101rst\u0113\u0161an\u0101s laik\u0101. Kopum\u0101 pas\u0101kum\u0101 tika saziedoti 6638,52 eiro.<\/p>\n<p>Ziedojumi un atbalsts<\/p>\n<p>\u0160ogad \u012bpa\u0161i liels finansi\u0101ls atbalsts n\u0101cis no \u0136ekavas uz\u0146\u0113muma \u201eBraueri B\u016bve\u201d, kas ziedojis piecus t\u016bksto\u0161us eiro, b\u016btiski palielinot kop\u0113jo saziedoto summu un \u013caujot biedr\u012bbai \u201eDr. Klauns\u201d papla\u0161in\u0101t savas programmas apmekl\u0113jumu skaitu \u0101rstniec\u012bbas iest\u0101d\u0113s. Papildus tam, pas\u0101kuma laik\u0101 skaidr\u0101 naud\u0101 tika sav\u0101kti 1133,52 eiro, bet ar p\u0101rskait\u012bjumu v\u0113l 505 eiro.<\/p>\n<p>Distance un uzvar\u0113t\u0101ji<\/p>\n<p>Pas\u0101kums ietv\u0113ra vair\u0101kas distances, tostarp 5,3 kilometru garu skr\u0113jienu pieaugu\u0161ajiem un \u012bs\u0101kas distances b\u0113rniem. \u0100tr\u0101kie skr\u0113j\u0113ji 5,3 kilometru distanc\u0113 absol\u016btaj\u0101 v\u0113rt\u0113jum\u0101 v\u012brie\u0161iem bija Konstant\u012bns Biktimirovs, Aleksandrs Judkins un Agris Samcovs. Sievie\u0161u konkurenc\u0113 uz goda pjedest\u0101la k\u0101pa Mel\u0101nija Ro\u017eukalne, Rita Anopa un Madl\u0113na Freimane. Fini\u0161\u0101 visus dal\u012bbniekus sagaid\u012bja iesp\u0113ja sasild\u012bties ar kafiju un kakao, notika atbalst\u012bt\u0101ju balvu izloze un \u0101tr\u0101ko skr\u0113j\u0113ju apbalvo\u0161ana, radot sv\u0113tku noska\u0146u un kop\u012bbas saj\u016btu.<\/p>\n<p>Trad\u012bcija, kas vieno<\/p>\n<p>\u201eVecgada r\u016b\u0137u skr\u0113jiens\u201d \u0136ekav\u0101 notiek jau piekto gadu, k\u013c\u016bstot par noz\u012bm\u012bgu trad\u012bciju, kas apvieno kust\u012bbu prieku un labdar\u012bbu. Pas\u0101kuma organizatori, \u0136ekavas novada Sporta centrs, uzsver, ka gada p\u0113d\u0113jo dienu pavad\u012bt, darot labus darbus, sniedz \u012bpa\u0161u gandar\u012bjumu un prieku. \u0160\u012b trad\u012bcija ne tikai veicina akt\u012bvu dz\u012bvesveidu, bet ar\u012b stiprina kopienas saites un soci\u0101lo atbild\u012bbu, atg\u0101dinot, ka pat mazs laba darbs var rad\u012bt lielu prieku un sv\u0113tku br\u012bnumu.<\/p>\n<p>N\u0101kotnes perspekt\u012bvas<\/p>\n<p>\u0160\u0101da veida pas\u0101kumi ir noz\u012bm\u012bgi ne tikai sav\u0101kt\u0101 finansi\u0101l\u0101 atbalsta d\u0113\u013c, bet ar\u012b k\u0101 platforma, kas vieno sabiedr\u012bbu kop\u012bgam m\u0113r\u0137im. Biedr\u012bbas \u201eDr. Klauns\u201d darb\u012bba slimn\u012bc\u0101s ir \u013coti svar\u012bga b\u0113rnu emocion\u0101lajai labsaj\u016btai, un \u201eVecgada r\u016b\u0137u skr\u0113jiena\u201d organiz\u0113\u0161ana \u0136ekav\u0101 apliecina novada iedz\u012bvot\u0101ju un uz\u0146\u0113m\u0113ju iesaisti un v\u0113lmi pal\u012bdz\u0113t. Tiek prognoz\u0113ts, ka \u0161\u012b skaist\u0101 trad\u012bcija turpin\u0101sies ar\u012b n\u0101kamajos gados, pulc\u0113jot v\u0113l vair\u0101k dal\u012bbniekus un sniedzot atbalstu tiem, kam tas visvair\u0101k nepiecie\u0161ams.<\/p>\n","protected":false},"excerpt":{"rendered":"Tr\u012bs simti se\u0161padsmit r\u016b\u0137u skr\u0113jien\u0101 Tradicion\u0101lais labdar\u012bbas pas\u0101kums \u201eVecgada r\u016b\u0137u skr\u0113jiens 2025\u201d \u0136ekav\u0101 pulc\u0113jis 316 dal\u012bbniekus, gan lielus,&hellip;\n","protected":false},"author":2,"featured_media":94242,"comment_status":"","ping_status":"","sticky":false,"template":"","format":"standard","meta":{"footnotes":""},"categories":[5],"tags":[23,28,29,23549,32,33,22,118,7159,30,31,35,39,38,36,37,34,40,20,26,27,5068,24,25,23548,21],"class_list":{"0":"post-94241","1":"post","2":"type-post","3":"status-publish","4":"format-standard","5":"has-post-thumbnail","7":"category-aktualitates","8":"tag-aktualitates","9":"tag-breaking-news","10":"tag-breakingnews","11":"tag-dr-klauns","12":"tag-featured-news","13":"tag-featurednews","14":"tag-headlines","15":"tag-kekava","16":"tag-labdariba","17":"tag-latest-news","18":"tag-latestnews","19":"tag-latvia","20":"tag-latvian","21":"tag-latviesu","22":"tag-latviesu-valoda","23":"tag-latviesuvaloda","24":"tag-latvija","25":"tag-lv","26":"tag-news","27":"tag-popularakas-zinas","28":"tag-popularakaszinas","29":"tag-skrejiens","30":"tag-top-stories","31":"tag-topstories","32":"tag-vecgada-ruku-skrejiens","33":"tag-zinas"},"share_on_mastodon":{"url":"https:\/\/pubeurope.com\/@lv\/115837139868118975","error":""},"_links":{"self":[{"href":"https:\/\/www.europesays.com\/lv\/wp-json\/wp\/v2\/posts\/94241","targetHints":{"allow":["GET"]}}],"collection":[{"href":"https:\/\/www.europesays.com\/lv\/wp-json\/wp\/v2\/posts"}],"about":[{"href":"https:\/\/www.europesays.com\/lv\/wp-json\/wp\/v2\/types\/post"}],"author":[{"embeddable":true,"href":"https:\/\/www.europesays.com\/lv\/wp-json\/wp\/v2\/users\/2"}],"replies":[{"embeddable":true,"href":"https:\/\/www.europesays.com\/lv\/wp-json\/wp\/v2\/comments?post=94241"}],"version-history":[{"count":0,"href":"https:\/\/www.europesays.com\/lv\/wp-json\/wp\/v2\/posts\/94241\/revisions"}],"wp:featuredmedia":[{"embeddable":true,"href":"https:\/\/www.europesays.com\/lv\/wp-json\/wp\/v2\/media\/94242"}],"wp:attachment":[{"href":"https:\/\/www.europesays.com\/lv\/wp-json\/wp\/v2\/media?parent=94241"}],"wp:term":[{"taxonomy":"category","embeddable":true,"href":"https:\/\/www.europesays.com\/lv\/wp-json\/wp\/v2\/categories?post=94241"},{"taxonomy":"post_tag","embeddable":true,"href":"https:\/\/www.europesays.com\/lv\/wp-json\/wp\/v2\/tags?post=94241"}],"curies":[{"name":"wp","href":"https:\/\/api.w.org\/{rel}","templated":true}]}}