{"id":94245,"date":"2026-01-04T13:52:10","date_gmt":"2026-01-04T13:52:10","guid":{"rendered":"https:\/\/www.europesays.com\/lv\/94245\/"},"modified":"2026-01-04T13:52:10","modified_gmt":"2026-01-04T13:52:10","slug":"brocenu-ledus-halle-pardeveta-schwenk-varda","status":"publish","type":"post","link":"https:\/\/www.europesays.com\/lv\/94245\/","title":{"rendered":"Broc\u0113nu ledus halle p\u0101rd\u0113v\u0113ta &#8220;Schwenk&#8221; v\u0101rd\u0101"},"content":{"rendered":"<p>Uz\u0146\u0113mums &#8220;Schwenk Latvija&#8221; piedal\u012bjies pa\u0161vald\u012bbas izsludin\u0101taj\u0101 rekl\u0101mas laukuma nomas izsol\u0113.<\/p>\n<p>LETA jau v\u0113st\u012bja, ka vasar\u0101 Saldus novada pa\u0161vald\u012bba uzdeva Nekustam\u0101 \u012bpa\u0161uma noda\u013cai pas\u016bt\u012bt Broc\u0113nu ledus halles tirgus nov\u0113rt\u0113jumu.<\/p>\n<p>K\u0101 skaidro pa\u0161vald\u012bb\u0101, tirgus v\u0113rt\u0113jums ir pas\u016bt\u012bts un pa\u0161vald\u012bba turpina \u012br\u0113t halli no uz\u0146\u0113m\u0113ja. T\u0101l\u0101kais halles ieg\u0101des process atkar\u012bgs no bud\u017eeta iesp\u0113j\u0101m, nor\u0101da pa\u0161vald\u012bb\u0101.<\/p>\n<p>K\u0101 v\u0113st\u012bts, pa\u0161vald\u012bb\u0101 j\u016blij\u0101 sa\u0146emts halles \u012bpa\u0161nieka SIA &#8220;Broc\u0113nu sporta centrs&#8221; iesniegums ar l\u016bgumu pa\u0161vald\u012bbai pie\u0146emt l\u0113mumu par turpm\u0101k\u0101m darb\u012bb\u0101m ar \u0161o nekustamo \u012bpa\u0161umu Ezera iel\u0101 1, Broc\u0113nos.<\/p>\n<p>&#8220;Broc\u0113nu sporta centrs&#8221; ir iznom\u0101jis halli pa\u0161vald\u012bbai. L\u012bgums nosl\u0113gts 2021. gada maij\u0101 un ir sp\u0113k\u0101 l\u012bdz 2026. gada 31. maijam.<\/p>\n<p>Saska\u0146\u0101 ar l\u012bgumu nomas maksa pirmaj\u0101 gad\u0101 bija 168 000 eiro gad\u0101, savuk\u0101rt par katru n\u0101kamo l\u012bguma darb\u012bbas gadu t\u0101 tiek reizin\u0101ta ar iepriek\u0161\u0113j\u0101 kalend\u0101r\u0101 gada pat\u0113ri\u0146a cenu indeksu.<\/p>\n<p>&#8220;Broc\u0113nu sporta centrs&#8221; iesniegum\u0101 nor\u0101d\u012bjis, ka piekr\u012bt turpin\u0101t iznom\u0101t nekustamo \u012bpa\u0161umu, p\u0101rdot to Saldus novada pa\u0161vald\u012bbai vai ar\u012b veikt mai\u0146u pret l\u012bdzv\u0113rt\u012bgu pa\u0161vald\u012bbai piedero\u0161u nekustamo \u012bpa\u0161umu.<\/p>\n<p>Sertific\u0113ts tirgus v\u0113rt\u0113t\u0101js SIA &#8220;Eiroeksperts&#8221; 2021. gada maij\u0101 bija noteicis \u012bpa\u0161uma tirgus v\u0113rt\u012bbu 1,725 miljoni eiro.<\/p>\n<p>P\u0113c jauna \u012bpa\u0161uma nov\u0113rt\u0113juma sa\u0146em\u0161anas tiks sagatavoti priek\u0161likumi par turpm\u0101ko darb\u012bbu ar Broc\u0113nu ledus halli, un tie tiks virz\u012bti izskat\u012b\u0161anai domes Bud\u017eeta un ekonomikas komisij\u0101.<\/p>\n<p>K\u0101 liecina &#8220;Firmas.lv&#8221; inform\u0101cija, &#8220;Broc\u0113nu sporta centra&#8221; apgroz\u012bjums p\u0113rn bija 271 697 eiro, pe\u013c\u0146a &#8211; 72 395 eiro. Uz\u0146\u0113mums dibin\u0101ts 2004. gad\u0101, t\u0101 pamatkapit\u0101ls ir 415 602 eiro. Uz\u0146\u0113muma \u012bpa\u0161nieks ir Zigmunds Birz\u012btis.<\/p>\n","protected":false},"excerpt":{"rendered":"Uz\u0146\u0113mums &#8220;Schwenk Latvija&#8221; piedal\u012bjies pa\u0161vald\u012bbas izsludin\u0101taj\u0101 rekl\u0101mas laukuma nomas izsol\u0113. LETA jau v\u0113st\u012bja, ka vasar\u0101 Saldus novada pa\u0161vald\u012bba&hellip;\n","protected":false},"author":2,"featured_media":94246,"comment_status":"","ping_status":"","sticky":false,"template":"","format":"standard","meta":{"footnotes":""},"categories":[5],"tags":[23,28,29,23550,32,33,22,30,31,35,39,38,36,37,34,40,20,26,27,23551,24,25,21],"class_list":{"0":"post-94245","1":"post","2":"type-post","3":"status-publish","4":"format-standard","5":"has-post-thumbnail","7":"category-aktualitates","8":"tag-aktualitates","9":"tag-breaking-news","10":"tag-breakingnews","11":"tag-broceni","12":"tag-featured-news","13":"tag-featurednews","14":"tag-headlines","15":"tag-latest-news","16":"tag-latestnews","17":"tag-latvia","18":"tag-latvian","19":"tag-latviesu","20":"tag-latviesu-valoda","21":"tag-latviesuvaloda","22":"tag-latvija","23":"tag-lv","24":"tag-news","25":"tag-popularakas-zinas","26":"tag-popularakaszinas","27":"tag-schwenk","28":"tag-top-stories","29":"tag-topstories","30":"tag-zinas"},"share_on_mastodon":{"url":"https:\/\/pubeurope.com\/@lv\/115837163430756310","error":""},"_links":{"self":[{"href":"https:\/\/www.europesays.com\/lv\/wp-json\/wp\/v2\/posts\/94245","targetHints":{"allow":["GET"]}}],"collection":[{"href":"https:\/\/www.europesays.com\/lv\/wp-json\/wp\/v2\/posts"}],"about":[{"href":"https:\/\/www.europesays.com\/lv\/wp-json\/wp\/v2\/types\/post"}],"author":[{"embeddable":true,"href":"https:\/\/www.europesays.com\/lv\/wp-json\/wp\/v2\/users\/2"}],"replies":[{"embeddable":true,"href":"https:\/\/www.europesays.com\/lv\/wp-json\/wp\/v2\/comments?post=94245"}],"version-history":[{"count":0,"href":"https:\/\/www.europesays.com\/lv\/wp-json\/wp\/v2\/posts\/94245\/revisions"}],"wp:featuredmedia":[{"embeddable":true,"href":"https:\/\/www.europesays.com\/lv\/wp-json\/wp\/v2\/media\/94246"}],"wp:attachment":[{"href":"https:\/\/www.europesays.com\/lv\/wp-json\/wp\/v2\/media?parent=94245"}],"wp:term":[{"taxonomy":"category","embeddable":true,"href":"https:\/\/www.europesays.com\/lv\/wp-json\/wp\/v2\/categories?post=94245"},{"taxonomy":"post_tag","embeddable":true,"href":"https:\/\/www.europesays.com\/lv\/wp-json\/wp\/v2\/tags?post=94245"}],"curies":[{"name":"wp","href":"https:\/\/api.w.org\/{rel}","templated":true}]}}