{"id":94254,"date":"2026-01-04T14:10:11","date_gmt":"2026-01-04T14:10:11","guid":{"rendered":"https:\/\/www.europesays.com\/lv\/94254\/"},"modified":"2026-01-04T14:10:11","modified_gmt":"2026-01-04T14:10:11","slug":"foto-un-video-%e2%9f%a9-maduro-rokudzelzos-atrodas-aizturesanas-centra-nujorka","status":"publish","type":"post","link":"https:\/\/www.europesays.com\/lv\/94254\/","title":{"rendered":"FOTO UN VIDEO \u27e9 Maduro rokudzel\u017eos atrodas aiztur\u0113\u0161anas centr\u0101 \u0145ujork\u0101"},"content":{"rendered":"<p><a href=\"https:\/\/www.apollo.lv\/term\/555410\/asv\" class=\"topicLink\" target=\"_blank\" rel=\"nofollow noopener\">ASV<\/a> vald\u012bbas lidma\u0161\u012bna ar Maduro un vi\u0146a sievu S\u012bliju Floresu nolaid\u0101s milit\u0101raj\u0101 b\u0101z\u0113 \u012bsi p\u0113c pusnakts, un vi\u0146i ar helikopteru tika nog\u0101d\u0101ti \u0145ujork\u0101, kur ievietoti aiztur\u0113\u0161anas centr\u0101 Bruklin\u0101. Vi\u0146iem izvirz\u012btas aps\u016bdz\u012bbas da\u017e\u0101dos ar narkotik\u0101m un iero\u010diem saist\u012btos noziegumos.<\/p>\n<p>Baltais nams platform\u0101 &#8220;X&#8221; publiskoja video, kur\u0101 Maduro redzams rokudzel\u017eos ASV Narkotiku apkaro\u0161anas administr\u0101cijas (DEA) iest\u0101d\u0113 \u0145ujork\u0101.<\/p>\n<p>Jau v\u0113st\u012bts, ka ASV sp\u0113ki sestdien veica gaisa triecienus Karakas\u0101 un izveda no valsts Maduro un vi\u0146a sievu, un ASV prezidents <a href=\"https:\/\/www.apollo.lv\/term\/555636\/donalds-tramps\" class=\"topicLink\" target=\"_blank\" rel=\"nofollow noopener\">Donalds Tramps<\/a> p\u0113c tam pazi\u0146oja, ka ASV p\u0101rvald\u012bs Venecu\u0113lu un t\u0101s milz\u012bgos naftas kr\u0101jumus. Tramps ar\u012b pazi\u0146oja, ka Venecu\u0113l\u0101 var\u0113tu tikt izvietoti ASV karav\u012bri, un nor\u0101d\u012bja, ka ASV &#8220;nebaid\u0101s no karasp\u0113ka izvieto\u0161anas uz zemes&#8221;.<\/p>\n","protected":false},"excerpt":{"rendered":"ASV vald\u012bbas lidma\u0161\u012bna ar Maduro un vi\u0146a sievu S\u012bliju Floresu nolaid\u0101s milit\u0101raj\u0101 b\u0101z\u0113 \u012bsi p\u0113c pusnakts, un vi\u0146i&hellip;\n","protected":false},"author":2,"featured_media":94255,"comment_status":"","ping_status":"","sticky":false,"template":"","format":"standard","meta":{"footnotes":""},"categories":[5],"tags":[23,292,28,29,542,32,33,22,30,31,35,39,38,36,37,34,40,20,5168,26,27,24,25,21],"class_list":{"0":"post-94254","1":"post","2":"type-post","3":"status-publish","4":"format-standard","5":"has-post-thumbnail","7":"category-aktualitates","8":"tag-aktualitates","9":"tag-asv","10":"tag-breaking-news","11":"tag-breakingnews","12":"tag-donalds-tramps","13":"tag-featured-news","14":"tag-featurednews","15":"tag-headlines","16":"tag-latest-news","17":"tag-latestnews","18":"tag-latvia","19":"tag-latvian","20":"tag-latviesu","21":"tag-latviesu-valoda","22":"tag-latviesuvaloda","23":"tag-latvija","24":"tag-lv","25":"tag-news","26":"tag-nikolass-maduro","27":"tag-popularakas-zinas","28":"tag-popularakaszinas","29":"tag-top-stories","30":"tag-topstories","31":"tag-zinas"},"share_on_mastodon":{"url":"https:\/\/pubeurope.com\/@lv\/115837234204423391","error":""},"_links":{"self":[{"href":"https:\/\/www.europesays.com\/lv\/wp-json\/wp\/v2\/posts\/94254","targetHints":{"allow":["GET"]}}],"collection":[{"href":"https:\/\/www.europesays.com\/lv\/wp-json\/wp\/v2\/posts"}],"about":[{"href":"https:\/\/www.europesays.com\/lv\/wp-json\/wp\/v2\/types\/post"}],"author":[{"embeddable":true,"href":"https:\/\/www.europesays.com\/lv\/wp-json\/wp\/v2\/users\/2"}],"replies":[{"embeddable":true,"href":"https:\/\/www.europesays.com\/lv\/wp-json\/wp\/v2\/comments?post=94254"}],"version-history":[{"count":0,"href":"https:\/\/www.europesays.com\/lv\/wp-json\/wp\/v2\/posts\/94254\/revisions"}],"wp:featuredmedia":[{"embeddable":true,"href":"https:\/\/www.europesays.com\/lv\/wp-json\/wp\/v2\/media\/94255"}],"wp:attachment":[{"href":"https:\/\/www.europesays.com\/lv\/wp-json\/wp\/v2\/media?parent=94254"}],"wp:term":[{"taxonomy":"category","embeddable":true,"href":"https:\/\/www.europesays.com\/lv\/wp-json\/wp\/v2\/categories?post=94254"},{"taxonomy":"post_tag","embeddable":true,"href":"https:\/\/www.europesays.com\/lv\/wp-json\/wp\/v2\/tags?post=94254"}],"curies":[{"name":"wp","href":"https:\/\/api.w.org\/{rel}","templated":true}]}}