{"id":94260,"date":"2026-01-04T14:22:08","date_gmt":"2026-01-04T14:22:08","guid":{"rendered":"https:\/\/www.europesays.com\/lv\/94260\/"},"modified":"2026-01-04T14:22:08","modified_gmt":"2026-01-04T14:22:08","slug":"tukstosiem-majsaimniecibu-berline-atjaunota-elektroapgade-tacu-viss-vel-nav-paveikts","status":"publish","type":"post","link":"https:\/\/www.europesays.com\/lv\/94260\/","title":{"rendered":"T\u016bksto\u0161iem m\u0101jsaimniec\u012bbu Berl\u012bn\u0113 atjaunota elektroapg\u0101de, ta\u010du viss v\u0113l nav paveikts"},"content":{"rendered":"<p>\u0100rk\u0101rtas situ\u0101ciju dienesti sestdienas r\u012bt\u0101 sa\u0146\u0113ma inform\u0101ciju, ka aizdegu\u0161ies vair\u0101ki augstsprieguma kabe\u013ci pie tilta net\u0101lu no sp\u0113kstacijas. Ugunsdz\u0113s\u0113ji \u0101tri nodz\u0113sa ugunsgr\u0113ku, ta\u010du Berl\u012bnes dienvidrietumos bez elektr\u012bbas palika aptuveni 45 500 m\u0101jsaimniec\u012bbu un 2200 uz\u0146\u0113mumu.<\/p>\n<p>Berl\u012bnes m\u0113rs Kajs Vegners \u0161o dedzin\u0101\u0161anu raksturoja k\u0101 politiski motiv\u0113tu uzbrukumu, ko pastr\u0101d\u0101ju\u0161i kreisie ekstr\u0113misti.<\/p>\n<p>&#8220;Ir nepie\u0146emami, ka kreisie ekstr\u0113misti atkal uzbr\u016bk m\u016bsu elektrot\u012bklam un apdraud cilv\u0113ku dz\u012bv\u012bbas,&#8221; pazi\u0146oja Vegners, atsaucoties uz l\u012bdz\u012bgu incidentu, kas Berl\u012bn\u0113 notika septembr\u012b. Toreiz Berl\u012bn\u0113 desmitiem t\u016bksto\u0161u cilv\u0113ku palika bez elektr\u012bbas p\u0113c tam, kad ugunsgr\u0113ks bija sk\u0101ris elektr\u012bbas balstus. Ar\u012b \u0161aj\u0101 gad\u012bjum\u0101 policijai bija aizdomas par \u013caunpr\u0101t\u012bgu dedzin\u0101\u0161anu, un internet\u0101 atbild\u012bbu par ugunsgr\u0113ka izrais\u012b\u0161anu uz\u0146\u0113m\u0101s k\u0101ds v\u0101rd\u0101 nenosaukts anarhistu grup\u0113jums.<\/p>\n<p>Sestdien elektr\u012bbas p\u0101rtraukums sk\u0101ra ielu apgaismojumu, mobilos sakarus, luksoforus un sald\u0113tavas lielveikalos, k\u0101 ar\u012b priv\u0101t\u0101s m\u0101jsaimniec\u012bbas.<\/p>\n","protected":false},"excerpt":{"rendered":"\u0100rk\u0101rtas situ\u0101ciju dienesti sestdienas r\u012bt\u0101 sa\u0146\u0113ma inform\u0101ciju, ka aizdegu\u0161ies vair\u0101ki augstsprieguma kabe\u013ci pie tilta net\u0101lu no sp\u0113kstacijas. Ugunsdz\u0113s\u0113ji&hellip;\n","protected":false},"author":2,"featured_media":94261,"comment_status":"","ping_status":"","sticky":false,"template":"","format":"standard","meta":{"footnotes":""},"categories":[5],"tags":[23,1804,28,29,32,33,22,30,31,35,39,38,36,37,34,40,20,26,27,24,25,299,21],"class_list":{"0":"post-94260","1":"post","2":"type-post","3":"status-publish","4":"format-standard","5":"has-post-thumbnail","7":"category-aktualitates","8":"tag-aktualitates","9":"tag-berline","10":"tag-breaking-news","11":"tag-breakingnews","12":"tag-featured-news","13":"tag-featurednews","14":"tag-headlines","15":"tag-latest-news","16":"tag-latestnews","17":"tag-latvia","18":"tag-latvian","19":"tag-latviesu","20":"tag-latviesu-valoda","21":"tag-latviesuvaloda","22":"tag-latvija","23":"tag-lv","24":"tag-news","25":"tag-popularakas-zinas","26":"tag-popularakaszinas","27":"tag-top-stories","28":"tag-topstories","29":"tag-vacija","30":"tag-zinas"},"share_on_mastodon":{"url":"https:\/\/pubeurope.com\/@lv\/115837281427804345","error":""},"_links":{"self":[{"href":"https:\/\/www.europesays.com\/lv\/wp-json\/wp\/v2\/posts\/94260","targetHints":{"allow":["GET"]}}],"collection":[{"href":"https:\/\/www.europesays.com\/lv\/wp-json\/wp\/v2\/posts"}],"about":[{"href":"https:\/\/www.europesays.com\/lv\/wp-json\/wp\/v2\/types\/post"}],"author":[{"embeddable":true,"href":"https:\/\/www.europesays.com\/lv\/wp-json\/wp\/v2\/users\/2"}],"replies":[{"embeddable":true,"href":"https:\/\/www.europesays.com\/lv\/wp-json\/wp\/v2\/comments?post=94260"}],"version-history":[{"count":0,"href":"https:\/\/www.europesays.com\/lv\/wp-json\/wp\/v2\/posts\/94260\/revisions"}],"wp:featuredmedia":[{"embeddable":true,"href":"https:\/\/www.europesays.com\/lv\/wp-json\/wp\/v2\/media\/94261"}],"wp:attachment":[{"href":"https:\/\/www.europesays.com\/lv\/wp-json\/wp\/v2\/media?parent=94260"}],"wp:term":[{"taxonomy":"category","embeddable":true,"href":"https:\/\/www.europesays.com\/lv\/wp-json\/wp\/v2\/categories?post=94260"},{"taxonomy":"post_tag","embeddable":true,"href":"https:\/\/www.europesays.com\/lv\/wp-json\/wp\/v2\/tags?post=94260"}],"curies":[{"name":"wp","href":"https:\/\/api.w.org\/{rel}","templated":true}]}}