{"id":94262,"date":"2026-01-04T14:28:09","date_gmt":"2026-01-04T14:28:09","guid":{"rendered":"https:\/\/www.europesays.com\/lv\/94262\/"},"modified":"2026-01-04T14:28:09","modified_gmt":"2026-01-04T14:28:09","slug":"latvijai-stafete-sudrabs-kamaninu-pasaules-kausa-posma-sigulda-individuali-labaka-6-vieta-raksts","status":"publish","type":"post","link":"https:\/\/www.europesays.com\/lv\/94262\/","title":{"rendered":"Latvijai stafet\u0113 sudrabs kamani\u0146u Pasaules kausa posm\u0101 Siguld\u0101, individu\u0101li lab\u0101k\u0101 6.\u00a0vieta \/ Raksts"},"content":{"rendered":"<p>\n                        \u0160odien, 11:57                    <\/p>\n<p>\n                            Papildin\u0101ts \u0161odien, 14:53                        <\/p>\n<p>Latvijas kamani\u0146u sportistu komanda sv\u0113tdien Pasaules kausa posma nosl\u0113gum\u0101 Siguld\u0101 izc\u012bn\u012bja sudraba godalgas stafet\u0113, piek\u0101pjoties vien Austrijai. Sieviet\u0113m El\u012bna Ieva Bota otraj\u0101 braucien\u0101 saglab\u0101ja 6.\u00a0vietu, un lab\u0101ko se\u0161inieku nosl\u0113dza ar\u012b Gints B\u0113rzi\u0146\u0161, sasniedzot m\u0101jiniekiem lab\u0101ko rezult\u0101tu v\u012brie\u0161u konkurenc\u0113.<\/p>\n<p>(papildin\u0101ts p\u0113c komandu stafetes)<\/p>\n<p>Latviju stafet\u0113 p\u0101rst\u0101v\u0113ja El\u012bna Ieva Bota, Kristers Aparjods,\u00a0Eduards \u0160evics-Mike\u013c\u0161evics\/L\u016bkass Krasts un\u00a0Marta Robe\u017eniece\/Kitija\u00a0Bogdanova. Sievie\u0161u divnieka ekip\u0101\u017ea stafetes p\u0113d\u0113j\u0101 posm\u0101 pie\u013c\u0101va p\u0101ris k\u013c\u016bdas, bet tas neliedza asto\u0146u komandu konkurenc\u0113 nopeln\u012bt vietu uz goda pjedest\u0101la.<\/p>\n<p>No Austrijas seksteta latvie\u0161i atpalika 0,295 sekundes, bet par 0,133 sekund\u0113m apsteidza bronzas meda\u013cniekus ASV kamani\u0146brauc\u0113jus. Start\u0113ja asto\u0146as komandas, bet pie ieskait\u012bta rezult\u0101ta tika piecas vien\u012bbas, l\u012bdz fini\u0161am netiekot ar\u012b favor\u012btiem v\u0101cie\u0161iem.<\/p>\n<blockquote>\n<p>V\u012brie\u0161iem uzvar\u0113ja titul\u0113tais v\u0101cietis F\u0113likss Lohs,<\/p>\n<\/blockquote>\n<p>divu braucienu summ\u0101 par 0,081 sekundi apsteidzot otr\u0101s vietas ieguv\u0113ju Austrijas kamani\u0146brauc\u0113ju Jonasu Melleru. Uz pjedest\u0101la zem\u0101k\u0101 pak\u0101piena tika uzvar\u0113t\u0101ja tautietis Makss Langenh\u0101ns, kuru no uzvar\u0113t\u0101ja \u0161\u0137\u012bra 0,099 sekundes.\u00a0Sezon\u0101 lab\u0101ko personisko rezult\u0101tu sasniegu\u0161ais B\u0113rzi\u0146\u0161 uzvar\u0113t\u0101jam zaud\u0113ja 0,449 sekundes.\u00a0<\/p>\n<p>Kristers Aparjods un Kaspars Rinks ierindoj\u0101s attiec\u012bgi 7. un 8. viet\u0101.\u00a0Aparjods otraj\u0101 braucien\u0101 k\u013c\u016bd\u012bj\u0101s trases aug\u0161da\u013c\u0101, kas vi\u0146am liedza divu braucienu summ\u0101 notur\u0113ties priek\u0161\u0101 B\u0113rzi\u0146am.<\/p>\n<blockquote>\n<p>Sieviet\u0113m uzvar\u0113ja amerik\u0101niete Sammere Bri\u010dere, kura p\u0113c sestdien veikt\u0101 pirm\u0101 brauciena bija tre\u0161\u0101.<\/p>\n<\/blockquote>\n<p>Otro vietu ieguva 0,037 sekundes l\u0113n\u0101k\u0101 Austrijas kamani\u0146u brauc\u0113ja Liza \u0160ulte, bet laure\u0101tu trijnieku 0,091 sekundi aiz uzvar\u0113t\u0101jas nosl\u0113dza l\u012bdere p\u0113c pirm\u0101 brauciena v\u0101ciete\u00a0J\u016blija Taubica. Botu no uzvar\u0113t\u0101jas \u0161\u0137\u012bra 0,325 sekundes.<\/p>\n<p>Bota otro braucienu aizvad\u012bja bez ac\u012bmredzam\u0101m k\u013c\u016bd\u0101m, tom\u0113r kamanas neskr\u0113ja tik \u0101tri, lai iesaist\u012btos c\u012b\u0146\u0101 par augst\u0101k\u0101m viet\u0101m. Otraj\u0101 braucien\u0101 Bota bija astot\u0101, savuk\u0101rt divu braucienu summ\u0101 vi\u0146a saglab\u0101ja sesto poz\u012bciju.\u00a0<\/p>\n<p>V\u0113l tr\u012bs latvietes\u00a0Zane Kaluma, Kendija Aparjode un Margita Sirsni\u0146a attiec\u012bgi sadal\u012bja 12.-14. vietu. Aparjode otraj\u0101 braucien\u0101 zaud\u0113ja piecas\u00a0poz\u012bcijas, d\u0101rgi samaks\u0101jot par k\u013c\u016bdu trases lejasda\u013c\u0101.\u00a0<\/p>\n<p>Sievietes un v\u012brie\u0161i solo klas\u0113 sestdien veica tikai pirmo braucienu.<\/p>\n<p>Pirmaj\u0101 braucien\u0101 Bota sestdien ieguva 6. vietu, Aparjode ierindoj\u0101s 8. poz\u012bcij\u0101,\u00a0savuk\u0101rt Kaluma un Sirsni\u0146a sasniedza attiec\u012bgi 10. un 13. vietu.\u00a0V\u012brie\u0161iem pirmaj\u0101 braucien\u0101 Aparjods, B\u0113rzi\u0146\u0161 un Rinks sec\u012bgi ierindoj\u0101s no 6. l\u012bdz 8.\u00a0vietai. L\u012bderpoz\u012bcij\u0101s izvirz\u012bj\u0101s Lohs, kam Aparjods zaud\u0113ja 0,194 sekundes.<\/p>\n<p>Dienu iepriek\u0161 v\u012brie\u0161u divnieku ekip\u0101\u017eu sacens\u012bb\u0101s karjer\u0101 <a href=\"https:\/\/www.lsm.lv\/raksts\/sports\/kamanas\/03.01.2026-kamaninu-divnieks-sevics-mikelsevicskrasts-uzvar-posma-sigulda-botsplume-nopelna-bronzu.a628429\/?utm_source=lsm&amp;utm_medium=article-bottom&amp;utm_campaign=article\" class=\"lsm-link\" data-type=\"article\" data-id=\"628429\" rel=\"nofollow noopener\" target=\"_blank\">pirmo uzvaru Pasaules kausa l\u012bmen\u012b izc\u012bn\u012bja Eduards \u0160evics-Mike\u013c\u0161evics\/L\u016bkass Krasts<\/a>, bet\u00a0M\u0101rti\u0146\u0161 Bots\/Roberts Pl\u016bme nopeln\u012bja bronzas godalgas.\u00a0Sievie\u0161u divniekos 4. vietu ieguva Marta Robe\u017eniece\/Kitija\u00a0Bogdanova.\u00a0<\/p>\n<p>Siguld\u0101 kamani\u0146u brauc\u0113ji c\u012bn\u0101s ar\u012b par ieskaites punktiem Mil\u0101nas-Kort\u012bnas ziemas olimpisko sp\u0113\u013cu kvalifik\u0101cij\u0101. Punktu kr\u0101jumu olimpiskaj\u0101 kvalifik\u0101cij\u0101 v\u0113l var\u0113s papildin\u0101t ar\u012b n\u0101kamaj\u0101 Pasaules kausa posm\u0101, kas 11. janv\u0101r\u012b nosl\u0113gsies Vinterbergas tras\u0113, V\u0101cij\u0101. Mil\u0101nas-Kort\u012bnas ziemas olimpisk\u0101s sp\u0113les s\u0101ksies 6.\u00a0febru\u0101r\u012b.<\/p>\n<p>                    Valodas k\u013c\u016bda rakst\u0101?<\/p>\n<p class=\"d-none d-md-block\">Iez\u012bm\u0113jiet tekstu un spiediet Ctrl+Enter, lai nos\u016bt\u012btu labojamo teksta fragmentu redaktoram! Par faktu k\u013c\u016bd\u0101m l\u016bdzam zi\u0146ot e-past\u0101 <a href=\"https:\/\/www.lsm.lv\/cdn-cgi\/l\/email-protection\" class=\"__cf_email__\" data-cfemail=\"e39186878288808a8982a38f908ecd8f95\" rel=\"nofollow noopener\" target=\"_blank\">[email\u00a0protected]<\/a>.<\/p>\n<p class=\"d-md-none\">Iez\u012bm\u0113jiet tekstu un spiediet uz Zi\u0146ot par k\u013c\u016bdu pogas, lai nos\u016bt\u012btu labojamo teksta fragmentu redaktoram!<\/p>\n<p>\n                    Zi\u0146ot par k\u013c\u016bdu\n                <\/p>\n","protected":false},"excerpt":{"rendered":"\u0160odien, 11:57 Papildin\u0101ts \u0161odien, 14:53 Latvijas kamani\u0146u sportistu komanda sv\u0113tdien Pasaules kausa posma nosl\u0113gum\u0101 Siguld\u0101 izc\u012bn\u012bja sudraba godalgas&hellip;\n","protected":false},"author":2,"featured_media":94263,"comment_status":"","ping_status":"","sticky":false,"template":"","format":"standard","meta":{"footnotes":""},"categories":[5],"tags":[23,28,29,32,33,22,30,31,35,39,38,36,37,34,40,20,26,27,24,25,21],"class_list":{"0":"post-94262","1":"post","2":"type-post","3":"status-publish","4":"format-standard","5":"has-post-thumbnail","7":"category-aktualitates","8":"tag-aktualitates","9":"tag-breaking-news","10":"tag-breakingnews","11":"tag-featured-news","12":"tag-featurednews","13":"tag-headlines","14":"tag-latest-news","15":"tag-latestnews","16":"tag-latvia","17":"tag-latvian","18":"tag-latviesu","19":"tag-latviesu-valoda","20":"tag-latviesuvaloda","21":"tag-latvija","22":"tag-lv","23":"tag-news","24":"tag-popularakas-zinas","25":"tag-popularakaszinas","26":"tag-top-stories","27":"tag-topstories","28":"tag-zinas"},"share_on_mastodon":{"url":"https:\/\/pubeurope.com\/@lv\/115837305030014120","error":""},"_links":{"self":[{"href":"https:\/\/www.europesays.com\/lv\/wp-json\/wp\/v2\/posts\/94262","targetHints":{"allow":["GET"]}}],"collection":[{"href":"https:\/\/www.europesays.com\/lv\/wp-json\/wp\/v2\/posts"}],"about":[{"href":"https:\/\/www.europesays.com\/lv\/wp-json\/wp\/v2\/types\/post"}],"author":[{"embeddable":true,"href":"https:\/\/www.europesays.com\/lv\/wp-json\/wp\/v2\/users\/2"}],"replies":[{"embeddable":true,"href":"https:\/\/www.europesays.com\/lv\/wp-json\/wp\/v2\/comments?post=94262"}],"version-history":[{"count":0,"href":"https:\/\/www.europesays.com\/lv\/wp-json\/wp\/v2\/posts\/94262\/revisions"}],"wp:featuredmedia":[{"embeddable":true,"href":"https:\/\/www.europesays.com\/lv\/wp-json\/wp\/v2\/media\/94263"}],"wp:attachment":[{"href":"https:\/\/www.europesays.com\/lv\/wp-json\/wp\/v2\/media?parent=94262"}],"wp:term":[{"taxonomy":"category","embeddable":true,"href":"https:\/\/www.europesays.com\/lv\/wp-json\/wp\/v2\/categories?post=94262"},{"taxonomy":"post_tag","embeddable":true,"href":"https:\/\/www.europesays.com\/lv\/wp-json\/wp\/v2\/tags?post=94262"}],"curies":[{"name":"wp","href":"https:\/\/api.w.org\/{rel}","templated":true}]}}