{"id":94266,"date":"2026-01-04T14:34:10","date_gmt":"2026-01-04T14:34:10","guid":{"rendered":"https:\/\/www.europesays.com\/lv\/94266\/"},"modified":"2026-01-04T14:34:10","modified_gmt":"2026-01-04T14:34:10","slug":"latvijas-kamaninu-brauceji-komandu-stafete-izcina-siguldas-sudrabu","status":"publish","type":"post","link":"https:\/\/www.europesays.com\/lv\/94266\/","title":{"rendered":"Latvijas kamani\u0146u brauc\u0113ji komandu stafet\u0113 izc\u012bna Siguldas sudrabu"},"content":{"rendered":"<p class=\"lead mb-md-2 mb-1 js-tv3-orphus\">Latvijas kamani\u0146u brauc\u0113ji El\u012bna Ieva Bota, Eduards \u0160evics-Mike\u013c\u0161evics\/L\u016bkass Krasts, Kristers Aparjods un Marta Robe\u017eniece\/Kitija Bogdanova Siguldas Pasaules kausa posm\u0101 izc\u012bn\u012bja otro vietu komandu stafet\u0113.\n<\/p>\n<p>Uzvaru izc\u012bn\u012bja Austrijas kamani\u0146u brauc\u0113ji, kuri fini\u0161u sasniedza tr\u012bs min\u016bt\u0113s un 1,215 sekund\u0113s. Latvijas kvartets atpalika no austrie\u0161iem 0,295 sekundes, bet amerik\u0101\u0146i zaud\u0113ja 0,428 sekundes un bija tre\u0161ie.<\/p>\n","protected":false},"excerpt":{"rendered":"Latvijas kamani\u0146u brauc\u0113ji El\u012bna Ieva Bota, Eduards \u0160evics-Mike\u013c\u0161evics\/L\u016bkass Krasts, Kristers Aparjods un Marta Robe\u017eniece\/Kitija Bogdanova Siguldas Pasaules kausa&hellip;\n","protected":false},"author":2,"featured_media":94267,"comment_status":"","ping_status":"","sticky":false,"template":"","format":"standard","meta":{"footnotes":""},"categories":[5],"tags":[23,28,29,23555,32,33,22,30,31,35,39,38,36,37,34,40,20,26,27,24,25,21],"class_list":{"0":"post-94266","1":"post","2":"type-post","3":"status-publish","4":"format-standard","5":"has-post-thumbnail","7":"category-aktualitates","8":"tag-aktualitates","9":"tag-breaking-news","10":"tag-breakingnews","11":"tag-eduards-sevics-mikelsevicselina-ieva-botakamaninu-sportskristers-aparjodslukass-krastsziemas-sports","12":"tag-featured-news","13":"tag-featurednews","14":"tag-headlines","15":"tag-latest-news","16":"tag-latestnews","17":"tag-latvia","18":"tag-latvian","19":"tag-latviesu","20":"tag-latviesu-valoda","21":"tag-latviesuvaloda","22":"tag-latvija","23":"tag-lv","24":"tag-news","25":"tag-popularakas-zinas","26":"tag-popularakaszinas","27":"tag-top-stories","28":"tag-topstories","29":"tag-zinas"},"share_on_mastodon":{"url":"https:\/\/pubeurope.com\/@lv\/115837328610184825","error":""},"_links":{"self":[{"href":"https:\/\/www.europesays.com\/lv\/wp-json\/wp\/v2\/posts\/94266","targetHints":{"allow":["GET"]}}],"collection":[{"href":"https:\/\/www.europesays.com\/lv\/wp-json\/wp\/v2\/posts"}],"about":[{"href":"https:\/\/www.europesays.com\/lv\/wp-json\/wp\/v2\/types\/post"}],"author":[{"embeddable":true,"href":"https:\/\/www.europesays.com\/lv\/wp-json\/wp\/v2\/users\/2"}],"replies":[{"embeddable":true,"href":"https:\/\/www.europesays.com\/lv\/wp-json\/wp\/v2\/comments?post=94266"}],"version-history":[{"count":0,"href":"https:\/\/www.europesays.com\/lv\/wp-json\/wp\/v2\/posts\/94266\/revisions"}],"wp:featuredmedia":[{"embeddable":true,"href":"https:\/\/www.europesays.com\/lv\/wp-json\/wp\/v2\/media\/94267"}],"wp:attachment":[{"href":"https:\/\/www.europesays.com\/lv\/wp-json\/wp\/v2\/media?parent=94266"}],"wp:term":[{"taxonomy":"category","embeddable":true,"href":"https:\/\/www.europesays.com\/lv\/wp-json\/wp\/v2\/categories?post=94266"},{"taxonomy":"post_tag","embeddable":true,"href":"https:\/\/www.europesays.com\/lv\/wp-json\/wp\/v2\/tags?post=94266"}],"curies":[{"name":"wp","href":"https:\/\/api.w.org\/{rel}","templated":true}]}}