{"id":94268,"date":"2026-01-04T14:40:10","date_gmt":"2026-01-04T14:40:10","guid":{"rendered":"https:\/\/www.europesays.com\/lv\/94268\/"},"modified":"2026-01-04T14:40:10","modified_gmt":"2026-01-04T14:40:10","slug":"amatpersona-atklaj-bojagajuso-skaitu-asv-militaraja-operacija-venecuela-jauns-lv","status":"publish","type":"post","link":"https:\/\/www.europesays.com\/lv\/94268\/","title":{"rendered":"Amatpersona atkl\u0101j boj\u0101g\u0101ju\u0161o skaitu ASV milit\u0101raj\u0101 oper\u0101cij\u0101 Venecu\u0113l\u0101 &#8211; Jauns.lv"},"content":{"rendered":"<ol>\n<li><a href=\"https:\/\/news.google.com\/rss\/articles\/CBMirwFBVV95cUxObGx1cXEzaXUwanc4YnRzaTdrN2x3UGd4MzY5ODh0TndyZ0lWVmlLQXZXN2dwOVJLYTluRlJfSW9lc3FXa2R1U1lRazNDeDg5bnFGZXF0NEhnUFgzVHFxWG82SDZKN1VTQWdZOXBIM09KbEhQdF9oaHNOZGc3ZFA5NjB5WE5pM0g0dVBKZ2UxZmF2d0VfeS00VGIxOHZhbFZZVjFWVDBLbGpTUnFWUUNN?oc=5\" target=\"_blank\" rel=\"nofollow noopener\">Amatpersona atkl\u0101j boj\u0101g\u0101ju\u0161o skaitu ASV milit\u0101raj\u0101 oper\u0101cij\u0101 Venecu\u0113l\u0101<\/a>&nbsp;&nbsp;Jauns.lv<\/li>\n<li><a href=\"https:\/\/news.google.com\/rss\/articles\/CBMirgFBVV95cUxObUhqcDVORlZ0Vmt5cUlBcDR3dC14N3pXR0ozMHIwS2ZvZjdVV2s4TUk4MHV0d09RbkxNUFpjOU1aMFJ3TmdCQ29wMlVpTUJMZHpOY2dqdnl3YmpoaXdtczBPT1VaY1ozN0l2TFlnSUlEbHFCV3ZKT0tKcE0wTm0tM0pDajZEeS1oc2ZZN3R3U28xajZOWmFkb3ZKdFNRVXF0bmRwS01zbk9pNEx4alE?oc=5\" target=\"_blank\" rel=\"nofollow noopener\">&#8220;Vair\u0101k cietoksnis nek\u0101 m\u0101ja&#8221;: Tramps koment\u0113 Maduro aiztur\u0113\u0161anu<\/a>&nbsp;&nbsp;Delfi<\/li>\n<li><a href=\"https:\/\/news.google.com\/rss\/articles\/CBMiwgFBVV95cUxQRmUtdkdLdUYxX3ozZElSZE5manozaTRNMWo3bWsyaHFEQURQbUtJOVNvTDR6UlBzUWVSajFHNktpamxSRUpENEJpZHU4dHVoS25tcHhJOS03eWMyWHhrVmZsODR0VUNGeFcxT25DcVlXT21wTkR1c082aWFtRHdGSzJYajBWZ2pYWFdnX2NNUE0tQ0N3NHp6WWlma203VmVuT0d4SUU3ZTRmMmt5RmdjMlNFOWxmZ0JDUnZKeXl2UnFKUQ?oc=5\" target=\"_blank\" rel=\"nofollow noopener\">Venecu\u0113las Augst\u0101k\u0101 tiesa iece\u013c Rodrigesu par pagaidu prezidenti \/ Raksts<\/a>&nbsp;&nbsp;LSM<\/li>\n<li><a href=\"https:\/\/news.google.com\/rss\/articles\/CBMiugFBVV95cUxPRFlZT0lSMWN4dkFjYmhIUnI1Ym53cUdlY29OMVhKcC1vRS1EOXU5NU0yelRmNGJkRGNaRjVqTDlUU0s2cVN2aUhyU280Y05vdkRWdm53akdxZkRzaWtNREZFNmZieEt0N3lRQ3RUT0tfazgzSFFIVTRQUlZpTHJVVTlXVHd2a284b1Itb2ZJNTI5ZWc4RGl6RVhaQUxaUVFVM0pUNTMzeDE4TTVnM2NIMDVOaXh4bnBmNnc?oc=5\" target=\"_blank\" rel=\"nofollow noopener\">Nu ko \u2013 Putina \u013caunais murgs piepild\u0101s! Tramps pazi\u0146o, ka ASV p\u0101rvald\u012bs Venecu\u0113lu un t\u0101s naftas kr\u0101jumus<\/a>&nbsp;&nbsp;LA.LV<\/li>\n<li><a href=\"https:\/\/news.google.com\/rss\/articles\/CBMihAFBVV95cUxPZjN4RXJTRVJRVW9sTkxHRTJWQ2Q2MDlNM1RhRi0tX0tfMGt4dkJFdkdPckg3WlBIS09wby03cEZZcG5BVGROWHJrdnVrTHNVbWxFLXB1WUVVUWlZdnZKT3BzU2NKOE5sY3VmbDlEbENtYnljVDZwczRMN1luMFc0SGMyc1E?oc=5\" target=\"_blank\" rel=\"nofollow noopener\">Bra\u017ee pau\u017e, ka Venecu\u0113lai bez Maduro kl\u0101jas lab\u0101k<\/a>&nbsp;&nbsp;Apollo.lv<\/li>\n<\/ol>\n","protected":false},"excerpt":{"rendered":"Amatpersona atkl\u0101j boj\u0101g\u0101ju\u0161o skaitu ASV milit\u0101raj\u0101 oper\u0101cij\u0101 Venecu\u0113l\u0101&nbsp;&nbsp;Jauns.lv &#8220;Vair\u0101k cietoksnis nek\u0101 m\u0101ja&#8221;: Tramps koment\u0113 Maduro aiztur\u0113\u0161anu&nbsp;&nbsp;Delfi Venecu\u0113las Augst\u0101k\u0101&hellip;\n","protected":false},"author":2,"featured_media":94269,"comment_status":"","ping_status":"","sticky":false,"template":"","format":"standard","meta":{"footnotes":""},"categories":[5],"tags":[23,28,29,32,33,22,30,31,35,39,38,36,37,34,40,20,26,27,24,25,21],"class_list":{"0":"post-94268","1":"post","2":"type-post","3":"status-publish","4":"format-standard","5":"has-post-thumbnail","7":"category-aktualitates","8":"tag-aktualitates","9":"tag-breaking-news","10":"tag-breakingnews","11":"tag-featured-news","12":"tag-featurednews","13":"tag-headlines","14":"tag-latest-news","15":"tag-latestnews","16":"tag-latvia","17":"tag-latvian","18":"tag-latviesu","19":"tag-latviesu-valoda","20":"tag-latviesuvaloda","21":"tag-latvija","22":"tag-lv","23":"tag-news","24":"tag-popularakas-zinas","25":"tag-popularakaszinas","26":"tag-top-stories","27":"tag-topstories","28":"tag-zinas"},"share_on_mastodon":{"url":"https:\/\/pubeurope.com\/@lv\/115837352230558523","error":""},"_links":{"self":[{"href":"https:\/\/www.europesays.com\/lv\/wp-json\/wp\/v2\/posts\/94268","targetHints":{"allow":["GET"]}}],"collection":[{"href":"https:\/\/www.europesays.com\/lv\/wp-json\/wp\/v2\/posts"}],"about":[{"href":"https:\/\/www.europesays.com\/lv\/wp-json\/wp\/v2\/types\/post"}],"author":[{"embeddable":true,"href":"https:\/\/www.europesays.com\/lv\/wp-json\/wp\/v2\/users\/2"}],"replies":[{"embeddable":true,"href":"https:\/\/www.europesays.com\/lv\/wp-json\/wp\/v2\/comments?post=94268"}],"version-history":[{"count":0,"href":"https:\/\/www.europesays.com\/lv\/wp-json\/wp\/v2\/posts\/94268\/revisions"}],"wp:featuredmedia":[{"embeddable":true,"href":"https:\/\/www.europesays.com\/lv\/wp-json\/wp\/v2\/media\/94269"}],"wp:attachment":[{"href":"https:\/\/www.europesays.com\/lv\/wp-json\/wp\/v2\/media?parent=94268"}],"wp:term":[{"taxonomy":"category","embeddable":true,"href":"https:\/\/www.europesays.com\/lv\/wp-json\/wp\/v2\/categories?post=94268"},{"taxonomy":"post_tag","embeddable":true,"href":"https:\/\/www.europesays.com\/lv\/wp-json\/wp\/v2\/tags?post=94268"}],"curies":[{"name":"wp","href":"https:\/\/api.w.org\/{rel}","templated":true}]}}