{"id":94274,"date":"2026-01-04T14:52:08","date_gmt":"2026-01-04T14:52:08","guid":{"rendered":"https:\/\/www.europesays.com\/lv\/94274\/"},"modified":"2026-01-04T14:52:08","modified_gmt":"2026-01-04T14:52:08","slug":"kara-iznakums-netiks-izlemts-frontes-linijas-un-visticamak-ari-ne-ukraina","status":"publish","type":"post","link":"https:\/\/www.europesays.com\/lv\/94274\/","title":{"rendered":"Kara izn\u0101kums netiks izlemts frontes l\u012bnij\u0101s un, visticam\u0101k, ar\u012b ne Ukrain\u0101"},"content":{"rendered":"<p>Pamiers Ukrain\u0101 pa\u0161reiz\u0113jos apst\u0101k\u013cos rad\u012btu nopietnus draudus ne tikai Kijivai, bet visai Eiropai. Kar\u0161 turpin\u0101sies, jo atk\u0101rtotie sol\u012bjumi, ka miers ir tuvu, balst\u0101s tikai un vien\u012bgi uz aklu optimismu un izmis\u012bgu nepiecie\u0161am\u012bbu izdab\u0101t Donalda Trampa fant\u0101zij\u0101m. L\u012bdz ar to nav pamata uzskat\u012bt, ka 2026. gads main\u012bs 2025. gada scen\u0101riju, raksta The Independent.<\/p>\n<p>Tikm\u0113r ASV b\u0101z\u0113tais Kara p\u0113t\u012bjumu instit\u016bts (ISW) nor\u0101da, ka Krievija 2025. gad\u0101 Ukrain\u0101 iekaroja vair\u0101k teritorijas nek\u0101 iepriek\u0161\u0113j\u0101 gad\u0101, g\u016bstot liel\u0101kos teritori\u0101los ieguvumus kop\u0161 2022. gada. Tas var\u0113tu b\u016bt saist\u012bts ar\u012b ar jaunu taktiku.<\/p>\n","protected":false},"excerpt":{"rendered":"Pamiers Ukrain\u0101 pa\u0161reiz\u0113jos apst\u0101k\u013cos rad\u012btu nopietnus draudus ne tikai Kijivai, bet visai Eiropai. Kar\u0161 turpin\u0101sies, jo atk\u0101rtotie sol\u012bjumi,&hellip;\n","protected":false},"author":2,"featured_media":94275,"comment_status":"","ping_status":"","sticky":false,"template":"","format":"standard","meta":{"footnotes":""},"categories":[5],"tags":[23,292,3700,28,29,542,32,33,22,7359,234,74,30,31,35,39,38,36,37,34,40,10770,71,20,26,27,24,25,2238,276,235,21],"class_list":{"0":"post-94274","1":"post","2":"type-post","3":"status-publish","4":"format-standard","5":"has-post-thumbnail","7":"category-aktualitates","8":"tag-aktualitates","9":"tag-asv","10":"tag-autoritarisma-ena-par-eiropu","11":"tag-breaking-news","12":"tag-breakingnews","13":"tag-donalds-tramps","14":"tag-featured-news","15":"tag-featurednews","16":"tag-headlines","17":"tag-isw","18":"tag-krievija","19":"tag-krievijas-iebrukums-ukraina","20":"tag-latest-news","21":"tag-latestnews","22":"tag-latvia","23":"tag-latvian","24":"tag-latviesu","25":"tag-latviesu-valoda","26":"tag-latviesuvaloda","27":"tag-latvija","28":"tag-lv","29":"tag-miera-sarunas","30":"tag-nato","31":"tag-news","32":"tag-popularakas-zinas","33":"tag-popularakaszinas","34":"tag-top-stories","35":"tag-topstories","36":"tag-tvnet-arvalstis","37":"tag-ukraina","38":"tag-vladimirs-putins","39":"tag-zinas"},"share_on_mastodon":{"url":"","error":"Validation failed: Text character limit of 500 exceeded"},"_links":{"self":[{"href":"https:\/\/www.europesays.com\/lv\/wp-json\/wp\/v2\/posts\/94274","targetHints":{"allow":["GET"]}}],"collection":[{"href":"https:\/\/www.europesays.com\/lv\/wp-json\/wp\/v2\/posts"}],"about":[{"href":"https:\/\/www.europesays.com\/lv\/wp-json\/wp\/v2\/types\/post"}],"author":[{"embeddable":true,"href":"https:\/\/www.europesays.com\/lv\/wp-json\/wp\/v2\/users\/2"}],"replies":[{"embeddable":true,"href":"https:\/\/www.europesays.com\/lv\/wp-json\/wp\/v2\/comments?post=94274"}],"version-history":[{"count":0,"href":"https:\/\/www.europesays.com\/lv\/wp-json\/wp\/v2\/posts\/94274\/revisions"}],"wp:featuredmedia":[{"embeddable":true,"href":"https:\/\/www.europesays.com\/lv\/wp-json\/wp\/v2\/media\/94275"}],"wp:attachment":[{"href":"https:\/\/www.europesays.com\/lv\/wp-json\/wp\/v2\/media?parent=94274"}],"wp:term":[{"taxonomy":"category","embeddable":true,"href":"https:\/\/www.europesays.com\/lv\/wp-json\/wp\/v2\/categories?post=94274"},{"taxonomy":"post_tag","embeddable":true,"href":"https:\/\/www.europesays.com\/lv\/wp-json\/wp\/v2\/tags?post=94274"}],"curies":[{"name":"wp","href":"https:\/\/api.w.org\/{rel}","templated":true}]}}