{"id":94304,"date":"2026-01-04T15:16:16","date_gmt":"2026-01-04T15:16:16","guid":{"rendered":"https:\/\/www.europesays.com\/lv\/94304\/"},"modified":"2026-01-04T15:16:16","modified_gmt":"2026-01-04T15:16:16","slug":"launpratigu-dedzinataju-del-tukstosiem-berliniesu-palikusi-bez-elektribas","status":"publish","type":"post","link":"https:\/\/www.europesays.com\/lv\/94304\/","title":{"rendered":"\u013baunpr\u0101t\u012bgu dedzin\u0101t\u0101ju d\u0113\u013c t\u016bksto\u0161iem berl\u012bnie\u0161u paliku\u0161i bez elektr\u012bbas"},"content":{"rendered":"<p>T\u016bksto\u0161iem m\u0101jsaimniec\u012bbu <a rel=\"noopener nofollow\" target=\"_blank\" href=\"https:\/\/www.delfi.lv\/temas\/43265397\/berline\" tag-id=\"43265397\">Berl\u012bnes<\/a> dienvidrietumu da\u013c\u0101 \u013caunpr\u0101t\u012bgas dedzin\u0101\u0161anas d\u0113\u013c sestdien p\u0101rtraukta elektr\u012bbas padeve. Sv\u0113tdien pievakar\u0113 t\u016bksto\u0161iem m\u0101jsaimniec\u012bbu elektroapg\u0101de atjaunota. <\/p>\n<p>&#8220;Ir nepie\u0146emami, ka kreisie ekstr\u0113misti atkal uzbr\u016bk m\u016bsu elektrot\u012bklam un apdraud cilv\u0113ku dz\u012bv\u012bbas,&#8221; pazi\u0146oja Vegners, atsaucoties uz l\u012bdz\u012bgu incidentu, kas Berl\u012bn\u0113 notika septembr\u012b. Toreiz Berl\u012bn\u0113 desmitiem t\u016bksto\u0161u cilv\u0113ku palika bez elektr\u012bbas p\u0113c tam, kad ugunsgr\u0113ks bija sk\u0101ris elektr\u012bbas balstus. Ar\u012b \u0161aj\u0101 gad\u012bjum\u0101 policijai bija aizdomas par \u013caunpr\u0101t\u012bgu dedzin\u0101\u0161anu, un internet\u0101 atbild\u012bbu par ugunsgr\u0113ka izrais\u012b\u0161anu uz\u0146\u0113m\u0101s k\u0101ds v\u0101rd\u0101 nenosaukts anarhistu grup\u0113jums.<\/p>\n<p class=\"m-0\">Seko &#8220;Delfi&#8221; ar\u012b  <a target=\"_blank\" href=\"https:\/\/www.instagram.com\/delfi.lv\/\" rel=\"nofollow noopener\">Instagram<\/a>  un <a target=\"_blank\" href=\"https:\/\/www.youtube.com\/channel\/UCw5foWtcJvAbUm64rv7jwUQ\" rel=\"nofollow noopener\">YouTube<\/a>  profil\u0101 \u2013 pievienojies, lai uzzin\u0101tu svar\u012bg\u0101ko un interesant\u0101ko pirmais!<\/p>\n<p>Publik\u0101cijas saturs vai t\u0101s jebk\u0101da apjoma da\u013ca ir aizsarg\u0101ts autorties\u012bbu objekts Autorties\u012bbu likuma izpratn\u0113, un t\u0101 izmanto\u0161ana bez izdev\u0113ja at\u013caujas ir aizliegta. Vair\u0101k lasi  <a target=\"_blank\" href=\"https:\/\/www.delfi.lv\/noteikumi#autortiesibas\" rel=\"nofollow noopener\">\u0161eit<\/a><script async src=\"\/\/www.instagram.com\/embed.js\"><\/script><\/p>\n","protected":false},"excerpt":{"rendered":"T\u016bksto\u0161iem m\u0101jsaimniec\u012bbu Berl\u012bnes dienvidrietumu da\u013c\u0101 \u013caunpr\u0101t\u012bgas dedzin\u0101\u0161anas d\u0113\u013c sestdien p\u0101rtraukta elektr\u012bbas padeve. Sv\u0113tdien pievakar\u0113 t\u016bksto\u0161iem m\u0101jsaimniec\u012bbu elektroapg\u0101de atjaunota.&hellip;\n","protected":false},"author":2,"featured_media":94305,"comment_status":"","ping_status":"","sticky":false,"template":"","format":"standard","meta":{"footnotes":""},"categories":[5],"tags":[23,1804,28,29,32,33,22,30,31,35,39,38,36,37,34,40,20,26,27,24,25,299,21],"class_list":{"0":"post-94304","1":"post","2":"type-post","3":"status-publish","4":"format-standard","5":"has-post-thumbnail","7":"category-aktualitates","8":"tag-aktualitates","9":"tag-berline","10":"tag-breaking-news","11":"tag-breakingnews","12":"tag-featured-news","13":"tag-featurednews","14":"tag-headlines","15":"tag-latest-news","16":"tag-latestnews","17":"tag-latvia","18":"tag-latvian","19":"tag-latviesu","20":"tag-latviesu-valoda","21":"tag-latviesuvaloda","22":"tag-latvija","23":"tag-lv","24":"tag-news","25":"tag-popularakas-zinas","26":"tag-popularakaszinas","27":"tag-top-stories","28":"tag-topstories","29":"tag-vacija","30":"tag-zinas"},"share_on_mastodon":{"url":"https:\/\/pubeurope.com\/@lv\/115837493914468296","error":""},"_links":{"self":[{"href":"https:\/\/www.europesays.com\/lv\/wp-json\/wp\/v2\/posts\/94304","targetHints":{"allow":["GET"]}}],"collection":[{"href":"https:\/\/www.europesays.com\/lv\/wp-json\/wp\/v2\/posts"}],"about":[{"href":"https:\/\/www.europesays.com\/lv\/wp-json\/wp\/v2\/types\/post"}],"author":[{"embeddable":true,"href":"https:\/\/www.europesays.com\/lv\/wp-json\/wp\/v2\/users\/2"}],"replies":[{"embeddable":true,"href":"https:\/\/www.europesays.com\/lv\/wp-json\/wp\/v2\/comments?post=94304"}],"version-history":[{"count":0,"href":"https:\/\/www.europesays.com\/lv\/wp-json\/wp\/v2\/posts\/94304\/revisions"}],"wp:featuredmedia":[{"embeddable":true,"href":"https:\/\/www.europesays.com\/lv\/wp-json\/wp\/v2\/media\/94305"}],"wp:attachment":[{"href":"https:\/\/www.europesays.com\/lv\/wp-json\/wp\/v2\/media?parent=94304"}],"wp:term":[{"taxonomy":"category","embeddable":true,"href":"https:\/\/www.europesays.com\/lv\/wp-json\/wp\/v2\/categories?post=94304"},{"taxonomy":"post_tag","embeddable":true,"href":"https:\/\/www.europesays.com\/lv\/wp-json\/wp\/v2\/tags?post=94304"}],"curies":[{"name":"wp","href":"https:\/\/api.w.org\/{rel}","templated":true}]}}