{"id":94315,"date":"2026-01-04T15:27:08","date_gmt":"2026-01-04T15:27:08","guid":{"rendered":"https:\/\/www.europesays.com\/lv\/94315\/"},"modified":"2026-01-04T15:27:08","modified_gmt":"2026-01-04T15:27:08","slug":"nakamnedel-atgriezisies-sals-un-turpinas-palielinaties-sniega-segas-biezums","status":"publish","type":"post","link":"https:\/\/www.europesays.com\/lv\/94315\/","title":{"rendered":"N\u0101kamned\u0113\u013c atgriez\u012bsies sals un turpin\u0101s palielin\u0101ties sniega segas biezums"},"content":{"rendered":"<p>N\u0101kamned\u0113\u013c vis\u0101 Latvij\u0101 atgriez\u012bsies sals un turpin\u0101s palielin\u0101ties sniega segas biezums, liecina sinopti\u0137u prognozes.<\/p>\n<p>Pirmdien un otrdien laiks b\u016bs diezgan m\u0101ko\u0146ains, tikai viet\u0101m starp tiem izsprauksies k\u0101ds saules stars. M\u0101ko\u0146i aizvien daudzviet palaikam atnes\u012bs snig\u0161anu. \u0160aj\u0101s dien\u0101s gaiss pak\u0101peniski k\u013c\u016bs arvien aukst\u0101ks, gaisa temperat\u016brai p\u0101rsvar\u0101 pieturoties no -3 l\u012bdz -8 gr\u0101diem.<\/p>\n<p>No ned\u0113\u013cas vidus domin\u0113s anticiklona darb\u012bba, kas nes\u012bs saus\u0101ku laiku, k\u0101 ar\u012b bie\u017e\u0101k starp m\u0101ko\u0146iem uzsp\u012bd\u0113s saule.<\/p>\n<p>Sals pastiprin\u0101sies un pietur\u0113sies gan diennakts gai\u0161aj\u0101, gan tum\u0161aj\u0101 laik\u0101. Termometra stabi\u0146\u0161 atsevi\u0161\u0137os rajonos pietuvosies -15 gr\u0101du atz\u012bmei.<\/p>\n","protected":false},"excerpt":{"rendered":"N\u0101kamned\u0113\u013c vis\u0101 Latvij\u0101 atgriez\u012bsies sals un turpin\u0101s palielin\u0101ties sniega segas biezums, liecina sinopti\u0137u prognozes. Pirmdien un otrdien laiks&hellip;\n","protected":false},"author":2,"featured_media":94316,"comment_status":"","ping_status":"","sticky":false,"template":"","format":"standard","meta":{"footnotes":""},"categories":[12],"tags":[23,28,29,47,32,33,22,381,64,30,31,35,39,38,36,37,34,40,20,385,26,27,172,382,384,383,24,25,21],"class_list":{"0":"post-94315","1":"post","2":"type-post","3":"status-publish","4":"format-standard","5":"has-post-thumbnail","7":"category-latvija","8":"tag-aktualitates","9":"tag-breaking-news","10":"tag-breakingnews","11":"tag-ekonomika","12":"tag-featured-news","13":"tag-featurednews","14":"tag-headlines","15":"tag-jaunumi","16":"tag-kultura","17":"tag-latest-news","18":"tag-latestnews","19":"tag-latvia","20":"tag-latvian","21":"tag-latviesu","22":"tag-latviesu-valoda","23":"tag-latviesuvaloda","24":"tag-latvija","25":"tag-lv","26":"tag-news","27":"tag-pieriga","28":"tag-popularakas-zinas","29":"tag-popularakaszinas","30":"tag-riga","31":"tag-sabiedriba","32":"tag-sludinajumi","33":"tag-sports-afisa","34":"tag-top-stories","35":"tag-topstories","36":"tag-zinas"},"share_on_mastodon":{"url":"https:\/\/pubeurope.com\/@lv\/115837537078941538","error":""},"_links":{"self":[{"href":"https:\/\/www.europesays.com\/lv\/wp-json\/wp\/v2\/posts\/94315","targetHints":{"allow":["GET"]}}],"collection":[{"href":"https:\/\/www.europesays.com\/lv\/wp-json\/wp\/v2\/posts"}],"about":[{"href":"https:\/\/www.europesays.com\/lv\/wp-json\/wp\/v2\/types\/post"}],"author":[{"embeddable":true,"href":"https:\/\/www.europesays.com\/lv\/wp-json\/wp\/v2\/users\/2"}],"replies":[{"embeddable":true,"href":"https:\/\/www.europesays.com\/lv\/wp-json\/wp\/v2\/comments?post=94315"}],"version-history":[{"count":0,"href":"https:\/\/www.europesays.com\/lv\/wp-json\/wp\/v2\/posts\/94315\/revisions"}],"wp:featuredmedia":[{"embeddable":true,"href":"https:\/\/www.europesays.com\/lv\/wp-json\/wp\/v2\/media\/94316"}],"wp:attachment":[{"href":"https:\/\/www.europesays.com\/lv\/wp-json\/wp\/v2\/media?parent=94315"}],"wp:term":[{"taxonomy":"category","embeddable":true,"href":"https:\/\/www.europesays.com\/lv\/wp-json\/wp\/v2\/categories?post=94315"},{"taxonomy":"post_tag","embeddable":true,"href":"https:\/\/www.europesays.com\/lv\/wp-json\/wp\/v2\/tags?post=94315"}],"curies":[{"name":"wp","href":"https:\/\/api.w.org\/{rel}","templated":true}]}}