{"id":94324,"date":"2026-01-04T15:34:09","date_gmt":"2026-01-04T15:34:09","guid":{"rendered":"https:\/\/www.europesays.com\/lv\/94324\/"},"modified":"2026-01-04T15:34:09","modified_gmt":"2026-01-04T15:34:09","slug":"medvedevs-aicina-rikot-slaktinus-ari-eiropa-jauns-lv","status":"publish","type":"post","link":"https:\/\/www.europesays.com\/lv\/94324\/","title":{"rendered":"Medvedevs aicina r\u012bkot slakti\u0146us ar\u012b Eirop\u0101 &#8211; Jauns.lv"},"content":{"rendered":"<ol>\n<li><a href=\"https:\/\/news.google.com\/rss\/articles\/CBMiigFBVV95cUxQTG1lUUk1NDRzSHhIQ0wyQzNvUDIyb3B2NFU2c3dfYjVUNGdFb1luRmFKaHF6TUhEOFF6SzJXVS1xWmh5dmpKUVlKeFJyZUtGRTFDeXl5bEM2c08tMVBvYUpaSkRUR0phblVTVkl0Qk9VVHFjRm11ZDcyYU16RjZfWkJ0cnZxUEhnMEE?oc=5\" target=\"_blank\" rel=\"nofollow noopener\">Medvedevs aicina r\u012bkot slakti\u0146us ar\u012b Eirop\u0101<\/a>&nbsp;&nbsp;Jauns.lv<\/li>\n<li><a href=\"https:\/\/news.google.com\/rss\/articles\/CBMirwFBVV95cUxOZkFRaWFFUEFISWlNX2ZWbHpoMDg5NFREaUtJczNGcFFjd3dPNWZ6RS1WRkFmSl9jUjU1dVB4aHVZMDROcHdVUzhmY3JmS3N2bEl0eVhSSUhGbTI0b1RYU1o2NWs2VDFpUEFWXzY5c1dadFc0WUxzRUNVMUZBM0Z5QXVVVm5OeE5ESVlVdXBHNWZaVEtGWjR6SzNuUlRfQUJlUko0RXNfaDJiMXU3ZUFj?oc=5\" target=\"_blank\" rel=\"nofollow noopener\">Medvedevs pau\u017e necilv\u0113c\u012bgus izteikumus par Ukrainas prezidenta l\u012b\u0137i<\/a>&nbsp;&nbsp;Lente.lv<\/li>\n<li><a href=\"https:\/\/news.google.com\/rss\/articles\/CBMihgFBVV95cUxNZXkzX09kZWp1bFQ0VUZTcVo5RjJ5RUF3UXBXSGE2VzZtdXVGRnJ6WEF4eGdXMTZ6OFMydEdYMzNET0RPclhTRnBMb2xYZTE4SmNzZmxqZjBGTUMtbjdKUVQ4ZVExc3pCM3JOZzFLZVI1aGZ5QVVHQkJVWWRpaHBZSGpMTVBjUQ?oc=5\" target=\"_blank\" rel=\"nofollow noopener\">Medvedevs aicina uz vardarb\u012bbu Eirop\u0101<\/a>&nbsp;&nbsp;Inbox.lv<\/li>\n<li><a href=\"https:\/\/news.google.com\/rss\/articles\/CBMilAFBVV95cUxNTTlzeEdiQ0pmWXdDVnd6WWJLMkJQbFd0YVJNMHpwT2xrTEZpR1I5dGY4bU9VcU8zOVpZN2FEanZmdHF3NTVLaDZrUUJuZEtjNTBZYVdaMkhid1lWZHp0dmtuTmhEMVYzNk9Xa3VQYU5uUi1TZW14WjNKaTBzTGl3azUwWXBycC1ZSFBaMkNwaHZNQ00w?oc=5\" target=\"_blank\" rel=\"nofollow noopener\">Medvedevs past\u0101sta, ko grib izdar\u012bt ar Zelenska l\u012b\u0137i<\/a>&nbsp;&nbsp;Jauns.lv<\/li>\n<li><a href=\"https:\/\/news.google.com\/rss\/articles\/CBMivAFBVV95cUxPMkRwMXdwQnhVTTdibWlmYVhBS0VzOUlndVpUMXVvWXFZd3JudmlDNzN0dTBzeFBvZnVWc0t5N1ZHWmxRejJvOWRRWHBRRXpQR21fRE5IR09lb2d6YTBpd1phWm5LaHpkbGlOMVFHTFVqUzJ6M21IWW1tTV9lVEgzUG1SNmNHN1o3eVlUMjhaMU9WV0J1SmxxNEVvZFhsSDR4MVlMRUZmckR6Y1JxRkxMTkNPZkNFVG1ubTEtQg?oc=5\" target=\"_blank\" rel=\"nofollow noopener\">Medvedevs v\u0113r\u0161as pret Somiju ar kodoliero\u010du draudiem un aps\u016bdz\u012bb\u0101m &#8220;rusofobij\u0101&#8221;<\/a>&nbsp;&nbsp;Lente.lv<\/li>\n<\/ol>\n","protected":false},"excerpt":{"rendered":"Medvedevs aicina r\u012bkot slakti\u0146us ar\u012b Eirop\u0101&nbsp;&nbsp;Jauns.lv Medvedevs pau\u017e necilv\u0113c\u012bgus izteikumus par Ukrainas prezidenta l\u012b\u0137i&nbsp;&nbsp;Lente.lv Medvedevs aicina uz vardarb\u012bbu&hellip;\n","protected":false},"author":2,"featured_media":94325,"comment_status":"","ping_status":"","sticky":false,"template":"","format":"standard","meta":{"footnotes":""},"categories":[5],"tags":[23,28,29,32,33,22,30,31,35,39,38,36,37,34,40,20,26,27,24,25,21],"class_list":{"0":"post-94324","1":"post","2":"type-post","3":"status-publish","4":"format-standard","5":"has-post-thumbnail","7":"category-aktualitates","8":"tag-aktualitates","9":"tag-breaking-news","10":"tag-breakingnews","11":"tag-featured-news","12":"tag-featurednews","13":"tag-headlines","14":"tag-latest-news","15":"tag-latestnews","16":"tag-latvia","17":"tag-latvian","18":"tag-latviesu","19":"tag-latviesu-valoda","20":"tag-latviesuvaloda","21":"tag-latvija","22":"tag-lv","23":"tag-news","24":"tag-popularakas-zinas","25":"tag-popularakaszinas","26":"tag-top-stories","27":"tag-topstories","28":"tag-zinas"},"share_on_mastodon":{"url":"https:\/\/pubeurope.com\/@lv\/115837564519988211","error":""},"_links":{"self":[{"href":"https:\/\/www.europesays.com\/lv\/wp-json\/wp\/v2\/posts\/94324","targetHints":{"allow":["GET"]}}],"collection":[{"href":"https:\/\/www.europesays.com\/lv\/wp-json\/wp\/v2\/posts"}],"about":[{"href":"https:\/\/www.europesays.com\/lv\/wp-json\/wp\/v2\/types\/post"}],"author":[{"embeddable":true,"href":"https:\/\/www.europesays.com\/lv\/wp-json\/wp\/v2\/users\/2"}],"replies":[{"embeddable":true,"href":"https:\/\/www.europesays.com\/lv\/wp-json\/wp\/v2\/comments?post=94324"}],"version-history":[{"count":0,"href":"https:\/\/www.europesays.com\/lv\/wp-json\/wp\/v2\/posts\/94324\/revisions"}],"wp:featuredmedia":[{"embeddable":true,"href":"https:\/\/www.europesays.com\/lv\/wp-json\/wp\/v2\/media\/94325"}],"wp:attachment":[{"href":"https:\/\/www.europesays.com\/lv\/wp-json\/wp\/v2\/media?parent=94324"}],"wp:term":[{"taxonomy":"category","embeddable":true,"href":"https:\/\/www.europesays.com\/lv\/wp-json\/wp\/v2\/categories?post=94324"},{"taxonomy":"post_tag","embeddable":true,"href":"https:\/\/www.europesays.com\/lv\/wp-json\/wp\/v2\/tags?post=94324"}],"curies":[{"name":"wp","href":"https:\/\/api.w.org\/{rel}","templated":true}]}}