{"id":94340,"date":"2026-01-04T15:56:07","date_gmt":"2026-01-04T15:56:07","guid":{"rendered":"https:\/\/www.europesays.com\/lv\/94340\/"},"modified":"2026-01-04T15:56:07","modified_gmt":"2026-01-04T15:56:07","slug":"policija-identifice-vel-16-upuru-mirstigas-atliekas","status":"publish","type":"post","link":"https:\/\/www.europesays.com\/lv\/94340\/","title":{"rendered":"policija identific\u0113 v\u0113l 16 upuru mirst\u012bg\u0101s atliekas"},"content":{"rendered":"<p>Jaun\u0101k\u0101 persona bija 14 gadus veca \u0160veices meitene, bet devi\u0146i b\u0113rni bija jaun\u0101ki par 18 gadiem. Grup\u0101 ir cilv\u0113ki ar \u0160veices, It\u0101lijas, Rum\u0101nijas, Turcijas un Francijas pilso\u0146iem, pazi\u0146oja policija.<\/p>\n<p>Starp vi\u0146iem ir 16 gadus vecais \u0160veices pilsonis Arturs Brodards, pazi\u0146oja vi\u0146a m\u0101te.<\/p>\n<p>Ir uzs\u0101kta krimin\u0101lizmekl\u0113\u0161ana pret b\u0101ra &#8220;Le Constellation&#8221; vad\u012bt\u0101jiem, savuk\u0101rt upuru \u0123imenes moko\u0161i gaida inform\u0101ciju par tuviniekiem, kuri joproj\u0101m tiek uzskat\u012bti par pazudu\u0161iem.<\/p>\n<p>Policija pazi\u0146oja, ka netiks izpausta s\u012bk\u0101ka inform\u0101cija par upuriem, kurus t\u0101 identific\u0113jusi, cienot vi\u0146u radiniekus.<\/p>\n<p>Tom\u0113r Artura Brodarda m\u0101te sestdienas vakar\u0101 &#8220;Facebook&#8221; pazi\u0146oja, ka vi\u0146\u0161 &#8220;ir devies ball\u0113ties parad\u012bz\u0113&#8221;.<\/p>\n<p>&#8220;M\u0113s varam s\u0101kt s\u0113rot, zinot, ka vi\u0146\u0161 ir mier\u0101 un gaism\u0101,&#8221; vi\u0146a teica, video v\u0113st\u012bjum\u0101 izskatoties redzami satraukta.<\/p>\n<p>Lai gan Arturs joproj\u0101m tika uzskat\u012bts par pazudu\u0161u un inform\u0101cija par vi\u0146a atra\u0161an\u0101s vietu bija niec\u012bga, Brodarda-Sitres kundze viet\u0113jam laikrakstam &#8220;Le Temps&#8221; past\u0101st\u012bja, ka vi\u0146a &#8220;dz\u012bvojusi murg\u0101&#8221;.<\/p>\n","protected":false},"excerpt":{"rendered":"Jaun\u0101k\u0101 persona bija 14 gadus veca \u0160veices meitene, bet devi\u0146i b\u0113rni bija jaun\u0101ki par 18 gadiem. Grup\u0101 ir&hellip;\n","protected":false},"author":2,"featured_media":91985,"comment_status":"","ping_status":"","sticky":false,"template":"","format":"standard","meta":{"footnotes":""},"categories":[14],"tags":[23,57,28,29,32,33,22,30,31,35,39,38,36,37,34,40,20,26,27,7239,24,25,377,15328,54,55,56,21,58],"class_list":{"0":"post-94340","1":"post","2":"type-post","3":"status-publish","4":"format-standard","5":"has-post-thumbnail","7":"category-zinas-no-arvalstim","8":"tag-aktualitates","9":"tag-arvalstim","10":"tag-breaking-news","11":"tag-breakingnews","12":"tag-featured-news","13":"tag-featurednews","14":"tag-headlines","15":"tag-latest-news","16":"tag-latestnews","17":"tag-latvia","18":"tag-latvian","19":"tag-latviesu","20":"tag-latviesu-valoda","21":"tag-latviesuvaloda","22":"tag-latvija","23":"tag-lv","24":"tag-news","25":"tag-popularakas-zinas","26":"tag-popularakaszinas","27":"tag-sveice","28":"tag-top-stories","29":"tag-topstories","30":"tag-ugunsgreks","31":"tag-upuri","32":"tag-world","33":"tag-world-news","34":"tag-worldnews","35":"tag-zinas","36":"tag-zinas-no-arvalstim"},"share_on_mastodon":{"url":"https:\/\/pubeurope.com\/@lv\/115837651026125630","error":""},"_links":{"self":[{"href":"https:\/\/www.europesays.com\/lv\/wp-json\/wp\/v2\/posts\/94340","targetHints":{"allow":["GET"]}}],"collection":[{"href":"https:\/\/www.europesays.com\/lv\/wp-json\/wp\/v2\/posts"}],"about":[{"href":"https:\/\/www.europesays.com\/lv\/wp-json\/wp\/v2\/types\/post"}],"author":[{"embeddable":true,"href":"https:\/\/www.europesays.com\/lv\/wp-json\/wp\/v2\/users\/2"}],"replies":[{"embeddable":true,"href":"https:\/\/www.europesays.com\/lv\/wp-json\/wp\/v2\/comments?post=94340"}],"version-history":[{"count":0,"href":"https:\/\/www.europesays.com\/lv\/wp-json\/wp\/v2\/posts\/94340\/revisions"}],"wp:featuredmedia":[{"embeddable":true,"href":"https:\/\/www.europesays.com\/lv\/wp-json\/wp\/v2\/media\/91985"}],"wp:attachment":[{"href":"https:\/\/www.europesays.com\/lv\/wp-json\/wp\/v2\/media?parent=94340"}],"wp:term":[{"taxonomy":"category","embeddable":true,"href":"https:\/\/www.europesays.com\/lv\/wp-json\/wp\/v2\/categories?post=94340"},{"taxonomy":"post_tag","embeddable":true,"href":"https:\/\/www.europesays.com\/lv\/wp-json\/wp\/v2\/tags?post=94340"}],"curies":[{"name":"wp","href":"https:\/\/api.w.org\/{rel}","templated":true}]}}