{"id":94344,"date":"2026-01-04T16:02:08","date_gmt":"2026-01-04T16:02:08","guid":{"rendered":"https:\/\/www.europesays.com\/lv\/94344\/"},"modified":"2026-01-04T16:02:08","modified_gmt":"2026-01-04T16:02:08","slug":"putins-ir-sarezgitas-izveles-prieksa-visi-turpmak-iespejamie-scenariji-vinam-ir-riskanti","status":"publish","type":"post","link":"https:\/\/www.europesays.com\/lv\/94344\/","title":{"rendered":"Putins ir sare\u017e\u0123\u012btas izv\u0113les priek\u0161\u0101: visi turpm\u0101k iesp\u0113jamie scen\u0101riji vi\u0146am ir riskanti"},"content":{"rendered":"<p>    <img decoding=\"async\" src=\"https:\/\/lastatic.ams3.cdn.digitaloceanspaces.com\/2025\/12\/12564832-1024x709.jpg\" alt=\"&#10;Vladimirs Putins&#10;\"\/><\/p>\n<p>Vladimirs Putins<\/p>\n<p>Foto. Scanpix\/LETA\/  EPA\/SERGEI ILNITSKY\n<\/p>\n<p>Krievijas diktators Vladimirs Putins saskaras ar sare\u017e\u0123\u012btu izv\u0113li: turpin\u0101t karu, risk\u0113jot ar ekonomikas izs\u012bkumu, iek\u0161\u0113ju neapmierin\u0101t\u012bbu un politisk\u0101m turbulenc\u0113m uzreiz pirms parlamenta v\u0113l\u0113\u0161an\u0101m, vai pa\u013cauties uz miera sarun\u0101m, kas atkar\u012bgas no neuzticamiem \u0101r\u0113jiem sp\u0113l\u0113t\u0101jiem un var nesniegt Kremlim v\u0113lamo rezult\u0101tu. Par to raksta viens no pasaules vado\u0161ajiem Krievijas noziedz\u012bbas un dro\u0161\u012bbas ekspertiem Marks Galeotti laikraksta \u201cThe Times\u201d slej\u0101s, par ko v\u0113sta medijs \u201cUnian\u201d.<\/p>\n<p>        Las\u012bt\u0101kie<br \/>\n        <a data-imagesrc=\"{&quot;300&quot;:&quot;https:\\\/\\\/lastatic.ams3.cdn.digitaloceanspaces.com\\\/2018\\\/08\\\/karma6-300x200.jpg&quot;,&quot;768&quot;:&quot;https:\\\/\\\/lastatic.ams3.cdn.digitaloceanspaces.com\\\/2018\\\/08\\\/karma6-768x512.jpg&quot;,&quot;80&quot;:&quot;https:\\\/\\\/lastatic.ams3.cdn.digitaloceanspaces.com\\\/2018\\\/08\\\/karma6-80x48.jpg&quot;,&quot;112&quot;:&quot;https:\\\/\\\/lastatic.ams3.cdn.digitaloceanspaces.com\\\/2018\\\/08\\\/karma6-112x64.jpg&quot;,&quot;664&quot;:&quot;https:\\\/\\\/lastatic.ams3.cdn.digitaloceanspaces.com\\\/2018\\\/08\\\/karma6-664x443.jpg&quot;,&quot;240&quot;:&quot;https:\\\/\\\/lastatic.ams3.cdn.digitaloceanspaces.com\\\/2018\\\/08\\\/karma6-240x160.jpg&quot;,&quot;263&quot;:&quot;https:\\\/\\\/lastatic.ams3.cdn.digitaloceanspaces.com\\\/2018\\\/08\\\/karma6-263x175.jpg&quot;,&quot;507&quot;:&quot;https:\\\/\\\/lastatic.ams3.cdn.digitaloceanspaces.com\\\/2018\\\/08\\\/karma6-507x338.jpg&quot;,&quot;118&quot;:&quot;https:\\\/\\\/lastatic.ams3.cdn.digitaloceanspaces.com\\\/2018\\\/08\\\/karma6-118x70.jpg&quot;,&quot;348&quot;:&quot;https:\\\/\\\/lastatic.ams3.cdn.digitaloceanspaces.com\\\/2018\\\/08\\\/karma6-348x225.jpg&quot;,&quot;640&quot;:&quot;https:\\\/\\\/lastatic.ams3.cdn.digitaloceanspaces.com\\\/2018\\\/08\\\/karma6-640x640.jpg&quot;,&quot;90&quot;:&quot;https:\\\/\\\/lastatic.ams3.cdn.digitaloceanspaces.com\\\/2018\\\/08\\\/karma6-90x58.jpg&quot;,&quot;1000&quot;:&quot;https:\\\/\\\/lastatic.ams3.cdn.digitaloceanspaces.com\\\/2018\\\/08\\\/karma6.jpg&quot;}\" data-focuspoint=\"&quot;&quot;\" data-p=\"2477626\" href=\"https:\/\/www.la.lv\/karmiskie-paradi-12-pazimes-ka-iespejams-jus-maksajat-par-savu-sencu-grekiem\" class=\"content-item lazy-load\" wp_automatic_readability=\"27.5\" rel=\"nofollow noopener\" target=\"_blank\"><\/p>\n<p>                                <img decoding=\"async\" src=\"\" alt=\"\" style=\"\" data-imageid=\"\"\/><\/p>\n<p>                                Kokteilis<\/p>\n<p>\n                                                Karmiskie par\u0101di: 12 paz\u012bmes, ka, iesp\u0113jams, j\u016bs maks\u0101jat par savu sen\u010du gr\u0113kiem<\/p>\n<p><\/a><a data-imagesrc=\"{&quot;300&quot;:&quot;https:\\\/\\\/lastatic.ams3.cdn.digitaloceanspaces.com\\\/2024\\\/01\\\/LET_24747996-1-300x195.jpg&quot;,&quot;768&quot;:&quot;https:\\\/\\\/lastatic.ams3.cdn.digitaloceanspaces.com\\\/2024\\\/01\\\/LET_24747996-1-768x500.jpg&quot;,&quot;200&quot;:&quot;https:\\\/\\\/lastatic.ams3.cdn.digitaloceanspaces.com\\\/2024\\\/01\\\/LET_24747996-1-200x130.jpg&quot;,&quot;400&quot;:&quot;https:\\\/\\\/lastatic.ams3.cdn.digitaloceanspaces.com\\\/2024\\\/01\\\/LET_24747996-1-400x260.jpg&quot;,&quot;500&quot;:&quot;https:\\\/\\\/lastatic.ams3.cdn.digitaloceanspaces.com\\\/2024\\\/01\\\/LET_24747996-1-500x326.jpg&quot;,&quot;800&quot;:&quot;https:\\\/\\\/lastatic.ams3.cdn.digitaloceanspaces.com\\\/2024\\\/01\\\/LET_24747996-1-800x521.jpg&quot;,&quot;1000&quot;:&quot;https:\\\/\\\/lastatic.ams3.cdn.digitaloceanspaces.com\\\/2024\\\/01\\\/LET_24747996-1.jpg&quot;}\" data-focuspoint=\"&quot;&quot;\" data-p=\"2487963\" href=\"https:\/\/www.la.lv\/ome-ir-ta-sazalota-ka-nesaprot-kur-atrodas-un-nespej-parunat-soctiklus-parpludina-pacientu-stasti-kas-izgaismo-sistemisku-problemu-latvijas-slimnicas\" class=\"content-item lazy-load\" wp_automatic_readability=\"28.5\" rel=\"nofollow noopener\" target=\"_blank\"><\/p>\n<p>                                <img decoding=\"async\" src=\"\" alt=\"\" style=\"\" data-imageid=\"\"\/><\/p>\n<p>\n                                                \u201cOme ir t\u0101 saz\u0101\u013cota, ka nesaprot, kur atrodas, un nesp\u0113j parun\u0101t\u201d \u2013 soct\u012bklus p\u0101rpludina pacientu st\u0101sti, kas izgaismo sist\u0113misku probl\u0113mu Latvijas slimn\u012bc\u0101s\n                            <\/p>\n<p><\/a><a data-imagesrc=\"{&quot;300&quot;:&quot;https:\\\/\\\/lastatic.ams3.cdn.digitaloceanspaces.com\\\/2019\\\/09\\\/AFP_1KO30T-1-300x200.jpg&quot;,&quot;768&quot;:&quot;https:\\\/\\\/lastatic.ams3.cdn.digitaloceanspaces.com\\\/2019\\\/09\\\/AFP_1KO30T-1-768x511.jpg&quot;,&quot;200&quot;:&quot;https:\\\/\\\/lastatic.ams3.cdn.digitaloceanspaces.com\\\/2019\\\/09\\\/AFP_1KO30T-1-200x133.jpg&quot;,&quot;400&quot;:&quot;https:\\\/\\\/lastatic.ams3.cdn.digitaloceanspaces.com\\\/2019\\\/09\\\/AFP_1KO30T-1-400x266.jpg&quot;,&quot;500&quot;:&quot;https:\\\/\\\/lastatic.ams3.cdn.digitaloceanspaces.com\\\/2019\\\/09\\\/AFP_1KO30T-1-500x333.jpg&quot;,&quot;800&quot;:&quot;https:\\\/\\\/lastatic.ams3.cdn.digitaloceanspaces.com\\\/2019\\\/09\\\/AFP_1KO30T-1-800x532.jpg&quot;,&quot;1000&quot;:&quot;https:\\\/\\\/lastatic.ams3.cdn.digitaloceanspaces.com\\\/2019\\\/09\\\/AFP_1KO30T-1.jpg&quot;}\" data-focuspoint=\"&quot;&quot;\" data-p=\"2487920\" href=\"https:\/\/www.la.lv\/putinam-pietuvinatais-miljardieris-deripaska-atklaj-ka-krievijai-bus-sapigas-sekas-ja-asv-paplasinas-ietekmi-venecuela\" class=\"content-item lazy-load\" wp_automatic_readability=\"27.5\" rel=\"nofollow noopener\" target=\"_blank\"><\/p>\n<p>                                <img decoding=\"async\" src=\"\" alt=\"\" style=\"\" data-imageid=\"\"\/><\/p>\n<p>\n                                                Putinam pietuvin\u0101tais miljardieris Deripaska atkl\u0101j, ka Krievijai b\u016bs s\u0101p\u012bgas sekas, ja ASV papla\u0161in\u0101s ietekmi Venecu\u0113l\u0101\n                            <\/p>\n<p><\/a><br \/>\n        <a class=\"read-more\" href=\"https:\/\/www.la.lv\/top\" rel=\"nofollow noopener\" target=\"_blank\">Las\u012bt citas zi\u0146as<\/a><\/p>\n<p>P\u0113c vi\u0146a teikt\u0101, Krem\u013ca vad\u012bt\u0101ja Jaungada uzruna bija \u013coti \u012bsa un nesatur\u0113ja gandr\u012bz nek\u0101das atsauksmes vai sol\u012bjumus par n\u0101kotni.<br \/>\u201cDro\u0161i vien vi\u0146\u0161 nev\u0113l\u0113j\u0101s dot sol\u012bjumus, kas var\u0113tu pret vi\u0146u v\u0113rsties. Galu gal\u0101 2026. gads vienlaikus sola iesp\u0113jamu miera l\u012bgumu par Ukrainu vi\u0146a v\u0113lm\u0113m tuvos nosac\u012bjumos un nes sev l\u012bdzi nopietnus draudus \u2014 un, k\u0101 zin\u0101ms, Putinam nepat\u012bk risk\u0113t,\u201d raksta Galeotti. Vi\u0146\u0161 atg\u0101dina, ka, lai gan Krievijas virz\u012bba Ukrain\u0101 ir bijusi l\u0113na un gr\u016bta, 2025. gad\u0101 t\u0101 tom\u0113r ieguva vair\u0101k teritorijas nek\u0101 iepriek\u0161\u0113jos gados. Ja 2023. gad\u0101 t\u0101 bija maz\u0101k nek\u0101 600 kvadr\u0101tkilometri, tad 2024. gad\u0101 \u0161is skaitlis palielin\u0101j\u0101s l\u012bdz vair\u0101k nek\u0101 3 000, bet 2025. gad\u0101 \u2014 l\u012bdz 4 500\u20135 000. Turkl\u0101t Krievijas zaud\u0113jumu attiec\u012bba pret ieg\u016bto teritoriju ir samazin\u0101jusies.<\/p>\n<p>\u201cDa\u013c\u0113ji tas ir saist\u012bts ar Krievijas armijas piel\u0101go\u0161anos: t\u0101 pan\u0101ca, ka piel\u0101goj\u0101s Ukrainas inov\u0101cij\u0101m dronu izmanto\u0161an\u0101 un s\u0101ka tos masveid\u0101 izmantot, akt\u012bvi izmanto gaisa gliderbumbas t\u0101lsitieniem, k\u0101 ar\u012b \u012bsteno infiltr\u0101cijas taktiku uz zemes, piespie\u017eot aizst\u0101vjus atk\u0101pties,\u201d raksta autors.<\/p>\n<p>    CITI \u0160OBR\u012aD LASA<\/p>\n<p>Maskava cer uz sarunu neveiksmi un n\u0101kam\u0101s k\u0101rtas s\u0101kumu<\/p>\n<p>Eksperts uzskata, ka krievi savos zi\u0146ojumos noteikti p\u0101rsp\u012bl\u0113 savus pan\u0101kumus, ta\u010du, kad Putins atsak\u0101s no miera sarun\u0101m, jo uzskata, ka var sasniegt m\u0113r\u0137us turpinot karu, vi\u0146\u0161, visticam\u0101k, ir nopietns. Maskava sagaida, ka pa\u0161reiz\u0113j\u0101s sarunas neizdosies, bet jauns sarunu cikls var\u0113tu s\u0101kties pavasara beig\u0101s.<\/p>\n<p>Starp Krievijas probl\u0113m\u0101m Galeotti nosauc armijas papildin\u0101\u0161anas sp\u0113ju ar br\u012bvpr\u0101t\u012bgajiem. K\u0101 zin\u0101ms, tas ir atkar\u012bgs no ekonomikas lejupsl\u012bdes. Savuk\u0101rt p\u0101reja uz iesauktajiem rada milz\u012bgus politiskos riskus, \u012bpa\u0161i 2026. gada parlamenta v\u0113l\u0113\u0161anu priek\u0161vakar\u0101: \u201cKremlis, protams, tos falsific\u0113, bet nacion\u0101listu un populistu kritikas pieauguma fona apst\u0101k\u013cos Putins uzman\u0101s, lai netiktu p\u0101r\u0101k spiestas noguru\u0161\u0101s tautas,\u201d raksta eksperts. T\u0101pat, p\u0113c nov\u0113rot\u0101ja dom\u0101m, diktators, visticam\u0101k, zaud\u0113 tic\u012bbu pa\u0161reiz\u0113jam miera procesam, kas ir non\u0101cis strupce\u013c\u0101 teritori\u0101lo kompromisu un dro\u0161\u012bbas garantiju d\u0113\u013c. Galu gal\u0101 krievi, lai gan nov\u0113rt\u0113 ASV prezidenta Donalda Trampa v\u0113lmi uzlabot attiec\u012bbas ar Maskavu, saprot, ka vi\u0146am ir savi m\u0113r\u0137i.<\/p>\n<p>\u201cReiz\u0113m m\u016bsu intereses sakr\u012bt, bet m\u0113s perfekti saprotam, ka laika gait\u0101 t\u0101s at\u0161\u0137irsies,\u201d autoram teicis k\u0101ds Krievijas diplom\u0101ts, kur\u0161 tagad atva\u013cin\u0101ts.<\/p>\n<p>Maz ticams, ka Ukraina atteiksies no Donbasas<\/p>\n<p>Galeotti uzskata, ka Putins tagad m\u0113\u0123in\u0101s piesaist\u012bt Trampu cer\u012bb\u0101 uz sev izdev\u012bgu dar\u012bjumu, ta\u010du izradzes, ka Ukraina piekristu atdot p\u0101r\u0113jo Donbasu, k\u0101 pieprasa Kremlis, ir nelielas. Turkl\u0101t bez skaidr\u0101m dro\u0161\u012bbas garantij\u0101m Ukraina nav izv\u0113les, k\u0101 turpin\u0101t c\u012b\u0146u.<\/p>\n<p>Tom\u0113r Krievijas aprind\u0101s uzskata, ka p\u0113c vair\u0101kiem m\u0113ne\u0161iem turpm\u0101kas virz\u012bbas Kijeva atkal aps\u0113d\u012bsies pie sarunu galda pavasar\u012b, jau ar liel\u0101ku gatav\u012bbu kompromisam. Bet tas atkal noz\u012bm\u0113 atkar\u012bbu no Trampa un risku aizkav\u0113t sarunas tie\u0161i pirms v\u0113l\u0113\u0161an\u0101m. Eksperts uzskata, ka tas stiprin\u0101s nacion\u0101listus, kuri jau aps\u016bdz Putinu par nepietiekamu ap\u0146\u0113m\u012bbu.<\/p>\n<p>\u201cAlternat\u012bva ir likt likmi uz milit\u0101ro ce\u013cu. Tas \u0161\u0137iet dro\u0161\u0101k: frontei ir impulss, nacion\u0101listi priec\u012bgi, bet nav atkar\u012bbas no \u201cvilt\u012bgajiem amerik\u0101\u0146iem\u201d. Ta\u010du ar\u012b tas ir azartsp\u0113le. Ekonomikas pasliktin\u0101\u0161an\u0101s ietekm\u0113s armijas papildin\u0101\u0161anu: ja zaud\u0113jumi paliks augsti un br\u012bvpr\u0101t\u012bgie beigsies, b\u016bs j\u0101aicina iesaukto vai rezerves karav\u012bru. Tas b\u016bs s\u0101p\u012bgi, un dz\u012bves l\u012bme\u0146a krituma fona apst\u0101k\u013cos populistiskais izaicin\u0101jums tikai pastiprin\u0101sies,\u201d raksta autors.<\/p>\n<p>Un, lai gan p\u0113c vi\u0146a teikt\u0101 v\u0113l\u0113\u0161anas tiks falsific\u0113tas ar rezult\u0101tu, k\u0101du prasa Kremlis, jo ac\u012bmredzam\u0101kas b\u016bs falsifik\u0101cijas, jo liel\u0101ks b\u016bs protestu risks. \u0160eit Galeotti atg\u0101dina 2011.\u20132013. gada m\u0101c\u012bbu, kad masu akcijas k\u013cuva par liel\u0101kaj\u0101m kop\u0161 PSRS sabrukuma. Viens no iek\u0161\u0113jiem avotiem teicis: \u201cPutins cer\u0113ja minim\u0101li izmantot \u201cadministrat\u012bvo resursu\u201d un doties uz v\u0113l\u0113\u0161an\u0101m ar saukli \u201cm\u0113s uzvar\u0113j\u0101m\u201d. Tas joproj\u0101m ir iesp\u0113jams, bet nav garant\u0113ts.\u201d<\/p>\n<p>Eksperts uzskata, ka Putina probl\u0113ma tie\u0161i ir t\u0101, ka vi\u0146am nepat\u012bk risk\u0113t; 2026. gad\u0101 viss b\u016bs atkar\u012bgs no t\u0101, kuru ce\u013cu vi\u0146\u0161 uzskata par dro\u0161\u0101ko.<\/p>\n<p>T\u0113mas<\/p>\n<p>    SAIST\u012aTIE RAKSTI<\/p>\n","protected":false},"excerpt":{"rendered":"Vladimirs Putins Foto. Scanpix\/LETA\/ EPA\/SERGEI ILNITSKY Krievijas diktators Vladimirs Putins saskaras ar sare\u017e\u0123\u012btu izv\u0113li: turpin\u0101t karu, risk\u0113jot ar&hellip;\n","protected":false},"author":2,"featured_media":74205,"comment_status":"","ping_status":"","sticky":false,"template":"","format":"standard","meta":{"footnotes":""},"categories":[14],"tags":[23,57,28,29,32,33,22,30,31,35,39,38,36,37,34,40,20,26,27,24,25,54,55,56,21,58],"class_list":{"0":"post-94344","1":"post","2":"type-post","3":"status-publish","4":"format-standard","5":"has-post-thumbnail","7":"category-zinas-no-arvalstim","8":"tag-aktualitates","9":"tag-arvalstim","10":"tag-breaking-news","11":"tag-breakingnews","12":"tag-featured-news","13":"tag-featurednews","14":"tag-headlines","15":"tag-latest-news","16":"tag-latestnews","17":"tag-latvia","18":"tag-latvian","19":"tag-latviesu","20":"tag-latviesu-valoda","21":"tag-latviesuvaloda","22":"tag-latvija","23":"tag-lv","24":"tag-news","25":"tag-popularakas-zinas","26":"tag-popularakaszinas","27":"tag-top-stories","28":"tag-topstories","29":"tag-world","30":"tag-world-news","31":"tag-worldnews","32":"tag-zinas","33":"tag-zinas-no-arvalstim"},"share_on_mastodon":{"url":"https:\/\/pubeurope.com\/@lv\/115837674631968026","error":""},"_links":{"self":[{"href":"https:\/\/www.europesays.com\/lv\/wp-json\/wp\/v2\/posts\/94344","targetHints":{"allow":["GET"]}}],"collection":[{"href":"https:\/\/www.europesays.com\/lv\/wp-json\/wp\/v2\/posts"}],"about":[{"href":"https:\/\/www.europesays.com\/lv\/wp-json\/wp\/v2\/types\/post"}],"author":[{"embeddable":true,"href":"https:\/\/www.europesays.com\/lv\/wp-json\/wp\/v2\/users\/2"}],"replies":[{"embeddable":true,"href":"https:\/\/www.europesays.com\/lv\/wp-json\/wp\/v2\/comments?post=94344"}],"version-history":[{"count":0,"href":"https:\/\/www.europesays.com\/lv\/wp-json\/wp\/v2\/posts\/94344\/revisions"}],"wp:featuredmedia":[{"embeddable":true,"href":"https:\/\/www.europesays.com\/lv\/wp-json\/wp\/v2\/media\/74205"}],"wp:attachment":[{"href":"https:\/\/www.europesays.com\/lv\/wp-json\/wp\/v2\/media?parent=94344"}],"wp:term":[{"taxonomy":"category","embeddable":true,"href":"https:\/\/www.europesays.com\/lv\/wp-json\/wp\/v2\/categories?post=94344"},{"taxonomy":"post_tag","embeddable":true,"href":"https:\/\/www.europesays.com\/lv\/wp-json\/wp\/v2\/tags?post=94344"}],"curies":[{"name":"wp","href":"https:\/\/api.w.org\/{rel}","templated":true}]}}