{"id":94351,"date":"2026-01-04T16:14:19","date_gmt":"2026-01-04T16:14:19","guid":{"rendered":"https:\/\/www.europesays.com\/lv\/94351\/"},"modified":"2026-01-04T16:14:19","modified_gmt":"2026-01-04T16:14:19","slug":"video-%e2%9f%a9-krievi-ar-raketem-iskander-uzbruk-daudzdzivoklu-namiem-harkiva","status":"publish","type":"post","link":"https:\/\/www.europesays.com\/lv\/94351\/","title":{"rendered":"VIDEO \u27e9 Krievi ar ra\u0137et\u0113m &#8220;Iskander&#8221; uzbr\u016bk daudzdz\u012bvok\u013cu namiem Harkiv\u0101"},"content":{"rendered":"<p>Triecien\u0101 nodar\u012bti smagi post\u012bjumi vair\u0101kiem daudzdz\u012bvok\u013cu namiem, da\u013ca \u0113ku p\u0101rv\u0113rsta drup\u0101s.<\/p>\n<p>Trieciens dz\u012bvojamo namu mas\u012bvam veikts ar div\u0101m ra\u0137et\u0113m &#8220;Iskander&#8221;.<\/p>\n<p>K\u0101 pav\u0113st\u012bja Harkivas apgabala administr\u0101cijas vad\u012bt\u0101js Olehs Si\u0146ehubovs, viena no hospitaliz\u0113taj\u0101m sieviet\u0113m ir smag\u0101 st\u0101vokl\u012b, bet p\u0101r\u0113jo ievainoto st\u0101voklis ir vid\u0113ji smags.<\/p>\n<p>&#8220;Diem\u017e\u0113l tie\u0161i t\u0101 krievi izturas pret dz\u012bv\u012bbu un cilv\u0113kiem &#8211; vi\u0146i turpina nogalin\u0101t, neskatoties uz pasaules un ASV centieniem diplom\u0101tiskaj\u0101 proces\u0101,&#8221; platform\u0101 &#8220;Telegram&#8221; nor\u0101d\u012bja Ukrainas prezidents Volodimirs Zelenskis.<\/p>\n<p>Krievijas karasp\u0113ka triecien\u0101 piektdien Hersonas pils\u0113t\u0101 nogalin\u0101ts 51 gadu vecs v\u012brietis, pav\u0113st\u012bja apgabala administr\u0101cijas vad\u012bt\u0101js Oleskandrs Prokudins.<\/p>\n<blockquote class=\"twitter-tweet\" data-media-max-width=\"560\">\n<p lang=\"en\" dir=\"ltr\">BREAKING:<\/p>\n<p>Harrowing moment as Russian ballistic missiles strike a residential building in Kharkiv.<\/p>\n<p>The five-story apartment block was destroyed, with nearby shopping centers and a hospital also damaged.<\/p>\n<p>At least 16 people were injured, one critically. <a href=\"https:\/\/t.co\/lW3RhNNI6L\" rel=\"nofollow\">pic.twitter.com\/lW3RhNNI6L<\/a><\/p>\n<p>\u2014 Visegr\u00e1d 24 (@visegrad24) <a href=\"https:\/\/twitter.com\/visegrad24\/status\/2007090370870726774?ref_src=twsrc%5Etfw\" rel=\"nofollow noopener\" target=\"_blank\">January 2, 2026<\/a><\/p><\/blockquote>\n<p><script async src=\"https:\/\/platform.twitter.com\/widgets.js\" charset=\"utf-8\"><\/script><\/p>\n","protected":false},"excerpt":{"rendered":"Triecien\u0101 nodar\u012bti smagi post\u012bjumi vair\u0101kiem daudzdz\u012bvok\u013cu namiem, da\u013ca \u0113ku p\u0101rv\u0113rsta drup\u0101s. Trieciens dz\u012bvojamo namu mas\u012bvam veikts ar div\u0101m&hellip;\n","protected":false},"author":2,"featured_media":94352,"comment_status":"","ping_status":"","sticky":false,"template":"","format":"standard","meta":{"footnotes":""},"categories":[14],"tags":[23,57,28,29,32,33,7533,22,234,74,30,31,35,39,38,36,37,34,40,20,26,27,24,25,276,54,55,56,21,58],"class_list":{"0":"post-94351","1":"post","2":"type-post","3":"status-publish","4":"format-standard","5":"has-post-thumbnail","7":"category-zinas-no-arvalstim","8":"tag-aktualitates","9":"tag-arvalstim","10":"tag-breaking-news","11":"tag-breakingnews","12":"tag-featured-news","13":"tag-featurednews","14":"tag-harkiva","15":"tag-headlines","16":"tag-krievija","17":"tag-krievijas-iebrukums-ukraina","18":"tag-latest-news","19":"tag-latestnews","20":"tag-latvia","21":"tag-latvian","22":"tag-latviesu","23":"tag-latviesu-valoda","24":"tag-latviesuvaloda","25":"tag-latvija","26":"tag-lv","27":"tag-news","28":"tag-popularakas-zinas","29":"tag-popularakaszinas","30":"tag-top-stories","31":"tag-topstories","32":"tag-ukraina","33":"tag-world","34":"tag-world-news","35":"tag-worldnews","36":"tag-zinas","37":"tag-zinas-no-arvalstim"},"share_on_mastodon":{"url":"https:\/\/pubeurope.com\/@lv\/115837721846925574","error":""},"_links":{"self":[{"href":"https:\/\/www.europesays.com\/lv\/wp-json\/wp\/v2\/posts\/94351","targetHints":{"allow":["GET"]}}],"collection":[{"href":"https:\/\/www.europesays.com\/lv\/wp-json\/wp\/v2\/posts"}],"about":[{"href":"https:\/\/www.europesays.com\/lv\/wp-json\/wp\/v2\/types\/post"}],"author":[{"embeddable":true,"href":"https:\/\/www.europesays.com\/lv\/wp-json\/wp\/v2\/users\/2"}],"replies":[{"embeddable":true,"href":"https:\/\/www.europesays.com\/lv\/wp-json\/wp\/v2\/comments?post=94351"}],"version-history":[{"count":0,"href":"https:\/\/www.europesays.com\/lv\/wp-json\/wp\/v2\/posts\/94351\/revisions"}],"wp:featuredmedia":[{"embeddable":true,"href":"https:\/\/www.europesays.com\/lv\/wp-json\/wp\/v2\/media\/94352"}],"wp:attachment":[{"href":"https:\/\/www.europesays.com\/lv\/wp-json\/wp\/v2\/media?parent=94351"}],"wp:term":[{"taxonomy":"category","embeddable":true,"href":"https:\/\/www.europesays.com\/lv\/wp-json\/wp\/v2\/categories?post=94351"},{"taxonomy":"post_tag","embeddable":true,"href":"https:\/\/www.europesays.com\/lv\/wp-json\/wp\/v2\/tags?post=94351"}],"curies":[{"name":"wp","href":"https:\/\/api.w.org\/{rel}","templated":true}]}}