{"id":94360,"date":"2026-01-04T16:29:07","date_gmt":"2026-01-04T16:29:07","guid":{"rendered":"https:\/\/www.europesays.com\/lv\/94360\/"},"modified":"2026-01-04T16:29:07","modified_gmt":"2026-01-04T16:29:07","slug":"raimonds-pauls-un-andris-keiss-jauno-gadu-sagaida-ar-jautru-koncertuzvedumu-pauls-un-keiss-viriesi-labakos-gados-ar-smaidu-par-sevi-un-citiem-lente-lv","status":"publish","type":"post","link":"https:\/\/www.europesays.com\/lv\/94360\/","title":{"rendered":"Raimonds Pauls un Andris Kei\u0161s Jauno gadu sagaida ar jautru koncertuzvedumu &#8220;Pauls un Kei\u0161s. V\u012brie\u0161i lab\u0101kos gados. Ar smaidu par sevi un citiem&#8221;\u00a0\u2014\u00a0Lente.lv"},"content":{"rendered":"<p>Jaun\u0101 gada sagaid\u012b\u0161ana ar humoru un m\u016bziku<\/p>\n<p>R\u012bg\u0101, m\u016bzikas nam\u0101 &#8220;Daile&#8221;, 2025. gada 31. decembr\u012b norisin\u0101j\u0101s \u012bpa\u0161s koncertuzvedums &#8220;Pauls un Kei\u0161s. V\u012brie\u0161i lab\u0101kos gados. Ar smaidu par sevi un citiem&#8221;, kas pulc\u0113ja klaus\u012bt\u0101jus, lai kop\u012bgi sagaid\u012btu Jauno gadu sirsn\u012bg\u0101 un jautr\u0101 gaisotn\u0113. K\u0101 inform\u0113 port\u0101ls jauns.lv, uz skatuves k\u0101pa divi talant\u012bgi m\u0101kslinieki \u2013 le\u0123end\u0101rais komponists Raimonds Pauls un talant\u012bgais aktieris Andris Kei\u0161s, pied\u0101v\u0101jot unik\u0101lu koncertizr\u0101di.<\/p>\n<p>Koncertuzveduma b\u016bt\u012bba un saturs<\/p>\n<p>\u0160is koncertuzvedums ir rad\u012bts, lai ar smaidu un vieglu humoru paraudz\u012btos uz dz\u012bvi, sevi un apk\u0101rt\u0113jo pasauli. Izr\u0101des pamat\u0101 ir Maestro Raimonda Paula dziesmas, kas jaun\u0101 izpild\u012bjum\u0101 ieguvu\u0161as jaunas kr\u0101sas, savienojum\u0101 ar Andra Kei\u0161a aktiermeistar\u012bbu un atraktivit\u0101ti. Kei\u0161s demonstr\u0113 savu talantu, parod\u0113jot gan dzied\u0101t\u0101jus, gan politi\u0137us, radot aspr\u0101t\u012bgus un dz\u012bvus priek\u0161nesumus. Izr\u0101des koncepcija paredz, ka Kei\u0161s var iek\u0101pt da\u017e\u0101du Latvijas sabiedr\u012bb\u0101 zin\u0101mu v\u012brie\u0161u &#8220;\u0101d\u0101&#8221;, pied\u0101v\u0101jot skat\u012bt\u0101jiem aizraujo\u0161u un daudzpus\u012bgu izr\u0101di. K\u0101 jau vair\u0101kk\u0101rt apliecin\u0101ts iepriek\u0161\u0113jos gados, \u0161\u012b sadarb\u012bba ir izpeln\u012bjusies publikas atzin\u012bbu. Tuv\u0101kie \u0161\u0101di pas\u0101kumi gaid\u0101mi ar\u012b 2026. gada s\u0101kum\u0101, piem\u0113ram, 1. febru\u0101r\u012b.<\/p>\n<p>Sadarb\u012bbas aizs\u0101kumi un popularit\u0101te<\/p>\n<p>Koncertuzvedums &#8220;Pauls un Kei\u0161s. V\u012brie\u0161i lab\u0101kos gados. Ar smaidu par sevi un citiem&#8221; nav pirm\u0101 reize, kad \u0161ie divi m\u0101kslinieki apvieno sp\u0113kus. Izr\u0101de piedz\u012bvoja savu pirmizr\u0101di jau 2023. gada 5. apr\u012bl\u012b, un kop\u0161 t\u0101 laika ir ieguvusi stabilu vietu skat\u012bt\u0101ju sird\u012bs. M\u016bzikas nams &#8220;Daile&#8221;, kas ir \u0161\u012bs un citu programmu norises vieta, ir paz\u012bstams k\u0101 neatkar\u012bga koncertz\u0101le, kas akt\u012bvi atbalsta latvie\u0161u autoru darbus un pied\u0101v\u0101 kvalitat\u012bvus kult\u016bras pas\u0101kumus. \u0160\u012b programma ir viens no &#8220;Dailes nama&#8221; repertu\u0101ra &#8220;zelta fonda&#8221; priek\u0161nesumiem, ko publika nov\u0113rt\u0113 ar atgrie\u0161anos.<\/p>\n<p>M\u016bzikas nama &#8220;Daile&#8221; loma kult\u016bras ainav\u0101<\/p>\n<p>M\u016bzikas nams &#8220;Daile&#8221; ir ne tikai koncertz\u0101le, bet ar\u012b noz\u012bm\u012bga kult\u016bras platforma R\u012bg\u0101, kas atrodas Kri\u0161j\u0101\u0146a Barona iel\u0101 31. T\u0101 jau vair\u0101kus gadus pied\u0101v\u0101 pla\u0161u un daudzveid\u012bgu pas\u0101kumu kl\u0101stu, s\u0101kot no koncertiem un koncertuzvedumiem l\u012bdz pat te\u0101tra izr\u0101d\u0113m. Namu raksturo augstas kvalit\u0101tes akustika un pat\u012bkama atmosf\u0113ra, padarot to par iecien\u012btu vietu gan m\u0101ksliniekiem, gan skat\u012bt\u0101jiem. &#8220;Daile&#8221; past\u0101v\u012bgi atjauno savu pas\u0101kumu kalend\u0101ru, nodro\u0161inot, ka vienm\u0113r ir pieejami jauni un interesanti notikumi.<\/p>\n","protected":false},"excerpt":{"rendered":"Jaun\u0101 gada sagaid\u012b\u0161ana ar humoru un m\u016bziku R\u012bg\u0101, m\u016bzikas nam\u0101 &#8220;Daile&#8221;, 2025. gada 31. decembr\u012b norisin\u0101j\u0101s \u012bpa\u0161s koncertuzvedums&hellip;\n","protected":false},"author":2,"featured_media":94361,"comment_status":"","ping_status":"","sticky":false,"template":"","format":"standard","meta":{"footnotes":""},"categories":[19],"tags":[5391,89,90,18259,2737,35,39,38,36,37,34,40,6782,2672],"class_list":{"0":"post-94360","1":"post","2":"type-post","3":"status-publish","4":"format-standard","5":"has-post-thumbnail","7":"category-izklaide","8":"tag-andris-keiss","9":"tag-entertainment","10":"tag-izklaide","11":"tag-jaunais-gads","12":"tag-koncertuzvedums","13":"tag-latvia","14":"tag-latvian","15":"tag-latviesu","16":"tag-latviesu-valoda","17":"tag-latviesuvaloda","18":"tag-latvija","19":"tag-lv","20":"tag-muzikas-nams-daile","21":"tag-raimonds-pauls"},"share_on_mastodon":{"url":"https:\/\/pubeurope.com\/@lv\/115837780813226476","error":""},"_links":{"self":[{"href":"https:\/\/www.europesays.com\/lv\/wp-json\/wp\/v2\/posts\/94360","targetHints":{"allow":["GET"]}}],"collection":[{"href":"https:\/\/www.europesays.com\/lv\/wp-json\/wp\/v2\/posts"}],"about":[{"href":"https:\/\/www.europesays.com\/lv\/wp-json\/wp\/v2\/types\/post"}],"author":[{"embeddable":true,"href":"https:\/\/www.europesays.com\/lv\/wp-json\/wp\/v2\/users\/2"}],"replies":[{"embeddable":true,"href":"https:\/\/www.europesays.com\/lv\/wp-json\/wp\/v2\/comments?post=94360"}],"version-history":[{"count":0,"href":"https:\/\/www.europesays.com\/lv\/wp-json\/wp\/v2\/posts\/94360\/revisions"}],"wp:featuredmedia":[{"embeddable":true,"href":"https:\/\/www.europesays.com\/lv\/wp-json\/wp\/v2\/media\/94361"}],"wp:attachment":[{"href":"https:\/\/www.europesays.com\/lv\/wp-json\/wp\/v2\/media?parent=94360"}],"wp:term":[{"taxonomy":"category","embeddable":true,"href":"https:\/\/www.europesays.com\/lv\/wp-json\/wp\/v2\/categories?post=94360"},{"taxonomy":"post_tag","embeddable":true,"href":"https:\/\/www.europesays.com\/lv\/wp-json\/wp\/v2\/tags?post=94360"}],"curies":[{"name":"wp","href":"https:\/\/api.w.org\/{rel}","templated":true}]}}