{"id":94368,"date":"2026-01-04T16:40:09","date_gmt":"2026-01-04T16:40:09","guid":{"rendered":"https:\/\/www.europesays.com\/lv\/94368\/"},"modified":"2026-01-04T16:40:09","modified_gmt":"2026-01-04T16:40:09","slug":"rubio-pazinojis-ka-asv-sadarbosies-ar-venecuelas-lideriem-ja-vini-pienems-pareizo-lemumu","status":"publish","type":"post","link":"https:\/\/www.europesays.com\/lv\/94368\/","title":{"rendered":"Rubio pazi\u0146ojis, ka ASV sadarbosies ar Venecu\u0113las l\u012bderiem, ja vi\u0146i pie\u0146ems pareizo l\u0113mumu"},"content":{"rendered":"<p>&#8220;M\u0113s v\u0113rt\u0113sim p\u0113c vi\u0146u darbiem, un m\u0113s skat\u012bsimies, ko vi\u0146i dara,&#8221; raidorganiz\u0101cijas CBS raid\u012bjum\u0101 &#8220;Face the Nation&#8221; pazi\u0146oja Rubio.<\/p>\n<p>&#8220;Es zinu vienu, ja vi\u0146i nepie\u0146ems pareizo l\u0113mumu, <a href=\"https:\/\/www.apollo.lv\/term\/555410\/asv\" class=\"topicLink\" target=\"_blank\" rel=\"nofollow noopener\">ASV<\/a> saglab\u0101s vair\u0101kas ietekmes sviras,&#8221; vi\u0146\u0161 piebilda.<\/p>\n<p>Jau v\u0113st\u012bts, ka ASV sp\u0113ki sestdien veica gaisa triecienus Karakas\u0101 un izveda no valsts Venecu\u0113las prezidentu Nikolasu Maduro un vi\u0146a sievu S\u012bliju Floresu, un ASV prezidents Donalds Tramps p\u0113c tam pazi\u0146oja, ka ASV p\u0101rvald\u012bs Venecu\u0113lu un t\u0101s milz\u012bgos naftas kr\u0101jumus.<\/p>\n<p>Maduro un vi\u0146a sieva patlaban atrodas aiztur\u0113\u0161anas centr\u0101 \u0145ujork\u0101, un vi\u0146iem izvirz\u012btas aps\u016bdz\u012bbas saist\u012bb\u0101 ar narkotiku kontrabandu.<\/p>\n<p>Rubio nor\u0101d\u012bja, ka Va\u0161ingtona ir gatava sadarboties ar Venecu\u0113las pagaidu prezidenti Delsiju Rodrigesu un p\u0101r\u0113jiem kabineta locek\u013ciem, kas turpina darbu p\u0113c Maduro sag\u016bst\u012b\u0161anas un izve\u0161anas no valsts, un uzsv\u0113ra, ka ASV vi\u0146us v\u0113rt\u0113s p\u0113c darbiem, nevis p\u0113c publiskajiem izteikumiem vai pag\u0101tn\u0113 izdar\u012bt\u0101.<\/p>\n","protected":false},"excerpt":{"rendered":"&#8220;M\u0113s v\u0113rt\u0113sim p\u0113c vi\u0146u darbiem, un m\u0113s skat\u012bsimies, ko vi\u0146i dara,&#8221; raidorganiz\u0101cijas CBS raid\u012bjum\u0101 &#8220;Face the Nation&#8221; pazi\u0146oja&hellip;\n","protected":false},"author":2,"featured_media":94369,"comment_status":"","ping_status":"","sticky":false,"template":"","format":"standard","meta":{"footnotes":""},"categories":[5],"tags":[23,292,28,29,32,33,22,30,31,35,39,38,36,37,34,40,2093,20,26,27,24,25,358,21],"class_list":{"0":"post-94368","1":"post","2":"type-post","3":"status-publish","4":"format-standard","5":"has-post-thumbnail","7":"category-aktualitates","8":"tag-aktualitates","9":"tag-asv","10":"tag-breaking-news","11":"tag-breakingnews","12":"tag-featured-news","13":"tag-featurednews","14":"tag-headlines","15":"tag-latest-news","16":"tag-latestnews","17":"tag-latvia","18":"tag-latvian","19":"tag-latviesu","20":"tag-latviesu-valoda","21":"tag-latviesuvaloda","22":"tag-latvija","23":"tag-lv","24":"tag-marko-rubio","25":"tag-news","26":"tag-popularakas-zinas","27":"tag-popularakaszinas","28":"tag-top-stories","29":"tag-topstories","30":"tag-venecuela","31":"tag-zinas"},"share_on_mastodon":{"url":"https:\/\/pubeurope.com\/@lv\/115837824103131668","error":""},"_links":{"self":[{"href":"https:\/\/www.europesays.com\/lv\/wp-json\/wp\/v2\/posts\/94368","targetHints":{"allow":["GET"]}}],"collection":[{"href":"https:\/\/www.europesays.com\/lv\/wp-json\/wp\/v2\/posts"}],"about":[{"href":"https:\/\/www.europesays.com\/lv\/wp-json\/wp\/v2\/types\/post"}],"author":[{"embeddable":true,"href":"https:\/\/www.europesays.com\/lv\/wp-json\/wp\/v2\/users\/2"}],"replies":[{"embeddable":true,"href":"https:\/\/www.europesays.com\/lv\/wp-json\/wp\/v2\/comments?post=94368"}],"version-history":[{"count":0,"href":"https:\/\/www.europesays.com\/lv\/wp-json\/wp\/v2\/posts\/94368\/revisions"}],"wp:featuredmedia":[{"embeddable":true,"href":"https:\/\/www.europesays.com\/lv\/wp-json\/wp\/v2\/media\/94369"}],"wp:attachment":[{"href":"https:\/\/www.europesays.com\/lv\/wp-json\/wp\/v2\/media?parent=94368"}],"wp:term":[{"taxonomy":"category","embeddable":true,"href":"https:\/\/www.europesays.com\/lv\/wp-json\/wp\/v2\/categories?post=94368"},{"taxonomy":"post_tag","embeddable":true,"href":"https:\/\/www.europesays.com\/lv\/wp-json\/wp\/v2\/tags?post=94368"}],"curies":[{"name":"wp","href":"https:\/\/api.w.org\/{rel}","templated":true}]}}