{"id":94380,"date":"2026-01-04T16:48:07","date_gmt":"2026-01-04T16:48:07","guid":{"rendered":"https:\/\/www.europesays.com\/lv\/94380\/"},"modified":"2026-01-04T16:48:07","modified_gmt":"2026-01-04T16:48:07","slug":"martins-lavins-un-ncaa-izlase-ieklust-spenglera-kausa-finala-parspejot-dzierkala-sparta-lente-lv","status":"publish","type":"post","link":"https:\/\/www.europesays.com\/lv\/94380\/","title":{"rendered":"Martins Lavi\u0146\u0161 un NCAA izlase iek\u013c\u016bst \u0160penglera kausa fin\u0101l\u0101, p\u0101rsp\u0113jot Dzierkala &#8220;Sparta&#8221;\u00a0\u2014\u00a0Lente.lv"},"content":{"rendered":"<p>ASV studentu komanda sasniedz v\u0113sturisku pan\u0101kumu<\/p>\n<p>Latvijas uzbruc\u0113js Martins Lavi\u0146\u0161 ar ASV Nacion\u0101l\u0101s koled\u017eu sporta asoci\u0101cijas (NCAA) komandu ir iek\u013cuvis presti\u017e\u0101 \u0160penglera kausa izc\u012b\u0146as fin\u0101l\u0101, kas notiek Davos\u0101. K\u0101 inform\u0113 port\u0101ls jauns.lv, pusfin\u0101la sp\u0113l\u0113 NCAA vien\u012bba ar rezult\u0101tu 5:3 p\u0101rsp\u0113ja Pr\u0101gas &#8220;Sparta&#8221;, kuru p\u0101rst\u0101v Latvijas hokejists M\u0101rti\u0146\u0161 Dzierkals. \u0160is ir pirmais reizi, kad NCAA komanda piedal\u0101s \u0160penglera kaus\u0101 un sp\u0113jusi sasniegt tik augstu rezult\u0101tu. Fin\u0101l\u0101 ASV studentu izlase tik\u0101s ar turn\u012bra saimniekiem, le\u0123end\u0101rajiem HC &#8220;Davos&#8221; sp\u0113l\u0113t\u0101jiem. Lai gan ASV vien\u012bba demonstr\u0113ja sp\u0113c\u012bgu sniegumu visa turn\u012bra garum\u0101, tai fin\u0101l\u0101 n\u0101c\u0101s atz\u012bt pretinieku p\u0101r\u0101kumu, piek\u0101pjoties ar 3:6.<\/p>\n<p>Spraiga pusfin\u0101la c\u012b\u0146a un latvie\u0161u duelis<\/p>\n<p>Pusfin\u0101la sp\u0113le starp NCAA komandu un Pr\u0101gas &#8220;Sparta&#8221; norisin\u0101j\u0101s saspringti. NCAA vien\u012bba izvirz\u012bj\u0101s vad\u012bb\u0101 ar 2:0, ta\u010du &#8220;Sparta&#8221;, pateicoties M\u0101rti\u0146a Dzierkals piesp\u0113lei, sp\u0113ja atg\u016bt vienus v\u0101rtus. Sp\u0113les gaita l\u012bdz pat beig\u0101m bija l\u012bdz\u012bga, punktu punkt\u0101, ta\u010du iz\u0161\u0137iro\u0161ajos br\u012b\u017eos ASV studentu komanda apliecin\u0101ja savu p\u0101r\u0101kumu. Martins Lavi\u0146\u0161 sp\u0113l\u0113 piedal\u012bj\u0101s asto\u0146as min\u016btes un 44 sekundes, veicot divus metienus pa v\u0101rtiem, ta\u010du punktus neguva. Savuk\u0101rt M\u0101rti\u0146\u0161 Dzierkals, kur\u0161 turn\u012br\u0101 demonstr\u0113ja labu sniegumu, g\u016bstot tr\u012bs v\u0101rtus un atdodot vienu rezultat\u012bvu piesp\u0113li, \u0161oreiz atz\u012bm\u0113j\u0101s ar rezultat\u012bvu piesp\u0113li pirmajiem &#8220;Sparta&#8221; komandas v\u0101rtiem. Vi\u0146\u0161 uz ledus pavad\u012bja 16 min\u016btes un 42 sekundes, nopelnot vienu negat\u012bvu lietder\u012bbas koeficientu.<\/p>\n<p>\u0160penglera kausa v\u0113sture un NCAA komandas ce\u013c\u0161<\/p>\n<p>\u0160penglera kausa izc\u012b\u0146a, kas \u0161ogad notika jau 97. reizi, ir viens no vec\u0101kajiem un presti\u017e\u0101kajiem starptautiskajiem hokeja turn\u012briem pasaul\u0113. \u0160ogad pirmo reizi turn\u012br\u0101 piedal\u012bj\u0101s ASV Nacion\u0101l\u0101s koled\u017eu sporta asoci\u0101cijas (NCAA) izlase, kas sast\u0101v no lab\u0101kajiem Amerikas universit\u0101\u0161u hokejistiem. \u0160\u012b komanda demonstr\u0113ja p\u0101rliecino\u0161u sniegumu, uzvarot sav\u0101 apak\u0161grup\u0101 un nodro\u0161inot sev vietu pusfin\u0101l\u0101. Martins Lavi\u0146\u0161, kur\u0161 p\u0101rst\u0101v \u0145\u016bhemp\u0161\u012bras Universit\u0101ti, iepriek\u0161 izteicies, ka dal\u012bba \u0160penglera kaus\u0101 ir lieliska iesp\u0113ja sevi par\u0101d\u012bt k\u0101 kandid\u0101tam uz olimpisko valstsvien\u012bbu.<\/p>\n<p>Fin\u0101lsp\u0113le pret &#8220;Davos&#8221; un Dzierkals c\u012b\u0146\u0101 par tre\u0161o vietu<\/p>\n<p>ASV koled\u017eu izlase fin\u0101l\u0101 tik\u0101s ar m\u0101jinieci &#8220;HC Davos&#8221; komandu, kas sav\u0101 pusfin\u0101l\u0101 p\u0101rsp\u0113ja citu \u0160veices vien\u012bbu. Lai gan NCAA komandai bija iesp\u0113ja izc\u012bn\u012bt v\u0113sturisku titulu, fin\u0101lsp\u0113l\u0113 ar rezult\u0101tu 3:6 tika piedz\u012bvots zaud\u0113jums. &#8220;HC Davos&#8221; ir viena no tituliem bag\u0101t\u0101kaj\u0101m komand\u0101m \u0160penglera kausa v\u0113stur\u0113, ar 16 tituliem daloties god\u0101 ar Kan\u0101das izlasi. M\u0101rti\u0146a Dzierkala p\u0101rst\u0101v\u0113t\u0101 &#8220;Sparta&#8221; p\u0113c zaud\u0113juma pusfin\u0101l\u0101 c\u012bn\u012bj\u0101s par tre\u0161o vietu turn\u012br\u0101.<\/p>\n","protected":false},"excerpt":{"rendered":"ASV studentu komanda sasniedz v\u0113sturisku pan\u0101kumu Latvijas uzbruc\u0113js Martins Lavi\u0146\u0161 ar ASV Nacion\u0101l\u0101s koled\u017eu sporta asoci\u0101cijas (NCAA) komandu&hellip;\n","protected":false},"author":2,"featured_media":94381,"comment_status":"","ping_status":"","sticky":false,"template":"","format":"standard","meta":{"footnotes":""},"categories":[17],"tags":[35,39,38,36,37,34,40,6355,5797,5796,10264,13397,67],"class_list":{"0":"post-94380","1":"post","2":"type-post","3":"status-publish","4":"format-standard","5":"has-post-thumbnail","7":"category-sports","8":"tag-latvia","9":"tag-latvian","10":"tag-latviesu","11":"tag-latviesu-valoda","12":"tag-latviesuvaloda","13":"tag-latvija","14":"tag-lv","15":"tag-martins-dzierkals","16":"tag-martins-lavins","17":"tag-ncaa","18":"tag-pragas-sparta","19":"tag-spenglera-kauss","20":"tag-sports"},"share_on_mastodon":{"url":"https:\/\/pubeurope.com\/@lv\/115837855565361055","error":""},"_links":{"self":[{"href":"https:\/\/www.europesays.com\/lv\/wp-json\/wp\/v2\/posts\/94380","targetHints":{"allow":["GET"]}}],"collection":[{"href":"https:\/\/www.europesays.com\/lv\/wp-json\/wp\/v2\/posts"}],"about":[{"href":"https:\/\/www.europesays.com\/lv\/wp-json\/wp\/v2\/types\/post"}],"author":[{"embeddable":true,"href":"https:\/\/www.europesays.com\/lv\/wp-json\/wp\/v2\/users\/2"}],"replies":[{"embeddable":true,"href":"https:\/\/www.europesays.com\/lv\/wp-json\/wp\/v2\/comments?post=94380"}],"version-history":[{"count":0,"href":"https:\/\/www.europesays.com\/lv\/wp-json\/wp\/v2\/posts\/94380\/revisions"}],"wp:featuredmedia":[{"embeddable":true,"href":"https:\/\/www.europesays.com\/lv\/wp-json\/wp\/v2\/media\/94381"}],"wp:attachment":[{"href":"https:\/\/www.europesays.com\/lv\/wp-json\/wp\/v2\/media?parent=94380"}],"wp:term":[{"taxonomy":"category","embeddable":true,"href":"https:\/\/www.europesays.com\/lv\/wp-json\/wp\/v2\/categories?post=94380"},{"taxonomy":"post_tag","embeddable":true,"href":"https:\/\/www.europesays.com\/lv\/wp-json\/wp\/v2\/tags?post=94380"}],"curies":[{"name":"wp","href":"https:\/\/api.w.org\/{rel}","templated":true}]}}