{"id":94392,"date":"2026-01-04T17:03:08","date_gmt":"2026-01-04T17:03:08","guid":{"rendered":"https:\/\/www.europesays.com\/lv\/94392\/"},"modified":"2026-01-04T17:03:08","modified_gmt":"2026-01-04T17:03:08","slug":"izsole-piedava-iegadaties-dalu-socialas-kafejnicas-ogres-zelta-liepa","status":"publish","type":"post","link":"https:\/\/www.europesays.com\/lv\/94392\/","title":{"rendered":"Izsol\u0113 pied\u0101v\u0101 ieg\u0101d\u0101ties da\u013cu soci\u0101l\u0101s kafejn\u012bcas &#8220;Ogres Zelta liepa&#8221;"},"content":{"rendered":"<p class=\"descr\">Ogres novada pa\u0161vald\u012bba izsol\u0113 p\u0101rdod 122 800 kapit\u0101lda\u013cas soci\u0101laj\u0101 kafejn\u012bc\u0101 SIA &#8220;Ogres zelta liepa&#8221;, liecina pazi\u0146ojums ofici\u0101laj\u0101 izdevum\u0101 &#8220;Latvijas v\u0113stnesis&#8221;.<\/p>\n<p>Ogres novada pa\u0161vald\u012bbai pieder visi 100% &#8220;Ogres zelta liepas&#8221; kapit\u0101lda\u013cu, kuru v\u0113rt\u012bba apl\u0113sta 3600 eiro. T\u0101d\u0113j\u0101di izsoles s\u0101kumcena b\u016bs 3600 eiro.<\/p>\n<blockquote><p>Kapit\u0101lda\u013cu p\u0101rdo\u0161ana notiks atkl\u0101t\u0101 izsol\u0113 vietn\u0113 &#8220;www.izsoles.ta.gov.lv&#8221;. Izsole s\u0101ksies 23. janv\u0101r\u012b plkst. 13 un nosl\u0113gsies 12. febru\u0101r\u012b plkst. 13.<\/p><\/blockquote>\n<p>Pa\u0161vald\u012bb\u0101 uzsv\u0113rusi, ka izsol\u0113 pl\u0101nots p\u0101rdot tikai &#8220;Ogres zelta liepa&#8221; kapit\u0101lda\u013cas, savuk\u0101rt \u0113ka Br\u012bv\u012bbas iel\u0101 18, Ogr\u0113, kur atrodas kafejn\u012bca, ar\u012b turpm\u0101k paliks Ogres novada pa\u0161vald\u012bbas \u012bpa\u0161um\u0101 un jaunajam kapit\u0101lda\u013cu \u012bpa\u0161niekam telpas tiks nodotas nom\u0101.<\/p>\n<p>K\u0101 liecina &#8220;Firmas.lv&#8221; inform\u0101cija, SIA &#8220;Ogres zelta liepa&#8221; apgroz\u012bjums 2024. gad\u0101 sasniedzis 85 028 eiro un uz\u0146\u0113mums str\u0101d\u0101jis ar 58 057 eiro zaud\u0113jumiem. Uz\u0146\u0113mums dibin\u0101ts 2021. gad\u0101, t\u0101 pamatkapit\u0101ls ir 122 800 eiro. 2024. gad\u0101 uz\u0146\u0113mum\u0101 bija nodarbin\u0101ti desmit darbinieki.<\/p>\n<p>LETA iepriek\u0161 v\u0113st\u012bja, ka ar pa\u0161vald\u012bbas ieceri nebija mier\u0101 opoz\u012bcijas deput\u0101ti, kuri rosin\u0101ja izveidot izmekl\u0113\u0161anas komisiju, lai noskaidrotu, k\u0101d\u0113\u013c radu\u0161ies finan\u0161u zaud\u0113jumi &#8220;Ogres zelta liep\u0101&#8221;, ta\u010du valdo\u0161\u0101 koal\u012bcija \u0161o priek\u0161likumu noraid\u012bja, jo patlaban uz\u0146\u0113mum\u0101 p\u0101rbaudi veicot Valsts kontrole.<\/p>\n<p>Ogres domes priek\u0161s\u0113d\u0113t\u0101ja vietnieks Andris Krauja (NA) atg\u0101dina, ka pirms vair\u0101k nek\u0101 trim gadiem, kad Ogres novada pa\u0161vald\u012bba ieguva l\u012bdzdal\u012bbu soci\u0101laj\u0101 uz\u0146\u0113mum\u0101 &#8220;Ogres zelta liepa&#8221;, cilv\u0113ku ar \u012bpa\u0161\u0101m vajadz\u012bb\u0101m nodarbin\u0101t\u012bba novad\u0101 nebija pietiekami att\u012bst\u012bta un bija svar\u012bgi veicin\u0101t sabiedr\u012bbas un darba dev\u0113ju izpratni un interesi par soci\u0101l\u0101s atstumt\u012bbas riskam pak\u013cauto iedz\u012bvot\u0101ju grupu integr\u0101ciju darba tirg\u016b.<\/p>\n<p>\u0160o tr\u012bs gadu laik\u0101 soci\u0101l\u0101 uz\u0146\u0113muma &#8220;Ogres zelta liepa&#8221; darb\u012bba guvusi uzman\u012bbu, sniedzot b\u016btisku ieguld\u012bjumu cilv\u0113ku ar \u012bpa\u0161\u0101m vajadz\u012bb\u0101m apm\u0101c\u012bb\u0101 da\u017e\u0101d\u0101s profesij\u0101s un pal\u012bdzot darba dev\u0113jiem saprast, ka ar\u012b darbinieki ar \u012bpa\u0161\u0101m vajadz\u012bb\u0101m var sniegt v\u0113rt\u012bgu ieguld\u012bjumu uz\u0146\u0113muma darb\u012bb\u0101, uzskata Krauja.<\/p>\n<p>\u0160aj\u0101 laik\u0101 &#8220;Ogres zelta liepa&#8221; esot att\u012bst\u012bjusies, tom\u0113r t\u0101s t\u0101l\u0101kai izaugsmei svar\u012bgi b\u016btu piesaist\u012bt publisko finans\u0113jumu, taj\u0101 skait\u0101 da\u017e\u0101dus grantus. Tom\u0113r saska\u0146\u0101 ar eso\u0161o likumdo\u0161anu soci\u0101lajam uz\u0146\u0113mumam, kura visas kapit\u0101lda\u013cas pieder pa\u0161vald\u012bbai, \u0161\u0101das publisk\u0101 finans\u0113juma piesaistes iesp\u0113jas ir \u013coti ierobe\u017eotas. T\u0101d\u0113\u013c, lai dotu iesp\u0113ju &#8220;Ogres zelta liepai&#8221; str\u0101d\u0101t pie publisk\u0101 finans\u0113juma piesaistes t\u0101l\u0101kai att\u012bst\u012bbai, ir nepiecie\u0161ams izbeigt pa\u0161vald\u012bbas l\u012bdzdal\u012bbu \u0161aj\u0101 uz\u0146\u0113mum\u0101, p\u0101rdodot t\u0101 kapit\u0101lda\u013cas publisk\u0101 izsol\u0113, apgalvo Krauja.<\/p>\n<p>\t\t\t\t\t\tinfo<\/p>\n<p>Uzzini pirmais<br \/>kas interesants noticis Latvij\u0101 un pasaul\u0113,<br \/>pievienojoties mums <a href=\"https:\/\/t.me\/neatkariga\" rel=\"nofollow\">Telegram<\/a> vai <a href=\"https:\/\/whatsapp.com\/channel\/0029VaMLFUH5K3zLU5s4wm3y\" rel=\"nofollow noopener\" target=\"_blank\">Whatsapp<\/a> kan\u0101l\u0101<\/p>\n","protected":false},"excerpt":{"rendered":"Ogres novada pa\u0161vald\u012bba izsol\u0113 p\u0101rdod 122 800 kapit\u0101lda\u013cas soci\u0101laj\u0101 kafejn\u012bc\u0101 SIA &#8220;Ogres zelta liepa&#8221;, liecina pazi\u0146ojums ofici\u0101laj\u0101 izdevum\u0101&hellip;\n","protected":false},"author":2,"featured_media":94393,"comment_status":"","ping_status":"","sticky":false,"template":"","format":"standard","meta":{"footnotes":""},"categories":[12],"tags":[23,28,29,32,33,22,30,31,35,39,38,36,37,34,40,20,26,27,24,25,21],"class_list":{"0":"post-94392","1":"post","2":"type-post","3":"status-publish","4":"format-standard","5":"has-post-thumbnail","7":"category-latvija","8":"tag-aktualitates","9":"tag-breaking-news","10":"tag-breakingnews","11":"tag-featured-news","12":"tag-featurednews","13":"tag-headlines","14":"tag-latest-news","15":"tag-latestnews","16":"tag-latvia","17":"tag-latvian","18":"tag-latviesu","19":"tag-latviesu-valoda","20":"tag-latviesuvaloda","21":"tag-latvija","22":"tag-lv","23":"tag-news","24":"tag-popularakas-zinas","25":"tag-popularakaszinas","26":"tag-top-stories","27":"tag-topstories","28":"tag-zinas"},"share_on_mastodon":{"url":"https:\/\/pubeurope.com\/@lv\/115837914531943941","error":""},"_links":{"self":[{"href":"https:\/\/www.europesays.com\/lv\/wp-json\/wp\/v2\/posts\/94392","targetHints":{"allow":["GET"]}}],"collection":[{"href":"https:\/\/www.europesays.com\/lv\/wp-json\/wp\/v2\/posts"}],"about":[{"href":"https:\/\/www.europesays.com\/lv\/wp-json\/wp\/v2\/types\/post"}],"author":[{"embeddable":true,"href":"https:\/\/www.europesays.com\/lv\/wp-json\/wp\/v2\/users\/2"}],"replies":[{"embeddable":true,"href":"https:\/\/www.europesays.com\/lv\/wp-json\/wp\/v2\/comments?post=94392"}],"version-history":[{"count":0,"href":"https:\/\/www.europesays.com\/lv\/wp-json\/wp\/v2\/posts\/94392\/revisions"}],"wp:featuredmedia":[{"embeddable":true,"href":"https:\/\/www.europesays.com\/lv\/wp-json\/wp\/v2\/media\/94393"}],"wp:attachment":[{"href":"https:\/\/www.europesays.com\/lv\/wp-json\/wp\/v2\/media?parent=94392"}],"wp:term":[{"taxonomy":"category","embeddable":true,"href":"https:\/\/www.europesays.com\/lv\/wp-json\/wp\/v2\/categories?post=94392"},{"taxonomy":"post_tag","embeddable":true,"href":"https:\/\/www.europesays.com\/lv\/wp-json\/wp\/v2\/tags?post=94392"}],"curies":[{"name":"wp","href":"https:\/\/api.w.org\/{rel}","templated":true}]}}