{"id":94406,"date":"2026-01-04T17:28:08","date_gmt":"2026-01-04T17:28:08","guid":{"rendered":"https:\/\/www.europesays.com\/lv\/94406\/"},"modified":"2026-01-04T17:28:08","modified_gmt":"2026-01-04T17:28:08","slug":"rigas-civilas-aizsardzibas-komisija-sniegs-papildu-palidzibu-spradziena-izpostitas-majas-iedzivotajiem","status":"publish","type":"post","link":"https:\/\/www.europesays.com\/lv\/94406\/","title":{"rendered":"R\u012bgas Civil\u0101s aizsardz\u012bbas komisija sniegs papildu pal\u012bdz\u012bbu spr\u0101dzien\u0101 izpost\u012bt\u0101s m\u0101jas iedz\u012bvot\u0101jiem"},"content":{"rendered":"<p>R\u012bgas domes priek\u0161s\u0113d\u0113t\u0101js Viesturs Kleinbergs (P) Civil\u0101s aizsardz\u012bbas komisijas s\u0113d\u0113 sv\u0113tdien pateicies visiem iesaist\u012btajiem dienestiem, jo darbi esot notiku\u0161i koordin\u0113ti un augst\u0101 l\u012bmen\u012b.<\/p>\n<p>&#8220;Tagad vissvar\u012bg\u0101kais ir nodro\u0161in\u0101t cietu\u0161os iedz\u012bvot\u0101jus ar pien\u0101c\u012bgu m\u0101jokli, dokumentiem un izmaks\u0101t kr\u012bzes pabalstu,&#8221; pa\u0161vald\u012bba cit\u0113 Kleinbergu.<\/p>\n<p>Jau zi\u0146ots, ka g\u0101zes spr\u0101dzien\u0101 cietu\u0161\u0101s m\u0101jas iedz\u012bvot\u0101ji pirmdien var\u0113s iesniegt iesniegumus par pagaidu dz\u012bvok\u013cu iz\u012br\u0113\u0161anu. Lai sa\u0146emtu pa\u0161vald\u012bbas iz\u012br\u0113tu dz\u012bvojamo telpu, kur var uztur\u0113ties l\u012bdz se\u0161iem m\u0113ne\u0161iem, bet ne ilg\u0101k par gadu, iedz\u012bvot\u0101jiem j\u0101v\u0113r\u0161as ar iesniegumu R\u012bgas domes M\u0101jok\u013cu un vides departament\u0101 Br\u012bv\u012bbas iel\u0101 49\/53.<\/p>\n<p>Evaku\u0113tajiem iedz\u012bvot\u0101jiem ir ar\u012b ties\u012bbas pa\u0161vald\u012bb\u0101 sa\u0146emt kr\u012bzes pabalstu, kuru var piepras\u012bt divu m\u0113ne\u0161u laik\u0101 no kr\u012bzes situ\u0101cijas ra\u0161an\u0101s dienas. Iedz\u012bvot\u0101ji par to j\u0101v\u0113r\u0161as ar iesniegumu R\u012bgas Soci\u0101laj\u0101 dienest\u0101, sazinoties pa t\u0101lruni 80 001 201.<\/p>\n<p>T\u0101pat iedz\u012bvot\u0101ji aicin\u0101ti v\u0113rsties Soci\u0101laj\u0101 dienest\u0101, ja nepiecie\u0161ama k\u0101da cita pal\u012bdz\u012bba, piem\u0113ram, ap\u0123\u0113rbs, p\u0101rtikas pakas, dokumentu atjauno\u0161ana, vai v\u0113l k\u0101ds cits soci\u0101lais atbalsts.<\/p>\n","protected":false},"excerpt":{"rendered":"R\u012bgas domes priek\u0161s\u0113d\u0113t\u0101js Viesturs Kleinbergs (P) Civil\u0101s aizsardz\u012bbas komisijas s\u0113d\u0113 sv\u0113tdien pateicies visiem iesaist\u012btajiem dienestiem, jo darbi esot&hellip;\n","protected":false},"author":2,"featured_media":94407,"comment_status":"","ping_status":"","sticky":false,"template":"","format":"standard","meta":{"footnotes":""},"categories":[5],"tags":[23,28,29,32,33,23521,22,30,31,35,39,38,36,37,34,40,20,26,27,172,24,25,21],"class_list":{"0":"post-94406","1":"post","2":"type-post","3":"status-publish","4":"format-standard","5":"has-post-thumbnail","7":"category-aktualitates","8":"tag-aktualitates","9":"tag-breaking-news","10":"tag-breakingnews","11":"tag-featured-news","12":"tag-featurednews","13":"tag-gazes-spradziens-tornakalna","14":"tag-headlines","15":"tag-latest-news","16":"tag-latestnews","17":"tag-latvia","18":"tag-latvian","19":"tag-latviesu","20":"tag-latviesu-valoda","21":"tag-latviesuvaloda","22":"tag-latvija","23":"tag-lv","24":"tag-news","25":"tag-popularakas-zinas","26":"tag-popularakaszinas","27":"tag-riga","28":"tag-top-stories","29":"tag-topstories","30":"tag-zinas"},"share_on_mastodon":{"url":"https:\/\/pubeurope.com\/@lv\/115838012799936110","error":""},"_links":{"self":[{"href":"https:\/\/www.europesays.com\/lv\/wp-json\/wp\/v2\/posts\/94406","targetHints":{"allow":["GET"]}}],"collection":[{"href":"https:\/\/www.europesays.com\/lv\/wp-json\/wp\/v2\/posts"}],"about":[{"href":"https:\/\/www.europesays.com\/lv\/wp-json\/wp\/v2\/types\/post"}],"author":[{"embeddable":true,"href":"https:\/\/www.europesays.com\/lv\/wp-json\/wp\/v2\/users\/2"}],"replies":[{"embeddable":true,"href":"https:\/\/www.europesays.com\/lv\/wp-json\/wp\/v2\/comments?post=94406"}],"version-history":[{"count":0,"href":"https:\/\/www.europesays.com\/lv\/wp-json\/wp\/v2\/posts\/94406\/revisions"}],"wp:featuredmedia":[{"embeddable":true,"href":"https:\/\/www.europesays.com\/lv\/wp-json\/wp\/v2\/media\/94407"}],"wp:attachment":[{"href":"https:\/\/www.europesays.com\/lv\/wp-json\/wp\/v2\/media?parent=94406"}],"wp:term":[{"taxonomy":"category","embeddable":true,"href":"https:\/\/www.europesays.com\/lv\/wp-json\/wp\/v2\/categories?post=94406"},{"taxonomy":"post_tag","embeddable":true,"href":"https:\/\/www.europesays.com\/lv\/wp-json\/wp\/v2\/tags?post=94406"}],"curies":[{"name":"wp","href":"https:\/\/api.w.org\/{rel}","templated":true}]}}