{"id":94410,"date":"2026-01-04T17:39:13","date_gmt":"2026-01-04T17:39:13","guid":{"rendered":"https:\/\/www.europesays.com\/lv\/94410\/"},"modified":"2026-01-04T17:39:13","modified_gmt":"2026-01-04T17:39:13","slug":"liepaja-un-jelgava-sagaiditi-si-gada-pirmie-bernini-1188-lv","status":"publish","type":"post","link":"https:\/\/www.europesays.com\/lv\/94410\/","title":{"rendered":"Liep\u0101j\u0101 un Jelgav\u0101 sagaid\u012bti \u0161\u012b gada pirmie b\u0113rni\u0146i &#8211; 1188.lv"},"content":{"rendered":"<ol>\n<li><a href=\"https:\/\/news.google.com\/rss\/articles\/CBMiiwFBVV95cUxNblk4UVpQRkYwQ1dxc0c2OWFhd1ByMGYwd2Z1X3N3WkpvVmdTYlc1aG1jb2FleHNLNVMta3NOdHFPZTJNUFlTc3RjV3E1U3RnSGE3X0J4XzlWdlE4Ynp2T2diRjdOby16T2NUNmFkd2o4dnp4UnIxQmR4NzVHNGx4ZG9xYi1tcmJ2cHM0?oc=5\" target=\"_blank\" rel=\"nofollow noopener\">Liep\u0101j\u0101 un Jelgav\u0101 sagaid\u012bti \u0161\u012b gada pirmie b\u0113rni\u0146i<\/a>&nbsp;&nbsp;1188.lv<\/li>\n<li><a href=\"https:\/\/news.google.com\/rss\/articles\/CBMinwFBVV95cUxQYUYzRmZyNHlhRFVqQWsyb2ZjWDRONVFoMkd1dlhxTWNZakNQYlc4WG1hakJ2WHhnTnpYem9YM1M2TGhvOGtVYmg3NU5EQ3BoZUV4UnA4Z1J4NHdVNHkxOWVhQjJaT1NXVDBZbGZCaFdxLVdick00NUhFU0xvcXJzRWlreHR0a0hGNExBT0JlNEJFMHVuMjlON09NeERSTDg?oc=5\" target=\"_blank\" rel=\"nofollow noopener\">\u0160\u012b gada pirmie b\u0113rni pasaul\u0113 n\u0101ku\u0161i Liep\u0101j\u0101 un Jelgav\u0101<\/a>&nbsp;&nbsp;Delfi<\/li>\n<li><a href=\"https:\/\/news.google.com\/rss\/articles\/CBMikgFBVV95cUxQaVBOR2p2anBLc1g5NnJKOGpqV0lzZkNyV0pqOXlsdmF6MHU0aFBQbTE2emp2eFZKQloxQl9jVEdYUFFsMDZnalNob25DNllOZEdvN19LY0h6SF9KcFZZQ2JtTGFwRXctay1zbXVJakwzcGVqSHpBZTdWTUVHbkxyRFp2RHFyU2ZlcnR4eXhWV01xUQ?oc=5\" target=\"_blank\" rel=\"nofollow noopener\">Jelgavas slimn\u012bc\u0101 2026. gad\u0101 pirmais piedzimis puika<\/a>&nbsp;&nbsp;Jauns.lv<\/li>\n<li><a href=\"https:\/\/news.google.com\/rss\/articles\/CBMiywFBVV95cUxNYkRTa19YM0duOE5GRk1KckZjZHM3a0g5V1BLd2k4TTNLMk9wY3ZYeGpoM214M1lSUVZPQnd0aV9mSVVKQThlMzhJZzdsM2RhZDNDYk5nNVlhaU9ZZFlQSEtNb0Rhd0F1TzRuMDY1dHlYSUx4SzdVenBIRlpYckhPbjB3SG81RjZUOFRseU02TjByeFFTMTJnYXJ1N0MwV3dmcXVhYzNPbGVyTWdNc25iMXBsNzB6ajRCOFoyb09KVmFaYmlhcm8ycUtCZw?oc=5\" target=\"_blank\" rel=\"nofollow noopener\">1. janv\u0101r\u012b Liep\u0101j\u0101 pasaul\u0113 n\u0101ku\u0161i divi mazu\u013ci \u2013 puis\u012btis un meiten\u012bte<\/a>&nbsp;&nbsp;liepajniekiem.lv<\/li>\n<li><a href=\"https:\/\/news.google.com\/rss\/articles\/CBMiqAFBVV95cUxNd1VIUFZ5dC1vczAybThsbzVjM2M5eHZrUDUyakdPU0Q4NUZxV0gxVVRJYW9Wa01TQlNXdUZCUWN2WTJMYmd3NHdBUlFMMWg4WGVGbXN0ZEVuWDR6SHZKeDhfVDM4NWxScGo2emd0REdTTUtuQVBzZWltQ0xlVUk2QXc0LTdjVVVOaXlTVnBqVVpZV0NsaDI3RF90T0Z2OWttM3JKcHNyaE4?oc=5\" target=\"_blank\" rel=\"nofollow noopener\">Jauna dz\u012bv\u012bba Jelgav\u0101: Sagaid\u012bts 2026. gada pirmais jaundzimu\u0161ais<\/a>&nbsp;&nbsp;Spogulis Baltic<\/li>\n<\/ol>\n","protected":false},"excerpt":{"rendered":"Liep\u0101j\u0101 un Jelgav\u0101 sagaid\u012bti \u0161\u012b gada pirmie b\u0113rni\u0146i&nbsp;&nbsp;1188.lv \u0160\u012b gada pirmie b\u0113rni pasaul\u0113 n\u0101ku\u0161i Liep\u0101j\u0101 un Jelgav\u0101&nbsp;&nbsp;Delfi Jelgavas&hellip;\n","protected":false},"author":2,"featured_media":94411,"comment_status":"","ping_status":"","sticky":false,"template":"","format":"standard","meta":{"footnotes":""},"categories":[12],"tags":[129,2031,23,28,29,32,33,22,30,31,35,39,38,36,37,34,40,20,26,27,2032,2033,24,25,21],"class_list":{"0":"post-94410","1":"post","2":"type-post","3":"status-publish","4":"format-standard","5":"has-post-thumbnail","7":"category-latvija","8":"tag-__typenameadvicekeyword","9":"tag-id1052","10":"tag-aktualitates","11":"tag-breaking-news","12":"tag-breakingnews","13":"tag-featured-news","14":"tag-featurednews","15":"tag-headlines","16":"tag-latest-news","17":"tag-latestnews","18":"tag-latvia","19":"tag-latvian","20":"tag-latviesu","21":"tag-latviesu-valoda","22":"tag-latviesuvaloda","23":"tag-latvija","24":"tag-lv","25":"tag-news","26":"tag-popularakas-zinas","27":"tag-popularakaszinas","28":"tag-slugberni","29":"tag-titleberni","30":"tag-top-stories","31":"tag-topstories","32":"tag-zinas"},"share_on_mastodon":{"url":"https:\/\/pubeurope.com\/@lv\/115838056061686225","error":""},"_links":{"self":[{"href":"https:\/\/www.europesays.com\/lv\/wp-json\/wp\/v2\/posts\/94410","targetHints":{"allow":["GET"]}}],"collection":[{"href":"https:\/\/www.europesays.com\/lv\/wp-json\/wp\/v2\/posts"}],"about":[{"href":"https:\/\/www.europesays.com\/lv\/wp-json\/wp\/v2\/types\/post"}],"author":[{"embeddable":true,"href":"https:\/\/www.europesays.com\/lv\/wp-json\/wp\/v2\/users\/2"}],"replies":[{"embeddable":true,"href":"https:\/\/www.europesays.com\/lv\/wp-json\/wp\/v2\/comments?post=94410"}],"version-history":[{"count":0,"href":"https:\/\/www.europesays.com\/lv\/wp-json\/wp\/v2\/posts\/94410\/revisions"}],"wp:featuredmedia":[{"embeddable":true,"href":"https:\/\/www.europesays.com\/lv\/wp-json\/wp\/v2\/media\/94411"}],"wp:attachment":[{"href":"https:\/\/www.europesays.com\/lv\/wp-json\/wp\/v2\/media?parent=94410"}],"wp:term":[{"taxonomy":"category","embeddable":true,"href":"https:\/\/www.europesays.com\/lv\/wp-json\/wp\/v2\/categories?post=94410"},{"taxonomy":"post_tag","embeddable":true,"href":"https:\/\/www.europesays.com\/lv\/wp-json\/wp\/v2\/tags?post=94410"}],"curies":[{"name":"wp","href":"https:\/\/api.w.org\/{rel}","templated":true}]}}