{"id":94442,"date":"2026-01-04T18:27:06","date_gmt":"2026-01-04T18:27:06","guid":{"rendered":"https:\/\/www.europesays.com\/lv\/94442\/"},"modified":"2026-01-04T18:27:06","modified_gmt":"2026-01-04T18:27:06","slug":"baltijas-jura-netalu-no-liepajas-bojats-optiskais-kabelis-sakts-kriminalprocess-un-identificets-kugis","status":"publish","type":"post","link":"https:\/\/www.europesays.com\/lv\/94442\/","title":{"rendered":"Baltijas j\u016br\u0101 net\u0101lu no Liep\u0101jas boj\u0101ts optiskais kabelis; s\u0101kts krimin\u0101lprocess un identific\u0113ts ku\u0123is"},"content":{"rendered":"<p class=\"text-align-justify\">Valsts policija sa\u0146\u0113musi inform\u0101ciju, ka \u0161\u012b gada 2. janv\u0101r\u012b Baltijas j\u016br\u0101, net\u0101lu no Liep\u0101jas, Latvijas teritori\u0101lajos \u016bde\u0146os ir boj\u0101ts k\u0101da priv\u0101tuz\u0146\u0113muma optiskais kabelis. Nekav\u0113joties tika s\u0101kta apst\u0101k\u013cu skaidro\u0161ana. <\/p>\n<p class=\"text-align-justify\">Noskaidrots, ka iesp\u0113jamais vain\u012bgais ir k\u0101ds ku\u0123is, kur\u0161 saska\u0146\u0101 ar Nacion\u0101lo bru\u0146oto sp\u0113ku Krasta apsardzes dienesta izanaliz\u0113to inform\u0101ciju, ir virz\u012bjies virs neakt\u012bva kabe\u013ca, tad main\u012bjis kursu uz akt\u012bvo &#8211; nu jau boj\u0101to &#8211; kabeli.<\/p>\n<p class=\"text-align-justify\">\u0160ovakar, 4. janv\u0101r\u012b, Valsts policijas darbinieki sadarb\u012bb\u0101 ar Krasta apsardzes dienestu, k\u0101 ar\u012b citiem iek\u0161lietu dienestiem ir uzk\u0101pu\u0161i uz konkr\u0113t\u0101 ku\u0123a, kur\u0161 \u0161obr\u012bd atrodas Liep\u0101jas ost\u0101, un ir sazi\u0146\u0101 ar t\u0101 apkalpi. \u0160obr\u012bd ku\u0123is vai t\u0101 apkalpe nav aiztur\u0113ta, vi\u0146i sadarbojas ar policiju un turpin\u0101s akt\u012bvs darbs apst\u0101k\u013cu skaidro\u0161anai.<\/p>\n<p class=\"text-align-justify\">Saist\u012bb\u0101 ar notiku\u0161o Valsts policija ir s\u0101kusi krimin\u0101lprocesu p\u0113c Krimin\u0101llikuma 187. panta pirm\u0101s da\u013cas \u2013 par elektrot\u012bkla, publisk\u0101 elektronisko sakaru t\u012bkla, siltumt\u012bkla, g\u0101zes, naftas vai naftas produktu vada vai t\u0101 iek\u0101rtas t\u012b\u0161u izn\u012bcin\u0101\u0161anu vai boj\u0101\u0161anu. <\/p>\n<p class=\"text-align-justify\">Krimin\u0101lprocesa izmekl\u0113\u0161ana notiek cie\u0161\u0101 sadarb\u012bb\u0101 ar prokurat\u016bru, izmekl\u0113\u0161anu veic Valsts policijas Galven\u0101s krimin\u0101lpolicijas p\u0101rvaldes Organiz\u0113t\u0101s noziedz\u012bbas smago un s\u0113rijveida noziegumu apkaro\u0161anas p\u0101rvalde. <\/p>\n","protected":false},"excerpt":{"rendered":"Valsts policija sa\u0146\u0113musi inform\u0101ciju, ka \u0161\u012b gada 2. janv\u0101r\u012b Baltijas j\u016br\u0101, net\u0101lu no Liep\u0101jas, Latvijas teritori\u0101lajos \u016bde\u0146os ir&hellip;\n","protected":false},"author":2,"featured_media":94443,"comment_status":"","ping_status":"","sticky":false,"template":"","format":"standard","meta":{"footnotes":""},"categories":[12],"tags":[23,28,29,32,33,22,30,31,35,39,38,36,37,34,40,20,26,27,24,25,21],"class_list":{"0":"post-94442","1":"post","2":"type-post","3":"status-publish","4":"format-standard","5":"has-post-thumbnail","7":"category-latvija","8":"tag-aktualitates","9":"tag-breaking-news","10":"tag-breakingnews","11":"tag-featured-news","12":"tag-featurednews","13":"tag-headlines","14":"tag-latest-news","15":"tag-latestnews","16":"tag-latvia","17":"tag-latvian","18":"tag-latviesu","19":"tag-latviesu-valoda","20":"tag-latviesuvaloda","21":"tag-latvija","22":"tag-lv","23":"tag-news","24":"tag-popularakas-zinas","25":"tag-popularakaszinas","26":"tag-top-stories","27":"tag-topstories","28":"tag-zinas"},"share_on_mastodon":{"url":"https:\/\/pubeurope.com\/@lv\/115838244761760655","error":""},"_links":{"self":[{"href":"https:\/\/www.europesays.com\/lv\/wp-json\/wp\/v2\/posts\/94442","targetHints":{"allow":["GET"]}}],"collection":[{"href":"https:\/\/www.europesays.com\/lv\/wp-json\/wp\/v2\/posts"}],"about":[{"href":"https:\/\/www.europesays.com\/lv\/wp-json\/wp\/v2\/types\/post"}],"author":[{"embeddable":true,"href":"https:\/\/www.europesays.com\/lv\/wp-json\/wp\/v2\/users\/2"}],"replies":[{"embeddable":true,"href":"https:\/\/www.europesays.com\/lv\/wp-json\/wp\/v2\/comments?post=94442"}],"version-history":[{"count":0,"href":"https:\/\/www.europesays.com\/lv\/wp-json\/wp\/v2\/posts\/94442\/revisions"}],"wp:featuredmedia":[{"embeddable":true,"href":"https:\/\/www.europesays.com\/lv\/wp-json\/wp\/v2\/media\/94443"}],"wp:attachment":[{"href":"https:\/\/www.europesays.com\/lv\/wp-json\/wp\/v2\/media?parent=94442"}],"wp:term":[{"taxonomy":"category","embeddable":true,"href":"https:\/\/www.europesays.com\/lv\/wp-json\/wp\/v2\/categories?post=94442"},{"taxonomy":"post_tag","embeddable":true,"href":"https:\/\/www.europesays.com\/lv\/wp-json\/wp\/v2\/tags?post=94442"}],"curies":[{"name":"wp","href":"https:\/\/api.w.org\/{rel}","templated":true}]}}