{"id":94453,"date":"2026-01-04T18:50:08","date_gmt":"2026-01-04T18:50:08","guid":{"rendered":"https:\/\/www.europesays.com\/lv\/94453\/"},"modified":"2026-01-04T18:50:08","modified_gmt":"2026-01-04T18:50:08","slug":"ukrainas-dronu-del-slegtas-tris-maskavas-lidostas","status":"publish","type":"post","link":"https:\/\/www.europesays.com\/lv\/94453\/","title":{"rendered":"Ukrainas dronu d\u0113\u013c sl\u0113gtas tr\u012bs Maskavas lidostas"},"content":{"rendered":"<p>Uzbrukumu d\u0113\u013c tika kav\u0113ti vair\u0101ki reisi, tostarp Maskavas otraj\u0101 noslogot\u0101kaj\u0101 Vnukovas lidost\u0101, zi\u0146oja Krievijas mediji.<\/p>\n<p>Ukraina, kurai gandr\u012bz \u010detrus gadus ilg\u0101 kara laik\u0101 <a href=\"https:\/\/www.apollo.lv\/term\/555452\/krievija\" class=\"topicLink\" target=\"_blank\" rel=\"nofollow noopener\">Krievija<\/a> neskait\u0101mas reizes uzbrukusi ar droniem un ra\u0137et\u0113m, pagaid\u0101m nav sniegusi koment\u0101rus par \u0161o zi\u0146ojumu.<\/p>\n<p>Krievijas gaisa transporta a\u0123ent\u016bras &#8220;Rosaviacija&#8221; p\u0101rst\u0101vis pazi\u0146oja presei par sl\u0113g\u0161anu no plkst. 13.00 l\u012bdz 14.00 p\u0113c Grini\u010das laika.<\/p>\n<p>&#8220;Ierobe\u017eojumi ir nepiecie\u0161ami, lai nodro\u0161in\u0101tu lidojumu dro\u0161\u012bbu,&#8221; soci\u0101laj\u0101 vietn\u0113 &#8220;Telegram&#8221; pazi\u0146oja Artjoms Kore\u0146ako.<\/p>\n<p>Vi\u0146a v\u0113l\u0101kajos ierakstos bija teikts, ka visas lidostas \u2014 Vnukovas, Domodedovas un \u017dukovska \u2014 tika da\u013c\u0113ji atkal atv\u0113rtas p\u0113c nepilnas stundas.<\/p>\n<p>Krievijas pretgaisa aizsardz\u012bbas sist\u0113mas sv\u0113tdien notrieca vismaz 27 dronus, kas lidoja galvaspils\u0113tas virzien\u0101, ar &#8220;Telegram&#8221; starpniec\u012bbu pazi\u0146oja Maskavas m\u0113rs Sergejs Sobja\u0146ins.<\/p>\n","protected":false},"excerpt":{"rendered":"Uzbrukumu d\u0113\u013c tika kav\u0113ti vair\u0101ki reisi, tostarp Maskavas otraj\u0101 noslogot\u0101kaj\u0101 Vnukovas lidost\u0101, zi\u0146oja Krievijas mediji. Ukraina, kurai gandr\u012bz&hellip;\n","protected":false},"author":2,"featured_media":94454,"comment_status":"","ping_status":"","sticky":false,"template":"","format":"standard","meta":{"footnotes":""},"categories":[14],"tags":[23,57,28,29,75,32,33,22,234,74,30,31,35,39,38,36,37,34,40,20,26,27,24,25,54,55,56,21,58],"class_list":{"0":"post-94453","1":"post","2":"type-post","3":"status-publish","4":"format-standard","5":"has-post-thumbnail","7":"category-zinas-no-arvalstim","8":"tag-aktualitates","9":"tag-arvalstim","10":"tag-breaking-news","11":"tag-breakingnews","12":"tag-droni","13":"tag-featured-news","14":"tag-featurednews","15":"tag-headlines","16":"tag-krievija","17":"tag-krievijas-iebrukums-ukraina","18":"tag-latest-news","19":"tag-latestnews","20":"tag-latvia","21":"tag-latvian","22":"tag-latviesu","23":"tag-latviesu-valoda","24":"tag-latviesuvaloda","25":"tag-latvija","26":"tag-lv","27":"tag-news","28":"tag-popularakas-zinas","29":"tag-popularakaszinas","30":"tag-top-stories","31":"tag-topstories","32":"tag-world","33":"tag-world-news","34":"tag-worldnews","35":"tag-zinas","36":"tag-zinas-no-arvalstim"},"share_on_mastodon":{"url":"https:\/\/pubeurope.com\/@lv\/115838335241385267","error":""},"_links":{"self":[{"href":"https:\/\/www.europesays.com\/lv\/wp-json\/wp\/v2\/posts\/94453","targetHints":{"allow":["GET"]}}],"collection":[{"href":"https:\/\/www.europesays.com\/lv\/wp-json\/wp\/v2\/posts"}],"about":[{"href":"https:\/\/www.europesays.com\/lv\/wp-json\/wp\/v2\/types\/post"}],"author":[{"embeddable":true,"href":"https:\/\/www.europesays.com\/lv\/wp-json\/wp\/v2\/users\/2"}],"replies":[{"embeddable":true,"href":"https:\/\/www.europesays.com\/lv\/wp-json\/wp\/v2\/comments?post=94453"}],"version-history":[{"count":0,"href":"https:\/\/www.europesays.com\/lv\/wp-json\/wp\/v2\/posts\/94453\/revisions"}],"wp:featuredmedia":[{"embeddable":true,"href":"https:\/\/www.europesays.com\/lv\/wp-json\/wp\/v2\/media\/94454"}],"wp:attachment":[{"href":"https:\/\/www.europesays.com\/lv\/wp-json\/wp\/v2\/media?parent=94453"}],"wp:term":[{"taxonomy":"category","embeddable":true,"href":"https:\/\/www.europesays.com\/lv\/wp-json\/wp\/v2\/categories?post=94453"},{"taxonomy":"post_tag","embeddable":true,"href":"https:\/\/www.europesays.com\/lv\/wp-json\/wp\/v2\/tags?post=94453"}],"curies":[{"name":"wp","href":"https:\/\/api.w.org\/{rel}","templated":true}]}}