{"id":94461,"date":"2026-01-04T18:58:14","date_gmt":"2026-01-04T18:58:14","guid":{"rendered":"https:\/\/www.europesays.com\/lv\/94461\/"},"modified":"2026-01-04T18:58:14","modified_gmt":"2026-01-04T18:58:14","slug":"klume-griekija-paralizejusi-gaisa-satiksmi","status":"publish","type":"post","link":"https:\/\/www.europesays.com\/lv\/94461\/","title":{"rendered":"K\u013c\u016bme Grie\u0137ij\u0101 paraliz\u0113jusi gaisa satiksmi"},"content":{"rendered":"<p>Raidorganiz\u0101cija ERT nor\u0101d\u012bja, ka trauc\u0113jumi sk\u0101ru\u0161i visas Grie\u0137ijas lidostas, tostarp At\u0113nu un Saloniku starptautisk\u0101s lidostas.<\/p>\n<p>Saska\u0146\u0101 ar Grie\u0137ijas Civil\u0101s avi\u0101cijas p\u0101rvaldes (HCAA) sniegto inform\u0101ciju probl\u0113mas radu\u0161\u0101s centr\u0101laj\u0101s radio un sakaru sist\u0113m\u0101s, ko izmanto Grie\u0137ijas gaisa telpas kontroles centri. Lidojumu apseko\u0161anas vietne &#8220;Flightradar24&#8221; zi\u0146o, ka Grie\u0137ijas gaisa telpa ir gandr\u012bz tuk\u0161a.<\/p>\n<p>At\u0113nu lidost\u0101 atcelti vai kav\u0113j\u0101s vair\u0101k nek\u0101 90 reisi. Lidostas darbinieks raidorganiz\u0101cijai BBC past\u0101st\u012bja, ka tagad lidost\u0101 var pacelties 35 lidma\u0161\u012bnas stund\u0101, ta\u010du t\u0101 joproj\u0101m nesp\u0113j uz\u0146emt ien\u0101ko\u0161os reisus.<\/p>\n<p>Lidma\u0161\u012bn\u0101m no Dublinas, Barselonas un Par\u012bzes iepriek\u0161 tika dots r\u012bkojums atgriezties to izcelsmes lidost\u0101s, bet reisi no Kopenh\u0101genas un Maltas tika atcelti pavisam.<\/p>\n<p>Citiem reisiem uz At\u0113n\u0101m tika noteikts gaid\u012b\u0161anas re\u017e\u012bms, un trauc\u0113ti ar\u012b lidojumi uz un no cit\u0101m Grie\u0137ijas lidost\u0101m. Saloniku lidosta tika sl\u0113gta pavisam.<\/p>\n<p>Vairums ien\u0101ko\u0161o reisu tiek novirz\u012bti uz Turciju vai tiek atcelti, zi\u0146oja ERT.<\/p>\n","protected":false},"excerpt":{"rendered":"Raidorganiz\u0101cija ERT nor\u0101d\u012bja, ka trauc\u0113jumi sk\u0101ru\u0161i visas Grie\u0137ijas lidostas, tostarp At\u0113nu un Saloniku starptautisk\u0101s lidostas. Saska\u0146\u0101 ar Grie\u0137ijas&hellip;\n","protected":false},"author":2,"featured_media":50710,"comment_status":"","ping_status":"","sticky":false,"template":"","format":"standard","meta":{"footnotes":""},"categories":[5],"tags":[23,1807,28,29,32,33,4857,22,30,31,35,39,38,36,37,34,40,20,26,27,24,25,21],"class_list":{"0":"post-94461","1":"post","2":"type-post","3":"status-publish","4":"format-standard","5":"has-post-thumbnail","7":"category-aktualitates","8":"tag-aktualitates","9":"tag-avioindustrija","10":"tag-breaking-news","11":"tag-breakingnews","12":"tag-featured-news","13":"tag-featurednews","14":"tag-griekija","15":"tag-headlines","16":"tag-latest-news","17":"tag-latestnews","18":"tag-latvia","19":"tag-latvian","20":"tag-latviesu","21":"tag-latviesu-valoda","22":"tag-latviesuvaloda","23":"tag-latvija","24":"tag-lv","25":"tag-news","26":"tag-popularakas-zinas","27":"tag-popularakaszinas","28":"tag-top-stories","29":"tag-topstories","30":"tag-zinas"},"share_on_mastodon":{"url":"https:\/\/pubeurope.com\/@lv\/115838366706359196","error":""},"_links":{"self":[{"href":"https:\/\/www.europesays.com\/lv\/wp-json\/wp\/v2\/posts\/94461","targetHints":{"allow":["GET"]}}],"collection":[{"href":"https:\/\/www.europesays.com\/lv\/wp-json\/wp\/v2\/posts"}],"about":[{"href":"https:\/\/www.europesays.com\/lv\/wp-json\/wp\/v2\/types\/post"}],"author":[{"embeddable":true,"href":"https:\/\/www.europesays.com\/lv\/wp-json\/wp\/v2\/users\/2"}],"replies":[{"embeddable":true,"href":"https:\/\/www.europesays.com\/lv\/wp-json\/wp\/v2\/comments?post=94461"}],"version-history":[{"count":0,"href":"https:\/\/www.europesays.com\/lv\/wp-json\/wp\/v2\/posts\/94461\/revisions"}],"wp:featuredmedia":[{"embeddable":true,"href":"https:\/\/www.europesays.com\/lv\/wp-json\/wp\/v2\/media\/50710"}],"wp:attachment":[{"href":"https:\/\/www.europesays.com\/lv\/wp-json\/wp\/v2\/media?parent=94461"}],"wp:term":[{"taxonomy":"category","embeddable":true,"href":"https:\/\/www.europesays.com\/lv\/wp-json\/wp\/v2\/categories?post=94461"},{"taxonomy":"post_tag","embeddable":true,"href":"https:\/\/www.europesays.com\/lv\/wp-json\/wp\/v2\/tags?post=94461"}],"curies":[{"name":"wp","href":"https:\/\/api.w.org\/{rel}","templated":true}]}}