{"id":94481,"date":"2026-01-04T19:42:06","date_gmt":"2026-01-04T19:42:06","guid":{"rendered":"https:\/\/www.europesays.com\/lv\/94481\/"},"modified":"2026-01-04T19:42:06","modified_gmt":"2026-01-04T19:42:06","slug":"spanis-kanets-ar-uzvaru-debite-rallijreida-dakara-motociklu-klase","status":"publish","type":"post","link":"https:\/\/www.europesays.com\/lv\/94481\/","title":{"rendered":"Sp\u0101nis Kanets ar uzvaru debit\u0113 rallijreid\u0101 \u201cDakara\u201d motociklu klas\u0113"},"content":{"rendered":"<p>Otraj\u0101 viet\u0101, zaud\u0113jot min\u016bti vi\u0146am sekoja komandas biedrs Daniels Sanderss no Austr\u0101lijas, bet tre\u0161ais bija amerik\u0101nis Rikijs Brabeks (\u201cMonster\u201d).<\/p>\n<blockquote class=\"twitter-tweet\" data-width=\"550\" data-dnt=\"true\">\n<p lang=\"en\" dir=\"ltr\">\ud83c\uddea\ud83c\uddf8 Edgar Canet repeats history.<br \/>Eleven years after Marc Coma, he becomes the first Spanish rider to lead the Dakar overall for two consecutive days, topping the prologue and extending his lead in Stage 1! <a href=\"https:\/\/twitter.com\/hashtag\/Dakar2026?src=hash&amp;ref_src=twsrc%5Etfw\" rel=\"nofollow noopener\" target=\"_blank\">#Dakar2026<\/a> <a href=\"https:\/\/twitter.com\/hashtag\/DakarInSaudi?src=hash&amp;ref_src=twsrc%5Etfw\" rel=\"nofollow noopener\" target=\"_blank\">#DakarInSaudi<\/a> <a href=\"https:\/\/t.co\/fvEnktIvaq\" rel=\"nofollow\">pic.twitter.com\/fvEnktIvaq<\/a><\/p>\n<p>\u2014 DAKAR RALLY (@dakar) <a href=\"https:\/\/twitter.com\/dakar\/status\/2007795900006252695?ref_src=twsrc%5Etfw\" rel=\"nofollow noopener\" target=\"_blank\">January 4, 2026<\/a><\/p>\n<\/blockquote>\n<p>Vieglo automa\u0161\u012bnu klas\u0113 negaid\u012bti pirmais fini\u0161\u0113ja be\u013c\u0123is Gijoms de Meviuss, kur\u0161 par 40 sekund\u0113m p\u0101rsp\u0113ja pieck\u0101rt\u0113jo \u201cDakara\u201d uzvar\u0113t\u0101ju katarieti Naseru Al-Atiju.<\/p>\n<p>16 min\u016b\u0161u sodu sa\u0146\u0113ma pag\u0101ju\u0161\u0101 gada sacens\u012bbu uzvar\u0113t\u0101js Sa\u016bda Ar\u0101bijas pilots Jaz\u012bds Al-Rad\u017ei, kur\u0161 p\u0113c pirm\u0101 posma atrodas vien 39. poz\u012bcij\u0101.<\/p>\n<p>\u201cDakaras\u201d rallijreids norisin\u0101s 48. reizi. P\u0113rn vieglo automa\u0161\u012bnu klas\u0113 uzvar\u0113ja Sa\u016bda Ar\u0101bijas pilots Jaz\u012bds Al-Rad\u017ei, bet motociklu klas\u0113 kopv\u0113rt\u0113jum\u0101 pirmais bija austr\u0101lietis Daniels Sanderss.<\/p>\n<p class=\"ad-desc ad-desc-main\">Saturs turpin\u0101s p\u0113c rekl\u0101mas<\/p>\n<p class=\"ad-desc ad-desc-sec\">Rekl\u0101ma<\/p>\n<p>Rallijreids no 1979. l\u012bdz 2007. gadam 29 reizes norisin\u0101j\u0101s \u0100frik\u0101. 2008. gad\u0101 tas dro\u0161\u012bbas iemeslu d\u0113\u013c tika atcelts, bet jau n\u0101kamaj\u0101 gad\u0101 tas debit\u0113ja Dienvidamerik\u0101.<\/p>\n<p class=\"tv3-fw-500\">Zi\u0146o par k\u013c\u016bdu rakst\u0101<\/p>\n<p class=\"d-md-block d-none\">Iez\u012bm\u0113 k\u013c\u016bdaino tekstu un spied Ctrl+Enter.<\/p>\n<p class=\"d-md-none d-block\">Iez\u012bm\u0113 k\u013c\u016bdaino tekstu un zi\u0146o par to!<\/p>\n<p>                <script async src=\"https:\/\/platform.twitter.com\/widgets.js\" charset=\"utf-8\"><\/script><\/p>\n","protected":false},"excerpt":{"rendered":"Otraj\u0101 viet\u0101, zaud\u0113jot min\u016bti vi\u0146am sekoja komandas biedrs Daniels Sanderss no Austr\u0101lijas, bet tre\u0161ais bija amerik\u0101nis Rikijs Brabeks&hellip;\n","protected":false},"author":2,"featured_media":94482,"comment_status":"","ping_status":"","sticky":false,"template":"","format":"standard","meta":{"footnotes":""},"categories":[17],"tags":[23589,35,39,38,36,37,34,40,67],"class_list":{"0":"post-94481","1":"post","2":"type-post","3":"status-publish","4":"format-standard","5":"has-post-thumbnail","7":"category-sports","8":"tag-dakaras-rallijreidsmotoru-sports","9":"tag-latvia","10":"tag-latvian","11":"tag-latviesu","12":"tag-latviesu-valoda","13":"tag-latviesuvaloda","14":"tag-latvija","15":"tag-lv","16":"tag-sports"},"share_on_mastodon":{"url":"https:\/\/pubeurope.com\/@lv\/115838539711660314","error":""},"_links":{"self":[{"href":"https:\/\/www.europesays.com\/lv\/wp-json\/wp\/v2\/posts\/94481","targetHints":{"allow":["GET"]}}],"collection":[{"href":"https:\/\/www.europesays.com\/lv\/wp-json\/wp\/v2\/posts"}],"about":[{"href":"https:\/\/www.europesays.com\/lv\/wp-json\/wp\/v2\/types\/post"}],"author":[{"embeddable":true,"href":"https:\/\/www.europesays.com\/lv\/wp-json\/wp\/v2\/users\/2"}],"replies":[{"embeddable":true,"href":"https:\/\/www.europesays.com\/lv\/wp-json\/wp\/v2\/comments?post=94481"}],"version-history":[{"count":0,"href":"https:\/\/www.europesays.com\/lv\/wp-json\/wp\/v2\/posts\/94481\/revisions"}],"wp:featuredmedia":[{"embeddable":true,"href":"https:\/\/www.europesays.com\/lv\/wp-json\/wp\/v2\/media\/94482"}],"wp:attachment":[{"href":"https:\/\/www.europesays.com\/lv\/wp-json\/wp\/v2\/media?parent=94481"}],"wp:term":[{"taxonomy":"category","embeddable":true,"href":"https:\/\/www.europesays.com\/lv\/wp-json\/wp\/v2\/categories?post=94481"},{"taxonomy":"post_tag","embeddable":true,"href":"https:\/\/www.europesays.com\/lv\/wp-json\/wp\/v2\/tags?post=94481"}],"curies":[{"name":"wp","href":"https:\/\/api.w.org\/{rel}","templated":true}]}}