{"id":94484,"date":"2026-01-04T19:48:11","date_gmt":"2026-01-04T19:48:11","guid":{"rendered":"https:\/\/www.europesays.com\/lv\/94484\/"},"modified":"2026-01-04T19:48:11","modified_gmt":"2026-01-04T19:48:11","slug":"alona-ostapenko-uzsak-jauno-tenisa-sezonu-brisbena-pret-soranu-kirssteu-lente-lv","status":"publish","type":"post","link":"https:\/\/www.europesays.com\/lv\/94484\/","title":{"rendered":"A\u013cona Ostapenko uzs\u0101k jauno tenisa sezonu Brisben\u0101 pret Soranu Kirs\u0161teu\u00a0\u2014\u00a0Lente.lv"},"content":{"rendered":"<p>Jaun\u0101 sezona s\u0101kas ar sp\u0113li pret rum\u0101nieti<\/p>\n<p>Brisben\u0101, Austr\u0101lij\u0101, norisin\u0101s WTA 500 s\u0113rijas tenisa turn\u012brs uz ciet\u0101 seguma laukumiem, kas iez\u012bm\u0113 jaun\u0101s sezonas s\u0101kumu daudziem profesion\u0101lajiem tenisistiem. Rum\u0101\u0146u tenisiste Sorana Kirsstea (Sorana C\u00eerstea) veiksm\u012bgi p\u0101rvar\u0113jusi pirm\u0101s k\u0101rtas barjeru un nodro\u0161in\u0101jusi sev vietu n\u0101kamaj\u0101 posm\u0101, kur vi\u0146as pretiniece b\u016bs Latvijas pirm\u0101 rakete A\u013cona Ostapenko. Abu sportistu duelims paredz\u0113ts n\u0101kam\u0101s ned\u0113\u013cas s\u0101kum\u0101.<\/p>\n<p>Brisbenas turn\u012brs ir viens no pirmajiem noz\u012bm\u012bgajiem notikumiem kalend\u0101r\u0101, kas sp\u0113l\u0113t\u0101jiem \u013cauj uz\u0146emt apgriezienus pirms gada pirm\u0101 \u201cGrand Slam\u201d turn\u012bra \u2013 Austr\u0101lijas atkl\u0101t\u0101 \u010dempion\u0101ta.<\/p>\n<p>Soranas Kirs\u0161teas karjera un pa\u0161reiz\u0113jais sniegums<\/p>\n<p>Sorana Kirsstea, rum\u0101\u0146u tenisiste, kuras augst\u0101kais sasniegums viensp\u0113l\u0113s ir pasaules ranga 21. vieta, ko vi\u0146a sasniedza 2013. gad\u0101, \u0161obr\u012bd WTA rang\u0101 ie\u0146em 43. vietu (dati uz 2025. gada 29. decembri). Vi\u0146a ir izc\u012bn\u012bjusi tr\u012bs WTA viensp\u0113\u013cu titulus, tostarp divus uz ciet\u0101 seguma. P\u0113d\u0113jos gados Kirsstea ir demonstr\u0113jusi sp\u0113ju uzvar\u0113t ar\u012b sp\u0113c\u012bgas pretinieces, 2025. gad\u0101 sasniedzot fin\u0101lu Kl\u012bvlend\u0101 un pusfin\u0101lus citos turn\u012bros. Vi\u0146as sniegums pret pasaules ranga TOP 10 sp\u0113l\u0113t\u0101j\u0101m p\u0113d\u0113j\u0101 gada laik\u0101 ir bijis stabils, uzvarot piec\u0101s no devi\u0146\u0101m sp\u0113l\u0113m pret \u0161\u0101da l\u012bme\u0146a pretiniec\u0113m.<\/p>\n<p>A\u013conas Ostapenko ce\u013c\u0161 turn\u012br\u0101<\/p>\n<p>A\u013cona Ostapenko, kas pasaules rang\u0101 ie\u0146em 23. vietu, ir viena no dal\u012bbniec\u0113m, kas cer uz veiksm\u012bgu startu jaunaj\u0101 sezon\u0101. Lai gan vi\u0146a jau ir piedal\u012bjusies Brisbenas turn\u012br\u0101 iepriek\u0161\u0113jos gados, 2024. gad\u0101 vi\u0146a sasniedza ceturtda\u013cfin\u0101lu, kur\u0101 piek\u0101p\u0101s Viktorijai Azarenkai. Ostapenko ir paz\u012bstama ar savu agres\u012bvo un uzbr\u016bko\u0161o sp\u0113les stilu, kas bie\u017ei vien sp\u0113j sag\u0101d\u0101t probl\u0113mas pat augsti rangotiem pretiniekiem. Vi\u0146as potenci\u0101l\u0101 sp\u0113le pret Kirs\u0161teu sol\u0101s b\u016bt interesanta, jo abas sp\u0113l\u0113t\u0101jas ir pieredz\u0113ju\u0161as un sp\u0113j demonstr\u0113t augstas klases tenisu.<\/p>\n<p>Brisbenas turn\u012bra konteksts un gaid\u0101m\u0101s sp\u0113les<\/p>\n<p>Brisbenas International WTA 500 turn\u012brs notiek no 4. l\u012bdz 11. janv\u0101rim, un taj\u0101 piedal\u0101s vair\u0101kas pasaules ranga elites sp\u0113l\u0113t\u0101jas, tostarp WTA ranga pirm\u0101 rakete Ari\u0101na Sabalenka. Turn\u012bra izloze ir \u013coti sp\u0113c\u012bga, un daudzas sp\u0113c\u012bgas pretinieces var\u0113tu b\u016bt Ostapenko ce\u013c\u0101 uz augst\u0101k\u0101m k\u0101rt\u0101m, ja vi\u0146a p\u0101rvar\u0113tu pirmo sp\u0113li. Paredzams, ka Ostapenko un Kirs\u0161teas sp\u0113le norisin\u0101sies n\u0101kam\u0101s ned\u0113\u013cas s\u0101kum\u0101, dodot iesp\u0113ju ab\u0101m tenisist\u0113m pabeigt sagatavo\u0161anos un aizvad\u012bt pirmo savstarp\u0113jo sp\u0113li jaunaj\u0101 sezon\u0101.<\/p>\n","protected":false},"excerpt":{"rendered":"Jaun\u0101 sezona s\u0101kas ar sp\u0113li pret rum\u0101nieti Brisben\u0101, Austr\u0101lij\u0101, norisin\u0101s WTA 500 s\u0113rijas tenisa turn\u012brs uz ciet\u0101 seguma&hellip;\n","protected":false},"author":2,"featured_media":94485,"comment_status":"","ping_status":"","sticky":false,"template":"","format":"standard","meta":{"footnotes":""},"categories":[17],"tags":[680,23591,269,35,39,38,36,37,34,40,23590,67,23592],"class_list":{"0":"post-94484","1":"post","2":"type-post","3":"status-publish","4":"format-standard","5":"has-post-thumbnail","7":"category-sports","8":"tag-alona-ostapenko","9":"tag-brisbenas-starptautiskais-turnirs","10":"tag-jauna-sezona","11":"tag-latvia","12":"tag-latvian","13":"tag-latviesu","14":"tag-latviesu-valoda","15":"tag-latviesuvaloda","16":"tag-latvija","17":"tag-lv","18":"tag-sorana-cirstea","19":"tag-sports","20":"tag-wta-500"},"share_on_mastodon":{"url":"https:\/\/pubeurope.com\/@lv\/115838563329572867","error":""},"_links":{"self":[{"href":"https:\/\/www.europesays.com\/lv\/wp-json\/wp\/v2\/posts\/94484","targetHints":{"allow":["GET"]}}],"collection":[{"href":"https:\/\/www.europesays.com\/lv\/wp-json\/wp\/v2\/posts"}],"about":[{"href":"https:\/\/www.europesays.com\/lv\/wp-json\/wp\/v2\/types\/post"}],"author":[{"embeddable":true,"href":"https:\/\/www.europesays.com\/lv\/wp-json\/wp\/v2\/users\/2"}],"replies":[{"embeddable":true,"href":"https:\/\/www.europesays.com\/lv\/wp-json\/wp\/v2\/comments?post=94484"}],"version-history":[{"count":0,"href":"https:\/\/www.europesays.com\/lv\/wp-json\/wp\/v2\/posts\/94484\/revisions"}],"wp:featuredmedia":[{"embeddable":true,"href":"https:\/\/www.europesays.com\/lv\/wp-json\/wp\/v2\/media\/94485"}],"wp:attachment":[{"href":"https:\/\/www.europesays.com\/lv\/wp-json\/wp\/v2\/media?parent=94484"}],"wp:term":[{"taxonomy":"category","embeddable":true,"href":"https:\/\/www.europesays.com\/lv\/wp-json\/wp\/v2\/categories?post=94484"},{"taxonomy":"post_tag","embeddable":true,"href":"https:\/\/www.europesays.com\/lv\/wp-json\/wp\/v2\/tags?post=94484"}],"curies":[{"name":"wp","href":"https:\/\/api.w.org\/{rel}","templated":true}]}}