{"id":94490,"date":"2026-01-04T20:04:33","date_gmt":"2026-01-04T20:04:33","guid":{"rendered":"https:\/\/www.europesays.com\/lv\/94490\/"},"modified":"2026-01-04T20:04:33","modified_gmt":"2026-01-04T20:04:33","slug":"aizdomas-par-sakaru-kabela-bojajumu-jura-netalu-no-liepajas-sakts-kriminalprocess-un-identificets-kugis","status":"publish","type":"post","link":"https:\/\/www.europesays.com\/lv\/94490\/","title":{"rendered":"Aizdom\u0101s par sakaru kabe\u013ca boj\u0101jumu j\u016br\u0101 net\u0101lu no Liep\u0101jas s\u0101kts krimin\u0101lprocess un identific\u0113ts ku\u0123is"},"content":{"rendered":"<p>&#8220;Elisa&#8221; pazi\u0146ojusi, ka boj\u0101t\u0101 kabe\u013ca d\u0113\u013c uz\u0146\u0113muma klientiem ne Somij\u0101, ne Igaunij\u0101 nav radu\u0161ies sakaru trauc\u0113jumi.<\/p>\n<p>LETA jau zi\u0146oja, ka 2025. gada 26. janv\u0101ra agr\u0101 r\u012bt\u0101 Baltijas j\u016br\u0101 tika boj\u0101ts VAS &#8220;Latvijas Valsts radio un telev\u012bzijas centrs&#8221; (LVRTC) zem\u016bdens optisko \u0161\u0137iedru <a href=\"https:\/\/www.apollo.lv\/term\/778599\/kabelis\" class=\"topicLink\" target=\"_blank\" rel=\"nofollow noopener\">kabelis<\/a> posm\u0101 Ventspils-Gotlande. Kabelim boj\u0101jums tika konstat\u0113ts Zviedrijas ekonomiskajos \u016bde\u0146os aptuveni 130 kilometrus no Latvijas piekrastes.<\/p>\n<p>Saist\u012bb\u0101 ar kabe\u013ca boj\u0101\u0161anu Zviedrijas varasiest\u0101des bija aiztur\u0113ju\u0161as zem Maltas karoga ku\u0123ojo\u0161o sauskravu ku\u0123i &#8220;Vezhen&#8221;.<\/p>\n<p>Ku\u0123a \u012bpa\u0161nieks &#8220;Navigation Maritime Bulgares&#8221; noliedza apzin\u0101tu kabe\u013ca saboj\u0101\u0161anu, k\u0101 ar\u012b Zviedrijas prokurat\u016bra v\u0113l\u0101k noraid\u012bja sabot\u0101\u017eas iesp\u0113jam\u012bbu kabe\u013ca boj\u0101jum\u0101 un pazi\u0146oja, ka atbr\u012bvo &#8220;Vezhen&#8221;, vienlaikus gan atz\u012bstot, ka tas izrais\u012bja \u0161o boj\u0101jumu.<\/p>\n<p>Zviedrijas prokurors Matss Ljungkvists skaidroja, ka kabe\u013ca boj\u0101jumu izrais\u012bja nelabv\u0113l\u012bgu apst\u0101k\u013cu kombin\u0101cija &#8211; laika apst\u0101k\u013ci, nepiln\u012bbas apr\u012bkojum\u0101 un ku\u0123niec\u012bbas zin\u0101\u0161anu tr\u016bkums.<\/p>\n<p>LVRTC j\u016bras optisk\u0101 kabe\u013ca boj\u0101juma nov\u0113r\u0161ana izmaks\u0101jusi teju 500 000 eiro.<\/p>\n","protected":false},"excerpt":{"rendered":"&#8220;Elisa&#8221; pazi\u0146ojusi, ka boj\u0101t\u0101 kabe\u013ca d\u0113\u013c uz\u0146\u0113muma klientiem ne Somij\u0101, ne Igaunij\u0101 nav radu\u0161ies sakaru trauc\u0113jumi. LETA jau&hellip;\n","protected":false},"author":2,"featured_media":94491,"comment_status":"","ping_status":"","sticky":false,"template":"","format":"standard","meta":{"footnotes":""},"categories":[5],"tags":[23,28,29,32,33,22,4145,1935,30,31,35,39,38,36,37,34,444,40,20,26,27,24,25,21],"class_list":{"0":"post-94490","1":"post","2":"type-post","3":"status-publish","4":"format-standard","5":"has-post-thumbnail","7":"category-aktualitates","8":"tag-aktualitates","9":"tag-breaking-news","10":"tag-breakingnews","11":"tag-featured-news","12":"tag-featurednews","13":"tag-headlines","14":"tag-kabelis","15":"tag-kugis","16":"tag-latest-news","17":"tag-latestnews","18":"tag-latvia","19":"tag-latvian","20":"tag-latviesu","21":"tag-latviesu-valoda","22":"tag-latviesuvaloda","23":"tag-latvija","24":"tag-liepaja","25":"tag-lv","26":"tag-news","27":"tag-popularakas-zinas","28":"tag-popularakaszinas","29":"tag-top-stories","30":"tag-topstories","31":"tag-zinas"},"share_on_mastodon":{"url":"https:\/\/pubeurope.com\/@lv\/115838626194079704","error":""},"_links":{"self":[{"href":"https:\/\/www.europesays.com\/lv\/wp-json\/wp\/v2\/posts\/94490","targetHints":{"allow":["GET"]}}],"collection":[{"href":"https:\/\/www.europesays.com\/lv\/wp-json\/wp\/v2\/posts"}],"about":[{"href":"https:\/\/www.europesays.com\/lv\/wp-json\/wp\/v2\/types\/post"}],"author":[{"embeddable":true,"href":"https:\/\/www.europesays.com\/lv\/wp-json\/wp\/v2\/users\/2"}],"replies":[{"embeddable":true,"href":"https:\/\/www.europesays.com\/lv\/wp-json\/wp\/v2\/comments?post=94490"}],"version-history":[{"count":0,"href":"https:\/\/www.europesays.com\/lv\/wp-json\/wp\/v2\/posts\/94490\/revisions"}],"wp:featuredmedia":[{"embeddable":true,"href":"https:\/\/www.europesays.com\/lv\/wp-json\/wp\/v2\/media\/94491"}],"wp:attachment":[{"href":"https:\/\/www.europesays.com\/lv\/wp-json\/wp\/v2\/media?parent=94490"}],"wp:term":[{"taxonomy":"category","embeddable":true,"href":"https:\/\/www.europesays.com\/lv\/wp-json\/wp\/v2\/categories?post=94490"},{"taxonomy":"post_tag","embeddable":true,"href":"https:\/\/www.europesays.com\/lv\/wp-json\/wp\/v2\/tags?post=94490"}],"curies":[{"name":"wp","href":"https:\/\/api.w.org\/{rel}","templated":true}]}}